{"id":624912,"date":"2025-12-27T08:54:22","date_gmt":"2025-12-27T08:54:22","guid":{"rendered":"https:\/\/www.europesays.com\/fr\/624912\/"},"modified":"2025-12-27T08:54:22","modified_gmt":"2025-12-27T08:54:22","slug":"audiences-le-retour-de-la-chanson-secrete-sur-tf1-a-t-il-pris-la-tete-face-a-la-serie-le-comte-de-monte-cristo-sur-france-2","status":"publish","type":"post","link":"https:\/\/www.europesays.com\/fr\/624912\/","title":{"rendered":"Audiences : Le retour de \u00ab\u00a0La chanson secr\u00e8te\u00a0\u00bb sur TF1 a-t-il pris la t\u00eate face \u00e0 la s\u00e9rie \u00ab\u00a0Le Comte de Monte-Cristo\u00a0\u00bb sur France 2 ?"},"content":{"rendered":"<p>                <img loading=\"lazy\" decoding=\"async\" src=\"https:\/\/www.europesays.com\/fr\/wp-content\/uploads\/2025\/04\/44a3c032d1b1825f-35x35-4.jpg\" class=\"author-article-picture\" width=\"35\" height=\"35\"\/><\/p>\n<p>                    Par<\/p>\n<p>                                            Jeremy Aknin<\/p>\n<p>                    |<\/p>\n<p>                                            Journaliste<\/p>\n<p>\n                N\u00e9 \u00e0 Marseille lors du si\u00e8cle dernier, ville o\u00f9 le soleil est pr\u00e9sent \u00e0 l&rsquo;ann\u00e9e, J\u00e9r\u00e9my a rejoint l&rsquo;\u00e9quipe Puremedias en F\u00e9vrier 2025. Passionn\u00e9 d&rsquo;audiences t\u00e9l\u00e9, il scrute et analyse les chiffres depuis son plus jeune \u00e2ge. C&rsquo;est \u00e9galement un grand fan de s\u00e9ries et d&rsquo;\u00e9missions t\u00e9l\u00e9 !\n            <\/p>\n<p>\n    \u00ab\u00a0La chanson secr\u00e8te\u00a0\u00bb, \u00ab\u00a0Le Comte de Monte-Cristo\u00a0\u00bb, \u00ab\u00a0La meilleure chorale de France\u00a0\u00bb, \u00ab\u00a0Cendrillon\u00a0\u00bb,&#8230; Les audiences de la soir\u00e9e du vendredi 26 d\u00e9cembre 2025.\n<\/p>\n<p>                            <img loading=\"lazy\" decoding=\"async\" class=\"player-thumbnail\" src=\"https:\/\/www.europesays.com\/fr\/wp-content\/uploads\/2025\/12\/6944da744ab50302-580x326-1.jpg\" width=\"580\" height=\"326\"\/><\/p>\n<p>                            Comment sont mesur\u00e9es les audiences t\u00e9l\u00e9 ?<\/p>\n<p>La suite apr\u00e8s la publicit\u00e9<\/p>\n<p>                            <img decoding=\"async\" class=\"article-audience-img\" src=\"https:\/\/www.europesays.com\/fr\/wp-content\/uploads\/2025\/04\/1.jpg\" alt=\"TF1\"\/><\/p>\n<p>\n                    LA CHANSON SECRETE<br \/>\n                    VARIETES\n                <\/p>\n<p>\n                    2 891 000 t\u00e9l\u00e9spectateurs\n                <\/p>\n<p>                            <img decoding=\"async\" class=\"article-audience-img\" src=\"https:\/\/www.europesays.com\/fr\/wp-content\/uploads\/2025\/04\/2.jpg\" alt=\"France 2\"\/><\/p>\n<p>\n                    LE COMTE DE MONTE-CRISTO (BILLE AUGUST) \\ EPISODE PILOTE<br \/>\n                    SERIE\n                <\/p>\n<p>\n                    2 309 000 t\u00e9l\u00e9spectateurs\n                <\/p>\n<p>                            <img decoding=\"async\" class=\"article-audience-img\" src=\"https:\/\/www.europesays.com\/fr\/wp-content\/uploads\/2025\/04\/3.jpg\" alt=\"France 3\"\/><\/p>\n<p>\n                    LA MEILLEURE CHORALE DE FRANCE &#8211; LA FINALE<br \/>\n                    JEU\n                <\/p>\n<p>\n                    1 391 000 t\u00e9l\u00e9spectateurs\n                <\/p>\n<p>                            <img decoding=\"async\" class=\"article-audience-img\" src=\"https:\/\/www.europesays.com\/fr\/wp-content\/uploads\/2025\/04\/6.jpg\" alt=\"M6\"\/><\/p>\n<p>\n                    CENDRILLON (KENNETH BRANAGH)<br \/>\n                    FILM\n                <\/p>\n<p>\n                    1 342 000 t\u00e9l\u00e9spectateurs\n                <\/p>\n<p>                            <img decoding=\"async\" class=\"article-audience-img\" src=\"https:\/\/www.europesays.com\/fr\/wp-content\/uploads\/2025\/04\/533.jpg\" alt=\"Arte\"\/><\/p>\n<p>\n                    MISS POTTER<br \/>\n                    FILM\n                <\/p>\n<p>\n                    803 000 t\u00e9l\u00e9spectateurs\n                <\/p>\n<p>    M\u00e9diam\u00e9trie &#8211; M\u00e9diamat ; reproduction interdite, tous droits r\u00e9serv\u00e9s par M\u00e9diam\u00e9trie<\/p>\n<p>Hier soir, c&rsquo;est TF1 qui s&rsquo;est plac\u00e9e en t\u00eate des audiences avec \u00ab\u00a0<a href=\"https:\/\/www.ozap.com\/actu\/la-chanson-secrete-de-retour-sur-tf1-apres-deux-ans-dabsence-qui-seront-les-invites\/652735\" target=\"_blank\" rel=\"noopener\">La chanson secr\u00e8te<\/a>\u00a0\u00bb anim\u00e9e par<a href=\"https:\/\/www.ozap.com\/personnalite\/nikos-aliagas_e274\" target=\"_blank\" rel=\"noopener\"> Nikos Aliagas<\/a>. Le retour de l&rsquo;\u00e9mission, apr\u00e8s deux ans d&rsquo;absence, a attir\u00e9 <strong>2,89 millions <\/strong>de t\u00e9l\u00e9spectateurs soit <strong>17,4% de PDA sur l&rsquo;ensemble du public <\/strong>et <strong>22,6% de PDA sur les FRDA-50 <\/strong>de 21h15<strong> <\/strong>\u00e0 22h11<strong> <\/strong>puis <strong>2,52 millions <\/strong>de t\u00e9l\u00e9spectateurs soit <strong>19,5% de PDA sur l&rsquo;ensemble du public <\/strong>et <strong>25,3% de PDA sur les FRDA-50 <\/strong>de 22h20<strong> <\/strong>\u00e0 23h38. La derni\u00e8re diffusion de cette \u00e9mission, le vendredi 29 d\u00e9cembre 2023, avait attir\u00e9 3,24 million de t\u00e9l\u00e9spectateurs (17,3% de PDA 4+ et 19,8% de PDA FRDA-50) puis 2,83 millions de t\u00e9l\u00e9spectateurs (18,2% de PDA 4+).<\/p>\n<p>\u00c0 lire aussi : <a href=\"https:\/\/www.ozap.com\/actu\/la-chanson-secrete-de-retour-sur-tf1-helena-marine-qui-seront-les-invites-de-lemission-ce-soir\/653045\" target=\"_blank\" rel=\"noopener\">\u00ab\u00a0La chanson secr\u00e8te\u00a0\u00bb de retour sur TF1 : Helena, Marine&#8230; Qui seront les invit\u00e9s de l\u2019\u00e9mission ce soir ?<\/a><\/p>\n<p>Sur la journ\u00e9e, c&rsquo;est TF1 qui est en t\u00eate avec une moyenne de <strong>19,3%<\/strong> devant France 2 \u00e0 <strong>15,2%<\/strong>. On retrouve ensuite France 3 \u00e0 <strong>7,9%<\/strong> et M6 \u00e0 <strong>7,7%<\/strong>. Arte est cinqui\u00e8me avec une journ\u00e9e \u00e0 <strong>3,1%<\/strong> et devance W9 (<strong>2,8%<\/strong>), France 5 (<strong>2,5%<\/strong>), 6ter (<strong>2,3%<\/strong>) ou encore TMC et RMC Story (<strong>2,2%<\/strong>).<\/p>\n<p>\u00ab\u00a0Le Comte de Monte-Cristo\u00a0\u00bb d\u00e9\u00e7oit sur France 2<\/p>\n<p>En deuxi\u00e8me position, c&rsquo;est France 2 avec la s\u00e9rie \u00ab\u00a0<a href=\"https:\/\/www.ozap.com\/actu\/france-2-annonce-la-date-de-diffusion-de-sa-serie-internationale-adaptee-du-comte-de-monte-cristo\/652748\" target=\"_blank\" rel=\"noopener\">Le Comte de Monte-Cristo<\/a>\u00ab\u00a0. Les deux premiers \u00e9pisodes de cette adaptation en s\u00e9rie, co-produite par France T\u00e9l\u00e9visions et la Ra\u00ef italienne, ont rassembl\u00e9 <strong>2,25 millions <\/strong>de t\u00e9l\u00e9spectateurs soit <strong>14,0% de PDA sur l&rsquo;ensemble du public <\/strong>et <strong>9,8% de PDA sur les FRDA-50<\/strong>. La semaine derni\u00e8re, le t\u00e9l\u00e9film in\u00e9dit \u00ab\u00a0Les trois brestoises\u00a0\u00bb avait \u00e9t\u00e9 suivi par 4,49 millions de t\u00e9l\u00e9spectateurs (25,8% de PDA 4+ et 8,2% de PDA FRDA-50).<\/p>\n<p>\u00c0 la troisi\u00e8me position, on retrouve France 3 avec \u00ab\u00a0La meilleure chorale de France\u00a0\u00bb. Anim\u00e9e par Laurent Luyat et Magali Ripoll, cette soir\u00e9e a \u00e9t\u00e9 suivie par <strong>1,39 million <\/strong>de t\u00e9l\u00e9spectateurs soit <strong>9,1% de PDA sur l&rsquo;ensemble du public <\/strong>et <strong>2,9% de PDA sur les FRDA-50<\/strong>. Vendredi dernier, le lancement avait rassembl\u00e9 1,44 million de t\u00e9l\u00e9spectateurs (9,3% de PDA 4+ et 1,7% de PDA FRDA-50).<\/p>\n<p>\u00ab\u00a0Cendrillon\u00a0\u00bb attire les FRDA sur M6, Arte en forme<\/p>\n<p>                            <img decoding=\"async\" class=\"article-audience-img\" src=\"https:\/\/www.europesays.com\/fr\/wp-content\/uploads\/2025\/04\/43.jpg\" alt=\"TFX\"\/><\/p>\n<p>\n                    MOI MOCHE ET MECHANT 2<br \/>\n                    FILM\n                <\/p>\n<p>\n                    473 000 t\u00e9l\u00e9spectateurs\n                <\/p>\n<p>                            <img decoding=\"async\" class=\"article-audience-img\" src=\"https:\/\/www.europesays.com\/fr\/wp-content\/uploads\/2025\/04\/336.jpg\" alt=\"W9\"\/><\/p>\n<p>\n                    ENQUETE D&rsquo;ACTION \\ REVEILLON A HAUT RISQUE : LES POMPIERS DE TOULOUSE EN ALERTE<br \/>\n                    MAGAZINE\n                <\/p>\n<p>\n                    392 000 t\u00e9l\u00e9spectateurs\n                <\/p>\n<p>                            <img decoding=\"async\" class=\"article-audience-img\" src=\"https:\/\/www.europesays.com\/fr\/wp-content\/uploads\/2025\/04\/499.jpg\" alt=\"CSTAR\"\/><\/p>\n<p>\n                    BILLY ELLIOT<br \/>\n                    FILM\n                <\/p>\n<p>\n                    365 000 t\u00e9l\u00e9spectateurs\n                <\/p>\n<p>                            <img decoding=\"async\" class=\"article-audience-img\" src=\"https:\/\/www.europesays.com\/fr\/wp-content\/uploads\/2025\/04\/723.jpg\" alt=\"TF1 Series Film\"\/><\/p>\n<p>\n                    NEW YORK UNITE SPECIALE \\ LE PLAN<br \/>\n                    SERIE\n                <\/p>\n<p>\n                    388 000 t\u00e9l\u00e9spectateurs\n                <\/p>\n<p>                            <img decoding=\"async\" class=\"article-audience-img\" src=\"https:\/\/www.europesays.com\/fr\/wp-content\/uploads\/2025\/04\/725.jpg\" alt=\"6ter\"\/><\/p>\n<p>\n                    HAWAII 5-0 \\ UA HALA<br \/>\n                    SERIE\n                <\/p>\n<p>\n                    346 000 t\u00e9l\u00e9spectateurs\n                <\/p>\n<p>                            <img decoding=\"async\" class=\"article-audience-img\" src=\"https:\/\/www.europesays.com\/fr\/wp-content\/uploads\/2025\/10\/728.jpg\" alt=\"RMC Life\"\/><\/p>\n<p>\n                    CASTLE \\ LA MORT DE NIKKI<br \/>\n                    SERIE\n                <\/p>\n<p>\n                    310 000 t\u00e9l\u00e9spectateurs\n                <\/p>\n<p>                            <img decoding=\"async\" class=\"article-audience-img\" src=\"https:\/\/www.europesays.com\/fr\/wp-content\/uploads\/2025\/04\/532.jpg\" alt=\"Gulli\"\/><\/p>\n<p>\n                    LES 100 VIDEOS QUI ONT FAIT RIRE LE MONDE \\ SPECIALE QUAND NOEL DERAPE<br \/>\n                    HUMOUR\n                <\/p>\n<p>\n                    284 000 t\u00e9l\u00e9spectateurs\n                <\/p>\n<p>                            <img decoding=\"async\" class=\"article-audience-img\" src=\"https:\/\/www.europesays.com\/fr\/wp-content\/uploads\/2025\/04\/534.jpg\" alt=\"France 5\"\/><\/p>\n<p>\n                    LA BELLE AU BOIS DORMANT \\ DEPUIS L&rsquo;OPERA NATIONAL DE PARIS<br \/>\n                    OPERA\n                <\/p>\n<p>\n                    254 000 t\u00e9l\u00e9spectateurs\n                <\/p>\n<p>                            <img decoding=\"async\" class=\"article-audience-img\" src=\"https:\/\/www.europesays.com\/fr\/wp-content\/uploads\/2025\/04\/726.jpg\" alt=\"RMC Story\"\/><\/p>\n<p>\n                    LA TELE DE FORESTI<br \/>\n                    HUMOUR\n                <\/p>\n<p>\n                    250 000 t\u00e9l\u00e9spectateurs\n                <\/p>\n<p>                            <img decoding=\"async\" class=\"article-audience-img\" src=\"https:\/\/www.europesays.com\/fr\/wp-content\/uploads\/2025\/04\/727.jpg\" alt=\"RMC D\u00e9couverte\"\/><\/p>\n<p>\n                    J&rsquo;IRAI DORMIR CHEZ VOUS&#8230; \\ FINLANDE<br \/>\n                    DOCUMENTAIRE\n                <\/p>\n<p>\n                    239 000 t\u00e9l\u00e9spectateurs\n                <\/p>\n<p>                            <img decoding=\"async\" class=\"article-audience-img\" src=\"https:\/\/www.europesays.com\/fr\/wp-content\/uploads\/2025\/04\/13.jpg\" alt=\"TMC\"\/><\/p>\n<p>\n                    MARCHES DE NOEL ET GRANDS MAGASINS : DANS LES PREPARATIFS DU PLUS GROS BUSINESS DE L&rsquo;ANNEE<br \/>\n                    DOCUMENTAIRE\n                <\/p>\n<p>\n                    188 000 t\u00e9l\u00e9spectateurs\n                <\/p>\n<p>                            <img decoding=\"async\" class=\"article-audience-img\" src=\"https:\/\/www.europesays.com\/fr\/wp-content\/uploads\/2025\/04\/4.jpg\" alt=\"Canal+\"\/><\/p>\n<p>\n                    EMISSIONS CRYPTEES<br \/>\n                    AUTRES\n                <\/p>\n<p>\n                    40 000 t\u00e9l\u00e9spectateurs\n                <\/p>\n<p>    M\u00e9diam\u00e9trie &#8211; M\u00e9diamat ; reproduction interdite, tous droits r\u00e9serv\u00e9s par M\u00e9diam\u00e9trie<\/p>\n<p>M6 est quatri\u00e8me avec le film Disney en rediffusion \u00ab\u00a0Cendrillon\u00a0\u00bb. Cette adaptation en film du dessin anim\u00e9 avec Lily James ou encore Cate Blanchett a \u00e9t\u00e9 suivie par <strong>1,34 million <\/strong>de cin\u00e9philes soit <strong>8,5% de PDA sur l&rsquo;ensemble du public <\/strong>et <strong>16,0% de PDA sur les FRDA-50<\/strong>. Il y a une semaine, la finale de \u00ab\u00a0P\u00e9kin Express\u00a0\u00bb avait attir\u00e9 1,31 million de t\u00e9l\u00e9spectateurs (7,3% de PDA 4+ et 13,1% de PDA FRDA-50) puis 1,21 million de t\u00e9l\u00e9spectateurs (9,5% de PDA 4+ et 16,6% de PDA FRDA-50).<br \/>\u00a0<br \/>Arte est une nouvelle fois en forme avec le film \u00ab\u00a0Miss Potter\u00a0\u00bb suivi par <strong>803.000<\/strong> t\u00e9l\u00e9spectateurs soit <strong>4,9% de PDA sur l&rsquo;ensemble du public <\/strong>et <strong>3,2% de PDA sur les FRDA-50<\/strong>.<br \/>\u00a0<\/p>\n","protected":false},"excerpt":{"rendered":"Par Jeremy Aknin | Journaliste N\u00e9 \u00e0 Marseille lors du si\u00e8cle dernier, ville o\u00f9 le soleil est pr\u00e9sent&hellip;\n","protected":false},"author":2,"featured_media":624913,"comment_status":"","ping_status":"","sticky":false,"template":"","format":"standard","meta":{"footnotes":""},"categories":[1356],"tags":[58,59,1011,27,252,1364],"class_list":{"0":"post-624912","1":"post","2":"type-post","3":"status-publish","4":"format-standard","5":"has-post-thumbnail","7":"category-television","8":"tag-divertissement","9":"tag-entertainment","10":"tag-fr","11":"tag-france","12":"tag-television","13":"tag-tv"},"share_on_mastodon":{"url":"https:\/\/pubeurope.com\/@fr\/115790695001411022","error":""},"_links":{"self":[{"href":"https:\/\/www.europesays.com\/fr\/wp-json\/wp\/v2\/posts\/624912","targetHints":{"allow":["GET"]}}],"collection":[{"href":"https:\/\/www.europesays.com\/fr\/wp-json\/wp\/v2\/posts"}],"about":[{"href":"https:\/\/www.europesays.com\/fr\/wp-json\/wp\/v2\/types\/post"}],"author":[{"embeddable":true,"href":"https:\/\/www.europesays.com\/fr\/wp-json\/wp\/v2\/users\/2"}],"replies":[{"embeddable":true,"href":"https:\/\/www.europesays.com\/fr\/wp-json\/wp\/v2\/comments?post=624912"}],"version-history":[{"count":0,"href":"https:\/\/www.europesays.com\/fr\/wp-json\/wp\/v2\/posts\/624912\/revisions"}],"wp:featuredmedia":[{"embeddable":true,"href":"https:\/\/www.europesays.com\/fr\/wp-json\/wp\/v2\/media\/624913"}],"wp:attachment":[{"href":"https:\/\/www.europesays.com\/fr\/wp-json\/wp\/v2\/media?parent=624912"}],"wp:term":[{"taxonomy":"category","embeddable":true,"href":"https:\/\/www.europesays.com\/fr\/wp-json\/wp\/v2\/categories?post=624912"},{"taxonomy":"post_tag","embeddable":true,"href":"https:\/\/www.europesays.com\/fr\/wp-json\/wp\/v2\/tags?post=624912"}],"curies":[{"name":"wp","href":"https:\/\/api.w.org\/{rel}","templated":true}]}}