{"id":624920,"date":"2025-12-27T08:58:15","date_gmt":"2025-12-27T08:58:15","guid":{"rendered":"https:\/\/www.europesays.com\/fr\/624920\/"},"modified":"2025-12-27T08:58:15","modified_gmt":"2025-12-27T08:58:15","slug":"mort-de-jean-louis-gasset-expert-des-hommes-et-amoureux-de-ce-sport-il-etait-au-coeur-du-jeu","status":"publish","type":"post","link":"https:\/\/www.europesays.com\/fr\/624920\/","title":{"rendered":"Mort de Jean-Louis Gasset\u00a0: expert des hommes et amoureux de ce sport, il \u00e9tait au c\u0153ur du jeu"},"content":{"rendered":"<p>\n                                                                Ancien joueur et entra\u00eeneur de Montpellier, pass\u00e9 par l\u2019OM, le PSG ou la C\u00f4te-d\u2019Ivoire, Jean-Louis Gasset s\u2019est \u00e9teint \u00e0 72 ans, vendredi 26\u00a0d\u00e9cembre. Emportant avec lui une passion d\u00e9vorante et communicative pour le ballon rond et l\u2019humain.\n                            <\/p>\n<p>Il \u00e9tait une voix, \u00e9raill\u00e9e, consum\u00e9e par le tabac. Il \u00e9tait un visage, burin\u00e9 par le temps et la vie au grand air, au plus pr\u00e8s des terrains. Il \u00e9tait une casquette, aussi, viss\u00e9e invariablement sur ce cr\u00e2ne transperc\u00e9 par deux petits yeux bleus. Mais surtout, Jean-Louis Gasset \u00e9tait beaucoup de ce jeu, amoureux boulimique de ce ballon rond qui a tout ou presque construit de sa vie. Celle-ci, comme le ballon, a arr\u00eat\u00e9 soudainement de rouler, vendredi.<\/p>\n<p>L\u2019ancien joueur, \u00e9ducateur ou entra\u00eeneur du Montpellier H\u00e9rault SC, pass\u00e9 par l\u2019Olympique de Marseille, le Paris Saint-Germain, Saint-\u00c9tienne ou la C\u00f4te-d\u2019Ivoire, a tir\u00e9 sa r\u00e9v\u00e9rence \u00e0 72 ans, au lendemain du r\u00e9veillon de No\u00ebl. Un ultime pied de nez d\u2019un homme \u00e0 part, tomb\u00e9 dans la marmite de la Paillade d\u00e8s son plus jeune \u00e2ge, dans les pas de son p\u00e8re Bernard, co-fondateur du club et immense ami de Louis Nicollin.<\/p>\n<p>Apr\u00e8s la retraite, l\u2019improbable retour<\/p>\n<p>\u201cLouis et ton p\u00e8re peuvent \u00eatre fiers. Repose-toi bien\u201d, lui avait \u00e9crit en substance Colette Nicollin en avril dernier, au moment o\u00f9 Gasset raccrochait une toute derni\u00e8re fois ses habits de coach pailladin. Il avait vu dans ces mots \u00ab\u00a0le d\u00e9but de sa th\u00e9rapie\u00a0\u00bb\u00a0apr\u00e8s avoir boucl\u00e9 la boucle l\u00e0 o\u00f9 tout avait commenc\u00e9, \u00e0 Montpellier.<\/p>\n<p class=\"std-elt__inline\">\n        <strong>\u00c0 lire aussi :<\/strong><br \/>\n        <a href=\"https:\/\/www.midilibre.fr\/2025\/05\/26\/mhsc-cest-terrible-de-dire-jarrete-les-confidences-de-jean-louis-gasset-lex-entraineur-montpellierain-12721287.php\" target=\"_blank\" rel=\"noopener\">MHSC\u00a0: \u00ab\u00a0C\u2019est terrible de dire\u00a0: J\u2019arr\u00eate\u00a0\u00bb, les confidences de Jean-Louis Gasset, l\u2019ex-entra\u00eeneur montpelli\u00e9rain<\/a>\n    <\/p>\n<p>De ces racines, de cette loyaut\u00e9 qu\u2019il ch\u00e9rissait, \u00e9tait n\u00e9 son improbable retour, en octobre\u00a02024. Apr\u00e8s cinquante ans d\u2019une carri\u00e8re \u00e9tir\u00e9e \u00ab\u00a0jusqu\u2019au bout de la bougie\u00a0\u00bb, pour reprendre une m\u00e9taphore qui lui \u00e9tait ch\u00e8re, Gasset \u00e9tait sorti de sa retraite. La mission avait beau \u00eatre p\u00e9rilleuse, \u00e0 la t\u00eate d\u2019une \u00e9quipe moribonde min\u00e9e par les r\u00e9sultats et les finances, cet amoureux de p\u00e9tanque avait lanc\u00e9 la boule, une derni\u00e8re fois.<\/p>\n<p>        <img decoding=\"async\" class=\"std-img__img responsive-img\" src=\"https:\/\/www.europesays.com\/fr\/wp-content\/uploads\/2025\/12\/1766825895_628_image.jpg\" alt=\"Milieu rugueux, Jean-Louis Gasset (en rouge) a disput\u00e9 263 matches sous les couleurs de la Paillade.\"\/><\/p>\n<p>                Milieu rugueux, Jean-Louis Gasset (en rouge) a disput\u00e9 263 matches sous les couleurs de la Paillade.<br \/>\n                                    Midi Libre &#8211; SCANNER<\/p>\n<p>\u00ab\u00a0Si je n\u2019y \u00e9tais pas all\u00e9, j\u2019aurais eu du mal \u00e0 me regarder en me rasant. Mon p\u00e8re m\u2019aurait dit de tout si je n\u2019y \u00e9tais pas all\u00e9. Je n\u2019ai pas r\u00e9ussi cette mission pour diff\u00e9rentes raisons, mais j\u2019ai tout tent\u00e9\u00a0\u00bb, confiait-il \u00e0 Midi Libre en mai dernier, apr\u00e8s avoir raccroch\u00e9 d\u00e9finitivement le tablier, \u00ab\u00a0fatigu\u00e9\u00a0\u00bb\u00a0par un dernier challenge chez lui.<\/p>\n<p>Tout connu au MHSC, ombre lumineuse de Laurent Blanc<\/p>\n<p>L\u00e0, avant m\u00eame le MHSC, Jean-Louis Gasset avait commenc\u00e9 par l\u2019\u00e9quipe corpo du groupe Nicollin. Puis ce milieu rugueux avait tout connu, de la DH \u00e0 l\u2019\u00e9lite. Une mani\u00e8re de gravir pas \u00e0 pas, appliqu\u00e9e \u00e0 sa \u00ab\u00a0seconde vie\u00a0\u00bb, celle d\u2019entra\u00eeneur, du centre de formation montpelli\u00e9rain aux soir\u00e9es europ\u00e9ennes enflamm\u00e9es du Parc des Princes ou du V\u00e9lodrome, en passant par ces matches internationaux sur le banc des Bleus.<\/p>\n<p class=\"std-elt__inline\">\n        <strong>\u00c0 lire aussi :<\/strong><br \/>\n        <a href=\"https:\/\/www.midilibre.fr\/2025\/05\/26\/on-les-a-tous-degonfles-tu-navais-jamais-entraine-zlatan-jean-louis-gasset-ouvre-le-livre-de-ses-souvenirs-12721309.php\" target=\"_blank\" rel=\"noopener\">\u00ab\u00a0On les a tous d\u00e9gonfl\u00e9s\u00a0\u00bb, \u00ab\u00a0tu n\u2019avais jamais entra\u00een\u00e9 Zlatan\u00a0\u00bb\u00a0: Jean-Louis Gasset ouvre le livre de ses souvenirs<\/a>\n    <\/p>\n<p>Avant Ghislan Printant, pr\u00e9cieux adjoint des dix derni\u00e8res ann\u00e9es, le d\u00e9nominateur commun de certaines de ces grandes aventures avait \u00e9t\u00e9 Laurent Blanc. Et Gasset son bras droit lumineux dans l\u2019ombre, appr\u00e9ci\u00e9 des plus grands, de Zlatan Ibrahimovic notamment qui en avait fait l\u2019\u00e9loge apr\u00e8s leurs ann\u00e9es ensemble au PSG. \u00ab\u00a0Avec Laurent, on \u00e9tait comme Laurel et Hardy, disait Gasset dans ces colonnes. On se r\u00e9partissait les r\u00f4les pour n\u00e9gocier avec un joueur ou causer dans le vestiaire. Entre nous, il y avait une cl\u00e9 essentielle\u00a0: la confiance.\u00a0\u00bb<\/p>\n<p>L\u2019art et la mani\u00e8re de la causerie<\/p>\n<p>Ce pilier de leur relation aura aussi \u00e9t\u00e9 celui de Gasset tout court, autant technicien que fin connaisseur de la chose humaine, de cette mati\u00e8re imperceptible qui unit un groupe. Pour cimenter ces collectifs, arm\u00e9 de son regard per\u00e7ant et d\u2019un humour bien plus fin que de prime abord, Gasset n\u2019avait pas son pareil dans l\u2019art de la causerie.<\/p>\n<p class=\"std-elt__inline\">\n        <strong>\u00c0 lire aussi :<\/strong><br \/>\n        <a href=\"https:\/\/www.midilibre.fr\/2025\/12\/21\/jean-louis-gasset-echange-avec-les-educateurs-sur-la-causerie-13123821.php\" target=\"_blank\" rel=\"noopener\">Jean-Louis Gasset \u00e9change avec les \u00e9ducateurs sur la causerie<\/a>\n    <\/p>\n<p>Cela avait \u00e9t\u00e9 l\u2019objet d\u2019une de ses derni\u00e8res apparitions, le 19\u00a0d\u00e9cembre. \u00c0 Lattes, face aux \u00e9ducateurs du club, il avait \u00e9voqu\u00e9 ce moment privil\u00e9gi\u00e9. \u00ab\u00a0On ne gagne pas tous les matches, mais on apprend \u00e0 tous les gagner\u00a0\u00bb, avait-il souffl\u00e9.<\/p>\n<p>\u00c0 Grammont, Gasset avait un jour r\u00e9ussi \u00e0 \u00e9lectriser la salle de presse. Par sa seule mani\u00e8re de distiller les cl\u00e9s de son discours \u00e0 venir lors du prochain match, il avait envo\u00fbt\u00e9 de simples journalistes.<\/p>\n<p>VHS \u00e0 Saint-Georges-d\u2019Orques et nuits courtes \u00e0 Grammont<\/p>\n<p>\u00ab\u00a0Tout ce que l\u2019on a fait hier est fait, en revanche, on peut d\u00e9cider de ce que l\u2019on va faire demain.\u00a0\u00bb\u00a0Sa devise disait beaucoup du personnage, \u00e9branl\u00e9 en 2017 par le d\u00e9c\u00e8s de son \u00e9pouse Andr\u00e9e, et passionn\u00e9 compulsif par ce jeu dont il a l\u00e9gu\u00e9 l\u2019amour \u00e0 son fils Robin, actuel entra\u00eeneur-adjoint des gardiens du MHSC.<\/p>\n<p>Bien avant l\u2019apparition des \u201cgains marginaux\u201d, Gasset visionnait sur cassette VHS des dizaines de matches. Dans son bureau de Saint-Georges-d\u2019Orques, il pla\u00e7ait ses pions sur son tableau, avide de ces petits riens qui feront tout et l\u2019obs\u00e9daient. Jusqu\u2019\u00e0 plus soif au moment de parler foot, ce qu\u2019il faisait depuis peu aupr\u00e8s de la cha\u00eene Ligue 1 +. Ou jusqu\u2019\u00e0 ne pas en dormir la nuit. Comme lors de son dernier passage au MHSC, parfois pass\u00e9 seul sur un lit du centre d\u2019entra\u00eenement \u00e0 la recherche de ce diable de d\u00e9tail.<\/p>\n<p class=\"std-elt__inline\">\n        <strong>\u00c0 lire aussi :<\/strong><br \/>\n        <a href=\"https:\/\/www.midilibre.fr\/2025\/04\/10\/honneur-et-respect-jean-louis-gasset-les-ultras-du-mhsc-rendent-hommage-a-lex-entraineur-12628626.php\" target=\"_blank\" rel=\"noopener\">\u00ab\u00a0Honneur et respect Jean-Louis Gasset\u00a0\u00bb\u00a0: les Ultras du MHSC rendent hommage \u00e0 l\u2019ex-entra\u00eeneur<\/a>\n    <\/p>\n<p>Il n\u2019aura pas d\u00e9nich\u00e9 le tout dernier. Mais les plus fervents des amoureux du MHSC avaient su lui rendre justice au moment de son d\u00e9part. \u00ab\u00a0Honneur et respect Jean-Louis Gasset\u00a0\u00bb, avait \u00e9crit la Butte Paillade sur une banderole d\u00e9ploy\u00e9e \u00e0 l\u2019entr\u00e9e du centre d\u2019entra\u00eenement qui porte le nom de son p\u00e8re. Un au revoir qu\u2019ils ne pensaient pas \u00eatre un adieu \u00e0 l\u2019une des plus grandes figures de ce club et de ce jeu. Elle leur manquera.<\/p>\n<p>    Jean-Louis Gasset en bref<\/p>\n<p><strong>Naissance\u00a0:<\/strong> le 9\u00a0d\u00e9cembre 1953 \u00e0 Montpellier.<br \/>Fils du co-fondateur du MHSC Bernard Gasset.<\/p>\n<p><strong>Carri\u00e8re de joueur\u00a0:<\/strong> B\u00e9ziers (1974-75\/D2), Montpellier (DH \u00e0 D1, 263 matches de 1975 \u00e0 1985).<\/p>\n<p><strong>Poste\u00a0:<\/strong> milieu de terrain.<\/p>\n<p><strong>Parcours d\u2019entra\u00eeneur\u00a0:<\/strong> Montpellier de 1991 \u00e0 1999\u00a0; Caen 2000-2001\u00a0; Paris SG 2001-2003 (adjoint de Luis Fernandez)\u00a0; Espanyol Barcelone 2003-2004 (adjoint de Luis Fernandez)\u00a0; Istres 2005-2006\u00a0; Bordeaux 2007-2010 (adjoint de Laurent Blanc)\u00a0; \u00e9quipe de France 2010-2012 (adjoint de Laurent Blanc)\u00a0; Paris SG 2013-2016 (adjoint de Laurent Blanc)\u00a0; Montpellier 2017\u00a0; Saint-\u00c9tienne 2017-2019\u00a0; Bordeaux 2020-2021\u00a0; s\u00e9lectionneur de la C\u00f4te-d\u2019Ivoire 2022-2024\u00a0; 2024 Marseille\u00a0; 2024-2025 Montpellier.<\/p>\n<p><strong>Principaux titres\u00a0:<\/strong> 4 championnats de France (2009, 2014, 2015, 2016), 4 Coupes de la Ligue (2009, 2014, 2015, 2016), 2 Coupes de France (2015, 2016), 5 Troph\u00e9es des champions (2008, 2009, 2014, 2015, 2016).<\/p>\n","protected":false},"excerpt":{"rendered":"Ancien joueur et entra\u00eeneur de Montpellier, pass\u00e9 par l\u2019OM, le PSG ou la C\u00f4te-d\u2019Ivoire, Jean-Louis Gasset s\u2019est \u00e9teint&hellip;\n","protected":false},"author":2,"featured_media":624921,"comment_status":"","ping_status":"","sticky":false,"template":"","format":"standard","meta":{"footnotes":""},"categories":[9],"tags":[63,1011,27,7089,2208,517,60],"class_list":{"0":"post-624920","1":"post","2":"type-post","3":"status-publish","4":"format-standard","5":"has-post-thumbnail","7":"category-sports","8":"tag-football","9":"tag-fr","10":"tag-france","11":"tag-herault","12":"tag-montpellier","13":"tag-sport","14":"tag-sports"},"share_on_mastodon":{"url":"https:\/\/pubeurope.com\/@fr\/115790710302557288","error":""},"_links":{"self":[{"href":"https:\/\/www.europesays.com\/fr\/wp-json\/wp\/v2\/posts\/624920","targetHints":{"allow":["GET"]}}],"collection":[{"href":"https:\/\/www.europesays.com\/fr\/wp-json\/wp\/v2\/posts"}],"about":[{"href":"https:\/\/www.europesays.com\/fr\/wp-json\/wp\/v2\/types\/post"}],"author":[{"embeddable":true,"href":"https:\/\/www.europesays.com\/fr\/wp-json\/wp\/v2\/users\/2"}],"replies":[{"embeddable":true,"href":"https:\/\/www.europesays.com\/fr\/wp-json\/wp\/v2\/comments?post=624920"}],"version-history":[{"count":0,"href":"https:\/\/www.europesays.com\/fr\/wp-json\/wp\/v2\/posts\/624920\/revisions"}],"wp:featuredmedia":[{"embeddable":true,"href":"https:\/\/www.europesays.com\/fr\/wp-json\/wp\/v2\/media\/624921"}],"wp:attachment":[{"href":"https:\/\/www.europesays.com\/fr\/wp-json\/wp\/v2\/media?parent=624920"}],"wp:term":[{"taxonomy":"category","embeddable":true,"href":"https:\/\/www.europesays.com\/fr\/wp-json\/wp\/v2\/categories?post=624920"},{"taxonomy":"post_tag","embeddable":true,"href":"https:\/\/www.europesays.com\/fr\/wp-json\/wp\/v2\/tags?post=624920"}],"curies":[{"name":"wp","href":"https:\/\/api.w.org\/{rel}","templated":true}]}}