{"id":624922,"date":"2025-12-27T08:59:13","date_gmt":"2025-12-27T08:59:13","guid":{"rendered":"https:\/\/www.europesays.com\/fr\/624922\/"},"modified":"2025-12-27T08:59:13","modified_gmt":"2025-12-27T08:59:13","slug":"television-ces-chaines-iconiques-vont-disparaitre-des-ecrans-le-31-decembre-2","status":"publish","type":"post","link":"https:\/\/www.europesays.com\/fr\/624922\/","title":{"rendered":"T\u00e9l\u00e9vision. Ces\u00a0cha\u00eenes iconiques vont dispara\u00eetre des \u00e9crans le 31 d\u00e9cembre"},"content":{"rendered":"<p>C&rsquo;est un nouveau chamboulement qui attend le paysage audiovisuel fran\u00e7ais en 2026. En effet, apr\u00e8s 44 ans d&rsquo;existence, une cha\u00eene mythique va dire adieu aux t\u00e9l\u00e9spectateurs fran\u00e7ais. Une suppression qui va une nouvelle fois perturber ces derniers qui ont d\u00e9j\u00e0 assist\u00e9 \u00e0 de nombreuses modifications cette ann\u00e9e.<\/p>\n<p>L&rsquo;ann\u00e9e 2025 a \u00e9t\u00e9 marqu\u00e9 par <a href=\"https:\/\/www.bienpublic.com\/societe\/2025\/02\/27\/les-chaines-c8-et-nrj-12-s-eteignent-vendredi-qu-est-ce-que-ca-va-changer\" target=\"_blank\" rel=\"noopener\">la fermeture des cha\u00eenes C8 et NRJ12<\/a>\u00a0en f\u00e9vrier, exclues de la TNT par l&rsquo;Arcom, puis par l&rsquo;arriv\u00e9e des cha\u00eenes Novo 19 et T18 et <a href=\"https:\/\/www.bienpublic.com\/societe\/2025\/09\/17\/pourquoi-la-chaine-cherie-25-va-disparaitre-a-partir-du-1er-octobre\" target=\"_blank\" rel=\"noopener\">le remplacement de Ch\u00e9rie 25 par RMC Life<\/a>, et enfin <a href=\"https:\/\/www.bienpublic.com\/societe\/2025\/06\/06\/tnt-une-nouvelle-numerotation-et-de-nouvelles-chaines-pour-repondre-aux-plateformes\" target=\"_blank\" rel=\"noopener\">une nouvelle num\u00e9rotation des cha\u00eenes de la TNT<\/a>. En novembre dernier, Game One, J-One et Paramount Network ont \u00e9t\u00e9 supprim\u00e9es du c\u00e2ble, cons\u00e9quence de la fusion entre Paramount Global et Skydance.<\/p>\n<p>Cette fusion a \u00e9galement eu raison d&rsquo;une autre cha\u00eene, bien connu des enfants ayant grandi dans les ann\u00e9es 1990 et 2000. Le 31 d\u00e9cembre 2025, les d\u00e9clinaisons de la cha\u00eene musicale MTV cesseront d&rsquo;\u00e9mettre en France, \u00e9cras\u00e9es par la concurrence de YouTube et les plateformes musicales comme Deezer et Spotify. Cela concerne MTV Music, MTV 80s, MTV 90s, Club MTV et MTV Live.<\/p>\n<p>Plusieurs pays concern\u00e9s<\/p>\n<p>C&rsquo;est une page de la pop culture qui se tourne. Arriv\u00e9e en 1987 en Europe, MTV, seule rescap\u00e9e, a marqu\u00e9 plusieurs g\u00e9n\u00e9rations avec ses programmes iconiques comme Pimp My Ride, Next ou encore Mon incroyable anniversaire.\u00a0Mais MTV a une notori\u00e9t\u00e9 dans le monde entier et notamment pour certains \u00e9v\u00e9nements musicaux qualifi\u00e9s d&rsquo;historiques aujourd&rsquo;hui comme la premi\u00e8re diffusion du clip\u00a0Thriller de Michael Jackson, ou la performance os\u00e9e de <a href=\"https:\/\/www.bienpublic.com\/p\/madonna\" target=\"_blank\" rel=\"noopener\">Madonna<\/a> sur Like a Virgin lors des premiers MTV Video Music Awards, le 14 septembre 1984.<\/p>\n<p>La France n&rsquo;est pas le seul pays\u00a0\u00e0 dire au revoir \u00e0 ces fr\u00e9quences. Les diffusions sont\u00a0\u00e9galement interrompues au\u00a0Royaume-Uni, en Irlande, en Allemagne, en Autriche, en Pologne, en Hongrie, en Australie et au Br\u00e9sil.<\/p>\n<p>R\u00e9cemment, MTV avait renou\u00e9 quelque peu avec un public adolescent en diffusant <a href=\"https:\/\/www.bienpublic.com\/societe\/2023\/11\/23\/frenchie-shore-c-est-quoi-cette-telerealite-a-la-limite-de-la-pornographie\" target=\"_blank\" rel=\"noopener\">l&rsquo;\u00e9mission de t\u00e9l\u00e9r\u00e9alit\u00e9 Frenchie Shore<\/a>, qui avait beaucoup fait parler.<\/p>\n","protected":false},"excerpt":{"rendered":"C&rsquo;est un nouveau chamboulement qui attend le paysage audiovisuel fran\u00e7ais en 2026. En effet, apr\u00e8s 44 ans d&rsquo;existence,&hellip;\n","protected":false},"author":2,"featured_media":624801,"comment_status":"","ping_status":"","sticky":false,"template":"","format":"standard","meta":{"footnotes":""},"categories":[8],"tags":[1687,58,59,107,1011,27,329,2205],"class_list":{"0":"post-624922","1":"post","2":"type-post","3":"status-publish","4":"format-standard","5":"has-post-thumbnail","7":"category-divertissement","8":"tag-culture-loisirs","9":"tag-divertissement","10":"tag-entertainment","11":"tag-fil-info","12":"tag-fr","13":"tag-france","14":"tag-france-monde","15":"tag-television-medias"},"share_on_mastodon":{"url":"https:\/\/pubeurope.com\/@fr\/115790712870557655","error":""},"_links":{"self":[{"href":"https:\/\/www.europesays.com\/fr\/wp-json\/wp\/v2\/posts\/624922","targetHints":{"allow":["GET"]}}],"collection":[{"href":"https:\/\/www.europesays.com\/fr\/wp-json\/wp\/v2\/posts"}],"about":[{"href":"https:\/\/www.europesays.com\/fr\/wp-json\/wp\/v2\/types\/post"}],"author":[{"embeddable":true,"href":"https:\/\/www.europesays.com\/fr\/wp-json\/wp\/v2\/users\/2"}],"replies":[{"embeddable":true,"href":"https:\/\/www.europesays.com\/fr\/wp-json\/wp\/v2\/comments?post=624922"}],"version-history":[{"count":0,"href":"https:\/\/www.europesays.com\/fr\/wp-json\/wp\/v2\/posts\/624922\/revisions"}],"wp:featuredmedia":[{"embeddable":true,"href":"https:\/\/www.europesays.com\/fr\/wp-json\/wp\/v2\/media\/624801"}],"wp:attachment":[{"href":"https:\/\/www.europesays.com\/fr\/wp-json\/wp\/v2\/media?parent=624922"}],"wp:term":[{"taxonomy":"category","embeddable":true,"href":"https:\/\/www.europesays.com\/fr\/wp-json\/wp\/v2\/categories?post=624922"},{"taxonomy":"post_tag","embeddable":true,"href":"https:\/\/www.europesays.com\/fr\/wp-json\/wp\/v2\/tags?post=624922"}],"curies":[{"name":"wp","href":"https:\/\/api.w.org\/{rel}","templated":true}]}}