{"id":624925,"date":"2025-12-27T09:01:15","date_gmt":"2025-12-27T09:01:15","guid":{"rendered":"https:\/\/www.europesays.com\/fr\/624925\/"},"modified":"2025-12-27T09:01:15","modified_gmt":"2025-12-27T09:01:15","slug":"smic-controle-technique-maprimerenov-ce-qui-change-au-1er-janvier-2026","status":"publish","type":"post","link":"https:\/\/www.europesays.com\/fr\/624925\/","title":{"rendered":"Smic, contr\u00f4le technique, MaPrimeR\u00e9nov\u2019\u2026 Ce qui change au 1er janvier 2026"},"content":{"rendered":"<p>\n    Qui dit nouvelle ann\u00e9e dit nouvelles r\u00e9glementations. L\u2019ann\u00e9e 2026 n\u2019\u00e9chappera pas \u00e0 la r\u00e8gle, et avec elle viendra son lot de changements, en mati\u00e8re de pouvoir d\u2019achat, de transports ou encore d\u2019immobilier. Le Figaro fait le point.<\/p>\n<p class=\"fig-paragraph\">Chaque d\u00e9but d\u2019ann\u00e9e est marqu\u00e9 par de nombreuses nouvelles mesures entrant en vigueur, ou \u00e9volutions de r\u00e9glementations, qui viennent changer le quotidien des Fran\u00e7ais et influer sur leur budget. Ce 1er janvier 2026 n\u2019\u00e9chappe pas \u00e0 la r\u00e8gle. Pouvoir d\u2019achat,\u00a0<a href=\"https:\/\/www.lefigaro.fr\/automobile\" target=\"_blank\" data-fig-type=\"Section\" rel=\"sponsored noopener\" data-gtm-custom-categorie=\"navigation\" data-gtm-custom-action=\"crossclick\" data-gtm-custom-label=\"Contextuel\" data-gtm-event=\"customEventSPE\" data-fig-domain=\"LEFIGARO\">automobile<\/a>, placements&#8230; Le Figaro fait le point sur les principaux changements \u00e0 venir.<\/p>\n<p>                                                        Hausse des retraites de base et des minima sociaux<\/p>\n<p class=\"fig-paragraph\">Comme chaque d\u00e9but d\u2019ann\u00e9e, les\u00a0<a href=\"http:\/\/www.lefigaro.fr\/conjoncture\/simulateur-retraite-a-quel-age-allez-vous-pouvoir-finalement-partir-avec-la-suspension-de-la-reforme-20251017\" target=\"_blank\" data-fig-type=\"NewsFlash\" rel=\"noopener\" data-gtm-custom-categorie=\"navigation\" data-gtm-custom-action=\"crossclick\" data-gtm-custom-label=\"Contextuel\" data-gtm-event=\"customEventSPE\" data-fig-domain=\"LEFIGARO\">retraites<\/a>\u00a0de base et les minima sociaux seront index\u00e9s sur l\u2019inflation (hors tabac). Au 1er janvier 2026, ils seront ainsi revaloris\u00e9s de 0,9 %, moins qu\u2019en 2025 (2,2%), en raison du ralentissement de la hausse des prix. Par exemple, pour une pension de retraite de base de 1200 euros, cette revalorisation repr\u00e9sente une augmentation de 10,80 euros mensuels, qui sera visible sur le versement de f\u00e9vrier. Cette hausse ne concerne pas les r\u00e9gimes de retraite compl\u00e9mentaires.<\/p>\n<p class=\"fig-body-link\">\n            \u00c0 lire aussi<br \/>\n        <a class=\"fig-body-link__link\" href=\"http:\/\/www.lefigaro.fr\/conjoncture\/les-pensions-de-retraite-seront-revalorisees-de-0-9-au-1er-janvier-20251216\" target=\"_blank\" data-fig-type=\"NewsFlash\" rel=\"noopener\" data-gtm-custom-categorie=\"navigation\" data-gtm-custom-action=\"crossclick\" data-gtm-custom-label=\"Contextuel\" data-gtm-event=\"customEventSPE\" data-fig-domain=\"LEFIGARO\"><\/p>\n<p>        Les pensions de retraite seront revaloris\u00e9es de 0,9\u00a0% au 1er janvier<br \/>\n    <\/a>\n<\/p>\n<p>                                            <a class=\"fig-a11y-skip\" href=\"#fig-a11y-skip-main-inarticle\" data-module=\"a11y-skip\" data-context=\"was @visible\"><br \/>\n    Passer la publicit\u00e9<br \/>\n<\/a>            <\/p>\n<p>                                            Revalorisation du Smic<\/p>\n<p class=\"fig-paragraph\">Le Smic (salaire minimum interprofessionnel de croissance) est revaloris\u00e9 chaque ann\u00e9e au 1er janvier, afin de pr\u00e9server le pouvoir d\u2019achat des salari\u00e9s concern\u00e9s. Au 1er janvier 2026, il augmentera de 1,18%, soit son \u00e9volution m\u00e9canique, qui prend en compte l\u2019inflation et l\u2019\u00e9volution des salaires. Il n\u2019y aura\u00a0<a href=\"http:\/\/www.lefigaro.fr\/conjoncture\/pourquoi-les-experts-recommandent-de-ne-pas-donner-de-coup-de-pouce-au-smic-20251127\" target=\"_blank\" data-fig-type=\"Article\" rel=\"noopener\" data-gtm-custom-categorie=\"navigation\" data-gtm-custom-action=\"crossclick\" data-gtm-custom-label=\"Contextuel\" data-gtm-event=\"customEventSPE\" data-fig-domain=\"LEFIGARO\">pas de coup de pouce suppl\u00e9mentaire<\/a>\u00a0&#8211; comme chaque ann\u00e9e depuis 2012.<\/p>\n<p class=\"fig-paragraph\">Le Smic horaire brut s\u2019\u00e9l\u00e8vera ainsi \u00e0 12,02 euros (contre 11,88 euros), le Smic mensuel brut (pour un temps plein) \u00e0 1823,03 euros (contre 1801,80 euros) et le Smic mensuel net \u00e0 1443,11 euros.<\/p>\n<p class=\"fig-body-link\">\n            \u00c0 lire aussi<br \/>\n        <a class=\"fig-body-link__link\" href=\"http:\/\/www.lefigaro.fr\/social\/le-smic-va-etre-revalorise-de-1-18-au-1er-janvier-sans-coup-de-pouce-20251212\" target=\"_blank\" data-fig-type=\"NewsFlash\" rel=\"noopener\" data-gtm-custom-categorie=\"navigation\" data-gtm-custom-action=\"crossclick\" data-gtm-custom-label=\"Contextuel\" data-gtm-event=\"customEventSPE\" data-fig-domain=\"LEFIGARO\"><\/p>\n<p>        Le Smic va \u00eatre revaloris\u00e9 de 1,18% au 1er janvier, sans coup de pouce<br \/>\n    <\/a>\n<\/p>\n<p>                                            Hausse du passe Navigo<\/p>\n<p class=\"fig-paragraph\">L\u2019abonnement aux transports en \u00cele-de-France co\u00fbtera plus cher \u00e0 compter du 1er janvier 2026. Les forfaits Navigo augmenteront en effet de 2,3%. Le passe Navigo mensuel\u00a0<a href=\"http:\/\/www.lefigaro.fr\/conjoncture\/transports-en-ile-de-france-le-passe-navigo-mensuel-devrait-augmenter-de-2-euros-a-90-80-euros-en-2026-20251127\" target=\"_blank\" data-fig-type=\"NewsFlash\" rel=\"noopener\" data-gtm-custom-categorie=\"navigation\" data-gtm-custom-action=\"crossclick\" data-gtm-custom-label=\"Contextuel\" data-gtm-event=\"customEventSPE\" data-fig-domain=\"LEFIGARO\">passera ainsi de 88,80 \u00e0 90,80 euros<\/a>, soit une hausse de 2 euros. Pour rappel, les frais de d\u00e9placement domicile-travail sont rembours\u00e9s \u00e0 hauteur de 50% par l\u2019employeur dans le secteur priv\u00e9 et de 75% dans le secteur public. Le ticket \u00e0 l\u2019unit\u00e9, pour le m\u00e9tro, le train et le RER, passera, lui, \u00e0 2,55 euros, contre 2,50 euros jusqu\u2019\u00e0 pr\u00e9sent.<\/p>\n<p>                                            Contr\u00f4le technique renforc\u00e9<\/p>\n<p class=\"fig-paragraph\">\u00c0 partir du 1er janvier, face au scandale des airbags d\u00e9fectueux Takata,\u00a0<a href=\"http:\/\/www.lefigaro.fr\/conso\/airbags-takata-le-controle-technique-renforce-a-partir-du-1er-janvier-2026-20251208\" target=\"_blank\" data-fig-type=\"NewsFlash\" rel=\"noopener\" data-gtm-custom-categorie=\"navigation\" data-gtm-custom-action=\"crossclick\" data-gtm-custom-label=\"Contextuel\" data-gtm-event=\"customEventSPE\" data-fig-domain=\"LEFIGARO\">le contr\u00f4le technique sera renforc\u00e9<\/a>. Il y sera int\u00e9gr\u00e9 la v\u00e9rification des airbags, pour savoir si le v\u00e9hicule est dot\u00e9 d\u2019un airbag Takata class\u00e9 \u00abstop drive\u00bb &#8211; qui implique de ne plus rouler. Si c\u2019est le cas, la voiture sera automatiquement mise en contre-visite, et sera immobilis\u00e9e jusqu\u2019au remplacement de l\u2019airbag. Selon le gouvernement, 1,3 million de v\u00e9hicules class\u00e9s \u00abstop drive\u00bb circulent encore sur les routes fran\u00e7aises.<\/p>\n<p class=\"fig-body-link\">\n            \u00c0 lire aussi<br \/>\n        <a class=\"fig-body-link__link fig-premium-mark\" href=\"http:\/\/www.lefigaro.fr\/societes\/airbags-takata-de-fils-prodige-a-renegat-comment-l-heritier-de-la-famille-takada-a-disparu-des-radars-20251114\" target=\"_blank\" data-fig-type=\"Article\" rel=\"noopener\" data-gtm-custom-categorie=\"navigation\" data-gtm-custom-action=\"crossclick\" data-gtm-custom-label=\"Contextuel\" data-gtm-event=\"customEventSPE\" data-fig-domain=\"LEFIGARO\"><\/p>\n<p>        Airbags Takata\u00a0:\u00a0de fils prodige \u00e0 ren\u00e9gat, comment l\u2019h\u00e9ritier de la famille Takada a disparu des radars<br \/>\n    <\/a>\n<\/p>\n<p>                                            Hausse des frais d\u2019agence immobili\u00e8re<\/p>\n<p class=\"fig-paragraph\">Depuis 2014, les frais d\u2019agence immobili\u00e8re pour la location d\u2019un\u00a0<a href=\"http:\/\/immobilier.lefigaro.fr\/article\/la-moitie-des-ventes-en-ile-de-france-concernent-des-logements-a-plus-de-6000-euros-par-metre-carre-20251222\" target=\"_blank\" data-fig-type=\"Article\" rel=\"noopener\" data-gtm-custom-categorie=\"navigation\" data-gtm-custom-action=\"crossclick\" data-gtm-custom-label=\"Contextuel\" data-gtm-event=\"customEventSPE\" data-fig-domain=\"IMMOBILIER\">logement<\/a>\u00a0\u00e9taient plafonn\u00e9s et n\u2019avaient jamais \u00e9t\u00e9 r\u00e9vis\u00e9s. \u00c0 compter du 1er janvier 2026, ils seront index\u00e9s sur l\u2019Indice de R\u00e9f\u00e9rence des Loyers (IRL), calcul\u00e9 \u00e0 partir de l\u2019inflation moyenne sur les 12 derniers mois (hors tabac et loyers). Cette nouvelle r\u00e8gle s\u2019appliquera pour les baux sign\u00e9s \u00e0 partir du 1er janvier 2026. Ces frais seront ainsi revaloris\u00e9s de 0,87% d\u00e9but 2026. Les frais d\u2019agence comprennent la visite du logement, la constitution du dossier, la r\u00e9daction du bail et l\u2019\u00e9tat des lieux d\u2019entr\u00e9e.<\/p>\n<p>                                            <a class=\"fig-a11y-skip\" href=\"#fig-a11y-skip-main-inarticle_mtf\" data-module=\"a11y-skip\" data-context=\"was @visible\"><br \/>\n    Passer la publicit\u00e9<br \/>\n<\/a>            <\/p>\n<p>                                            Hausse des prix des courriers et des colis<\/p>\n<p class=\"fig-paragraph\">\u00c0 partir du 1er janvier 2026, les prix des courriers et des\u00a0<a href=\"http:\/\/www.lefigaro.fr\/conso\/colis-en-retard-ou-perdus-la-grande-pagaille-des-livreurs-et-transporteurs-a-l-approche-de-noel-20251222\" target=\"_blank\" data-fig-type=\"Article\" rel=\"noopener\" data-gtm-custom-categorie=\"navigation\" data-gtm-custom-action=\"crossclick\" data-gtm-custom-label=\"Contextuel\" data-gtm-event=\"customEventSPE\" data-fig-domain=\"LEFIGARO\">colis<\/a>\u00a0augmenteront de 7,4 % en moyenne. Cette hausse des tarifs doit permettre \u00abd\u2019assurer la p\u00e9rennit\u00e9 du service universel postal avec une qualit\u00e9 \u00e9lev\u00e9e dans un contexte de baisse continue du volume du courrier\u00bb, expliquait La Poste dans un communiqu\u00e9 en juillet dernier. Par exemple, les tarifs des Colissimo envoy\u00e9s par les particuliers augmenteront en moyenne de 3,4%, toutes destinations confondues.<\/p>\n<p>                                            Hausse du prix de certains paquets de cigarettes<\/p>\n<p class=\"fig-paragraph\">Les prix de\u00a0<a href=\"http:\/\/www.lefigaro.fr\/conso\/les-prix-de-certains-paquets-de-cigarettes-vont-a-nouveau-augmenter-au-1er-janvier-2026-20251212\" target=\"_blank\" data-fig-type=\"NewsFlash\" rel=\"noopener\" data-gtm-custom-categorie=\"navigation\" data-gtm-custom-action=\"crossclick\" data-gtm-custom-label=\"Contextuel\" data-gtm-event=\"customEventSPE\" data-fig-domain=\"LEFIGARO\">certains paquets de cigarettes vont augmenter<\/a>\u00a0au 1er janvier 2026. Ces hausses iront jusqu\u2019\u00e0 50 centimes d\u2019euro. Ce sera notamment le cas de paquets de Camel et de Winston, qui passeront \u00e0 13 euros. Les tarifs de paquets de Marlboro Red et de Philip Morris vont eux aussi augmenter d\u2019environ 50 centimes. Certaines r\u00e9f\u00e9rences vont d\u00e9sormais d\u00e9passer les 13 euros.<\/p>\n<p>                                            Suspension de MaPrimeR\u00e9nov\u2019<\/p>\n<p class=\"fig-paragraph\">Faute de budget 2026, le dispositif d\u2019aide \u00e0 la r\u00e9novation \u00e9nerg\u00e9tique MaPrimeR\u00e9nov\u2019 (MPR) sera\u00a0<a href=\"https:\/\/immobilier.lefigaro.fr\/article\/sans-budget-les-renovations-energetiques-des-logements-sont-bloquees-20251223\" target=\"_blank\" data-fig-type=\"Article\" rel=\"sponsored noopener\" data-gtm-custom-categorie=\"navigation\" data-gtm-custom-action=\"crossclick\" data-gtm-custom-label=\"Contextuel\" data-gtm-event=\"customEventSPE\" data-fig-domain=\"IMMOBILIER\">suspendu le 1er janvier 2026<\/a>. \u00abPas de budget, pas de guichet\u00bb, avait d\u00e9clar\u00e9 le ministre du Logement, Vincent Jeanbrun, sur France 3 le 21 d\u00e9cembre, et ce, m\u00eame avec l\u2019adoption d\u2019<a href=\"http:\/\/www.lefigaro.fr\/conjoncture\/loi-speciale-avec-l-absence-de-budget-allez-vous-vraiment-payer-plus-d-impots-en-2026-20251224\" target=\"_blank\" data-fig-type=\"Article\" rel=\"noopener\" data-gtm-custom-categorie=\"navigation\" data-gtm-custom-action=\"crossclick\" data-gtm-custom-label=\"Contextuel\" data-gtm-event=\"customEventSPE\" data-fig-domain=\"LEFIGARO\">une loi sp\u00e9ciale<\/a>. Ainsi, ce sont 85.000 dossiers qui ne seront pas trait\u00e9s.<\/p>\n<p>                                            Changement du calcul du DPE<\/p>\n<p class=\"fig-paragraph\">Au 1er janvier 2026, la m\u00e9thode de calcul du Diagnostic de performance \u00e9nerg\u00e9tique (DPE) va changer. Le coefficient de conversion de l\u2019\u00e9lectricit\u00e9 figurant dans le DPE sera abaiss\u00e9 et align\u00e9 sur la valeur europ\u00e9enne, passant de 2,3 \u00e0 1,9. En cons\u00e9quence, 700.000 logements, parmi les 5,8 millions de passoires thermiques que compte le parc immobilier en France,\u00a0<a href=\"https:\/\/immobilier.lefigaro.fr\/article\/une-bonne-surprise-se-prepare-pour-700-000-proprietaires-de-passoires-thermiques-le-1er-janvier-2026-20251226\" target=\"_blank\" data-fig-type=\"Article\" rel=\"sponsored noopener\" data-gtm-custom-categorie=\"navigation\" data-gtm-custom-action=\"crossclick\" data-gtm-custom-label=\"Contextuel\" data-gtm-event=\"customEventSPE\" data-fig-domain=\"IMMOBILIER\">ne seront plus consid\u00e9r\u00e9s comme des passoires thermiques<\/a>, selon le minist\u00e8re du Logement.<\/p>\n<p>                                            Hausse du taux de certains PEL<\/p>\n<p class=\"fig-paragraph\">Les plans \u00e9pargne logement (PEL) ouverts \u00e0 partir du 1er janvier 2026\u00a0<a href=\"http:\/\/www.lefigaro.fr\/conjoncture\/le-taux-d-interet-des-pel-ouverts-a-compter-du-1er-janvier-2026-remonte-d-un-quart-de-point-a-2-20251220\" target=\"_blank\" data-fig-type=\"NewsFlash\" rel=\"noopener\" data-gtm-custom-categorie=\"navigation\" data-gtm-custom-action=\"crossclick\" data-gtm-custom-label=\"Contextuel\" data-gtm-event=\"customEventSPE\" data-fig-domain=\"LEFIGARO\">verront leur taux d\u2019int\u00e9r\u00eat augmenter de 0,25 point<\/a>, pour passer de 1,75 \u00e0 2%. Ce nouveau taux ne concernera que les PEL ouverts en 2026.<\/p>\n<p>                                            <a class=\"fig-a11y-skip\" href=\"#fig-a11y-skip-main-inarticle_btf\" data-module=\"a11y-skip\" data-context=\"was @visible\"><br \/>\n    Passer la publicit\u00e9<br \/>\n<\/a>            <\/p>\n<p>                                            \u00c9volution des r\u00e8gles de d\u00e9claration des dons entre particuliers<\/p>\n<p class=\"fig-paragraph\">Certains dons entre particuliers, de sommes d\u2019argent et d\u2019objets de valeur (bijoux, objets d\u2019art ou de collection, etc.), doivent \u00eatre d\u00e9clar\u00e9s au fisc par le b\u00e9n\u00e9ficiaire du don. \u00c0 compter du 1er janvier 2026, cette d\u00e9claration devra obligatoirement \u00eatre effectu\u00e9e en ligne. Pour rappel, \u00abseuls les dons d\u2019un montant \u201cinhabituel\u201d (en g\u00e9n\u00e9ral, sup\u00e9rieur \u00e0 2% du patrimoine ou \u00e0 2,5 % des revenus annuels nets du donateur) ou les biens de valeur doivent \u00eatre d\u00e9clar\u00e9s\u00bb, pr\u00e9cise le site Service-public.gouv.fr, qui pr\u00e9cise qu\u2019\u00abaucun seuil l\u00e9gal n\u2019est fix\u00e9\u00bb.<\/p>\n<p class=\"fig-body-link\">\n            \u00c0 lire aussi<br \/>\n        <a class=\"fig-body-link__link\" href=\"http:\/\/www.lefigaro.fr\/conjoncture\/non-il-ne-faudra-pas-declarer-au-fisc-ses-cadeaux-de-noel-a-partir-du-1er-janvier-2026-20251204\" target=\"_blank\" data-fig-type=\"Article\" rel=\"noopener\" data-gtm-custom-categorie=\"navigation\" data-gtm-custom-action=\"crossclick\" data-gtm-custom-label=\"Contextuel\" data-gtm-event=\"customEventSPE\" data-fig-domain=\"LEFIGARO\"><\/p>\n<p>        Non, il ne faudra pas d\u00e9clarer au fisc ses cadeaux de No\u00ebl \u00e0 partir du 1er janvier 2026<br \/>\n    <\/a>\n<\/p>\n<p>                                            Hausse de l\u2019indemnit\u00e9 minimale des stagiaires<\/p>\n<p class=\"fig-paragraph\">\u00c0 partir du 1er janvier 2026, les\u00a0<a href=\"http:\/\/www.lefigaro.fr\/societes\/une-offre-de-stage-astronomique-a-35-000-dollars-par-mois-proposee-par-une-entreprise-americaine-de-trading-20250908\" target=\"_blank\" data-fig-type=\"NewsFlash\" rel=\"noopener\" data-gtm-custom-categorie=\"navigation\" data-gtm-custom-action=\"crossclick\" data-gtm-custom-label=\"Contextuel\" data-gtm-event=\"customEventSPE\" data-fig-domain=\"LEFIGARO\">stages<\/a>\u00a0seront un peu mieux r\u00e9mun\u00e9r\u00e9s. L\u2019indemnit\u00e9 minimale accord\u00e9e aux stagiaires passera en effet de 4,35 \u00e0 4,50 euros par heure, soit 15% du plafond horaire de la S\u00e9curit\u00e9 sociale. Pour rappel, les \u00e9tudiants ou \u00e9l\u00e8ves qui effectuent un stage professionnel d\u2019une dur\u00e9e sup\u00e9rieure \u00e0 deux mois (cons\u00e9cutifs ou non), soit plus de 308 heures, ont droit \u00e0 une gratification mensuelle.<\/p>\n<p>                                            <strong>Des plaques d\u2019immatriculation roses<\/strong><\/p>\n<p class=\"fig-paragraph\">Des\u00a0<a href=\"http:\/\/www.lefigaro.fr\/automobile\/certaines-plaques-d-immatriculation-vont-devenir-roses-dans-quelques-mois-voici-pourquoi-20251016\" target=\"_blank\" data-fig-type=\"NewsFlash\" rel=\"noopener\" data-gtm-custom-categorie=\"navigation\" data-gtm-custom-action=\"crossclick\" data-gtm-custom-label=\"Contextuel\" data-gtm-event=\"customEventSPE\" data-fig-domain=\"LEFIGARO\">plaques d\u2019immatriculation roses<\/a>\u00a0vont faire leur apparition \u00e0 partir du 1er janvier 2026. Cette couleur arborera les plaques d\u2019immatriculation provisoire WW. Sont concern\u00e9s par ce changement les particuliers ayant un v\u00e9hicule neuf en attente de carte grise d\u00e9finitive ou bien import\u00e9, ainsi que les professionnels de l\u2019automobile qui utilisent des plaques W.<\/p>\n<p>                                            Un nouveau CDD \u00abreconversion\u00bb<\/p>\n<p class=\"fig-paragraph\">Un nouveau type de contrat \u00e0 dur\u00e9e d\u00e9termin\u00e9e (<a href=\"http:\/\/www.lefigaro.fr\/flash-eco\/pour-lutter-contre-la-precarite-la-tunisie-interdit-les-cdd-et-les-contrats-de-sous-traitance-20250521\" target=\"_blank\" data-fig-type=\"NewsFlash\" rel=\"noopener\" data-gtm-custom-categorie=\"navigation\" data-gtm-custom-action=\"crossclick\" data-gtm-custom-label=\"Contextuel\" data-gtm-event=\"customEventSPE\" data-fig-domain=\"LEFIGARO\">CDD<\/a>) verra le jour au 1er janvier 2026. Cr\u00e9\u00e9 par la loi \u00abTransitions professionnelles\u00bb d\u2019octobre 2025, \u00e9galement dite loi \u00abseniors\u00bb, un CDD dit \u00abreconversion\u00bb pourra permettre \u00e0 un salari\u00e9 de conclure un CDD sp\u00e9cifiquement d\u00e9di\u00e9 \u00e0 une p\u00e9riode de transition professionnelle, pour une dur\u00e9e d\u2019au moins six mois.<\/p>\n","protected":false},"excerpt":{"rendered":"Qui dit nouvelle ann\u00e9e dit nouvelles r\u00e9glementations. L\u2019ann\u00e9e 2026 n\u2019\u00e9chappera pas \u00e0 la r\u00e8gle, et avec elle viendra&hellip;\n","protected":false},"author":2,"featured_media":624926,"comment_status":"","ping_status":"","sticky":false,"template":"","format":"standard","meta":{"footnotes":""},"categories":[6],"tags":[18489,35,33,34,1011,27,37358,2216],"class_list":{"0":"post-624925","1":"post","2":"type-post","3":"status-publish","4":"format-standard","5":"has-post-thumbnail","7":"category-economie","8":"tag-aides-sociales","9":"tag-business","10":"tag-economie","11":"tag-economy","12":"tag-fr","13":"tag-france","14":"tag-smic","15":"tag-transports-en-commun"},"share_on_mastodon":{"url":"https:\/\/pubeurope.com\/@fr\/115790720807785263","error":""},"_links":{"self":[{"href":"https:\/\/www.europesays.com\/fr\/wp-json\/wp\/v2\/posts\/624925","targetHints":{"allow":["GET"]}}],"collection":[{"href":"https:\/\/www.europesays.com\/fr\/wp-json\/wp\/v2\/posts"}],"about":[{"href":"https:\/\/www.europesays.com\/fr\/wp-json\/wp\/v2\/types\/post"}],"author":[{"embeddable":true,"href":"https:\/\/www.europesays.com\/fr\/wp-json\/wp\/v2\/users\/2"}],"replies":[{"embeddable":true,"href":"https:\/\/www.europesays.com\/fr\/wp-json\/wp\/v2\/comments?post=624925"}],"version-history":[{"count":0,"href":"https:\/\/www.europesays.com\/fr\/wp-json\/wp\/v2\/posts\/624925\/revisions"}],"wp:featuredmedia":[{"embeddable":true,"href":"https:\/\/www.europesays.com\/fr\/wp-json\/wp\/v2\/media\/624926"}],"wp:attachment":[{"href":"https:\/\/www.europesays.com\/fr\/wp-json\/wp\/v2\/media?parent=624925"}],"wp:term":[{"taxonomy":"category","embeddable":true,"href":"https:\/\/www.europesays.com\/fr\/wp-json\/wp\/v2\/categories?post=624925"},{"taxonomy":"post_tag","embeddable":true,"href":"https:\/\/www.europesays.com\/fr\/wp-json\/wp\/v2\/tags?post=624925"}],"curies":[{"name":"wp","href":"https:\/\/api.w.org\/{rel}","templated":true}]}}