{"id":624927,"date":"2025-12-27T09:02:12","date_gmt":"2025-12-27T09:02:12","guid":{"rendered":"https:\/\/www.europesays.com\/fr\/624927\/"},"modified":"2025-12-27T09:02:12","modified_gmt":"2025-12-27T09:02:12","slug":"charles-iii-ces-deux-sujets-quil-a-soigneusement-evite-daborder-dans-son-discours-annuel-de-noel","status":"publish","type":"post","link":"https:\/\/www.europesays.com\/fr\/624927\/","title":{"rendered":"Charles III : ces deux sujets qu\u2019il a soigneusement \u00e9vit\u00e9 d\u2019aborder dans son discours annuel de No\u00ebl"},"content":{"rendered":"<p data-start=\"344\" data-end=\"504\">C\u2019est un moment toujours tr\u00e8s<br \/>\nattendu par les Britanniques. Depuis 1932, le monarque r\u00e9gnant<br \/>\nprononce chaque ann\u00e9e <strong>un discours de No\u00ebl,<\/strong> diffus\u00e9<br \/>\n\u00e0 la t\u00e9l\u00e9vision.<\/p>\n<p data-start=\"506\" data-end=\"833\">Comme<br \/>\nElizabeth II avant lui,<br \/>\nCharles III a enregistr\u00e9 sa prise de parole quelques jours<br \/>\nen amont, pour qu\u2019elle soit diffus\u00e9e dans l\u2019apr\u00e8s-midi du 25<br \/>\nd\u00e9cembre. S\u2019il a balay\u00e9 un large nombre de sujets, il y en a deux,<br \/>\npourtant d\u2019actualit\u00e9, sur lesquels il a choisi de se taire.<\/p>\n<p>Qu\u2019a dit Charles III dans son<br \/>\ndiscours de No\u00ebl ?<\/p>\n<p data-start=\"889\" data-end=\"1379\">En ce jour sacr\u00e9, <a href=\"https:\/\/www.closermag.fr\/royautes\/charles-iii-cette-chose-quil-souhaite-par-dessus-tout-pour-noel-mais-quil-naura-pas-voir-sa-3608825\" target=\"_blank\" rel=\"noopener\"><br \/>\nle roi Charles III<\/a> a tenu \u00e0 faire passer <strong>un message de<br \/>\npaix et de pri\u00e8re.<\/strong> Si la d\u00e9funte reine avait l\u2019habitude de<br \/>\nprononcer son discours depuis une r\u00e9sidence royale, c\u2019est \u00e0 la<br \/>\nchapelle de la Vierge de l\u2019abbaye<br \/>\nde Westminster, \u00e0 Londres, que son fils a\u00een\u00e9 a enregistr\u00e9<br \/>\nson message. D\u2019ailleurs, il a commenc\u00e9 son discours en \u00e9voquant le<br \/>\n\u201cmoment historique d\u2019unit\u00e9<br \/>\nspirituelle\u201d qu\u2019a repr\u00e9sent\u00e9 sa visite au<br \/>\nVatican en octobre. Cette ann\u00e9e, il a tenu \u00e0 mettre un point<br \/>\nd\u2019honneur sur des valeurs importantes telles que la \u00ab compassion \u00bb<br \/>\net la \u00ab r\u00e9conciliation \u00bb. Il a aussi fait allusion \u00e0 l\u2019attaque de<br \/>\nla synagogue de Manchester et a montr\u00e9 un int\u00e9r\u00eat pour le dialogue<br \/>\ninterreligieux : \u201cLorsque je<br \/>\nrencontre des personnes de diff\u00e9rentes confessions, je trouve<br \/>\nextr\u00eamement encourageant d\u2019entendre tout ce que nous avons en<br \/>\ncommun : un d\u00e9sir partag\u00e9 de paix et un profond respect pour toute<br \/>\nvie\u201d, a retranscrit <a href=\"https:\/\/www.bfmtv.com\/people\/tetes-couronnees\/cherir-les-valeurs-de-compassion-et-de-reconciliation-le-roi-charles-iii-a-prononce-son-traditionnel-discours-de-noel_AD-202512250295.html\" target=\"_blank\" rel=\"nofollow noopener\"><br \/>\nBFMTV.<\/a><\/p>\n<p data-start=\"1904\" data-end=\"2374\">Alors que cette ann\u00e9e marquait<br \/>\nle 80e anniversaire de la fin de la Seconde Guerre mondiale, le roi<br \/>\na \u00e9voqu\u00e9 la transmission de la m\u00e9moire de ce conflit. Un sujet<br \/>\nimportant \u00e0 l\u2019heure o\u00f9 la paix est loin de r\u00e9gner : \u201cLe courage et le sacrifice de nos<br \/>\nmilitaires, ainsi que la mani\u00e8re dont les communaut\u00e9s se sont<br \/>\nrassembl\u00e9es face \u00e0 une si grande \u00e9preuve, portent pour nous un<br \/>\nmessage intemporel. Ce sont toutes ces valeurs qui ont fa\u00e7onn\u00e9<br \/>\nnotre pays et le Commonwealth.\u201d<\/p>\n<p>Charles III : ces deux sujets personnels dont il n\u2019a pas voulu<br \/>\nparler<\/p>\n<p data-start=\"2451\" data-end=\"2907\">Cependant, deux sujets tr\u00e8s<br \/>\nattendus par son peuple n\u2019ont pas \u00e9t\u00e9 \u00e9voqu\u00e9s. Dans son discours,<br \/>\nqu\u2019il a lui-m\u00eame \u00e9crit, Charles III a choisi de ne pas faire part<br \/>\nde sa vie priv\u00e9e et <strong>n\u2019a donc pas parl\u00e9 de son<br \/>\ncancer<\/strong>. En f\u00e9vrier 2024, le p\u00e8re de<br \/>\nPrince William et<br \/>\nPrince Harry avait en effet annonc\u00e9 \u00eatre atteint d\u2019un<br \/>\ncancer, d\u00e9couvert lors d\u2019une intervention chirurgicale li\u00e9e \u00e0 une<br \/>\nhypertrophie de la prostate.<\/p>\n<p data-start=\"2909\" data-end=\"3235\">Autre th\u00e9matique qu\u2019il a<br \/>\nchoisi d\u2019esquiver : la destitution de <a href=\"https:\/\/www.closermag.fr\/royautes\/prince-andrew-dechu-ce-nouveau-coup-de-poignard-vient-dune-personne-qui-ne-pourrait-pas-etre-plus-proche-3608577\" target=\"_blank\" rel=\"noopener\"><br \/>\nson fr\u00e8re<br \/>\n\u00a0Andrew,<\/a> qu\u2019il a priv\u00e9 de ses titres en novembre,<br \/>\nsuite \u00e0 son lien avec l\u2019affaire<br \/>\nJeffrey Epstein. Il n\u2019\u00e9tait d\u2019ailleurs <a href=\"https:\/\/www.closermag.fr\/royautes\/kate-et-william-cette-video-de-la-famille-royale-reunit-sandringham-pour-noel-va-faire-parler-3608928\" target=\"_blank\" rel=\"noopener\"><br \/>\npas convi\u00e9 \u00e0 Sandringham,<\/a> o\u00f9 la famille royale se r\u00e9unit chaque<br \/>\nann\u00e9e pour No\u00ebl.<\/p>\n","protected":false},"excerpt":{"rendered":"C\u2019est un moment toujours tr\u00e8s attendu par les Britanniques. Depuis 1932, le monarque r\u00e9gnant prononce chaque ann\u00e9e un&hellip;\n","protected":false},"author":2,"featured_media":595712,"comment_status":"","ping_status":"","sticky":false,"template":"","format":"standard","meta":{"footnotes":""},"categories":[5],"tags":[11,21303,1011,27,14,70426,12,65861,28],"class_list":{"0":"post-624927","1":"post","2":"type-post","3":"status-publish","4":"format-standard","5":"has-post-thumbnail","7":"category-international","8":"tag-actualites","9":"tag-buzz_nonli","10":"tag-fr","11":"tag-france","12":"tag-international","13":"tag-marfeel_news","14":"tag-news","15":"tag-trend","16":"tag-world"},"share_on_mastodon":{"url":"https:\/\/pubeurope.com\/@fr\/115790724801030790","error":""},"_links":{"self":[{"href":"https:\/\/www.europesays.com\/fr\/wp-json\/wp\/v2\/posts\/624927","targetHints":{"allow":["GET"]}}],"collection":[{"href":"https:\/\/www.europesays.com\/fr\/wp-json\/wp\/v2\/posts"}],"about":[{"href":"https:\/\/www.europesays.com\/fr\/wp-json\/wp\/v2\/types\/post"}],"author":[{"embeddable":true,"href":"https:\/\/www.europesays.com\/fr\/wp-json\/wp\/v2\/users\/2"}],"replies":[{"embeddable":true,"href":"https:\/\/www.europesays.com\/fr\/wp-json\/wp\/v2\/comments?post=624927"}],"version-history":[{"count":0,"href":"https:\/\/www.europesays.com\/fr\/wp-json\/wp\/v2\/posts\/624927\/revisions"}],"wp:featuredmedia":[{"embeddable":true,"href":"https:\/\/www.europesays.com\/fr\/wp-json\/wp\/v2\/media\/595712"}],"wp:attachment":[{"href":"https:\/\/www.europesays.com\/fr\/wp-json\/wp\/v2\/media?parent=624927"}],"wp:term":[{"taxonomy":"category","embeddable":true,"href":"https:\/\/www.europesays.com\/fr\/wp-json\/wp\/v2\/categories?post=624927"},{"taxonomy":"post_tag","embeddable":true,"href":"https:\/\/www.europesays.com\/fr\/wp-json\/wp\/v2\/tags?post=624927"}],"curies":[{"name":"wp","href":"https:\/\/api.w.org\/{rel}","templated":true}]}}