{"id":624947,"date":"2025-12-27T09:19:14","date_gmt":"2025-12-27T09:19:14","guid":{"rendered":"https:\/\/www.europesays.com\/fr\/624947\/"},"modified":"2025-12-27T09:19:14","modified_gmt":"2025-12-27T09:19:14","slug":"grenoble-plus-de-100-personnes-evacuees-pour-une-suspicion-de-fuite-de-gaz","status":"publish","type":"post","link":"https:\/\/www.europesays.com\/fr\/624947\/","title":{"rendered":"Grenoble\u00a0: plus de 100 personnes \u00e9vacu\u00e9es pour une suspicion de fuite de gaz"},"content":{"rendered":"<p class=\"paragraph text_align_left lp-f-body-02\">Dr\u00f4le de soir\u00e9e pour ces habitants de la rue d\u2019Amp\u00e8re \u00e0 Grenoble <a href=\"https:\/\/www.leparisien.fr\/isere-38\/\" target=\"_self\" rel=\"noopener\">(Is\u00e8re)<\/a>. Samedi, les autorit\u00e9s ont d\u00e9cid\u00e9 d\u2019instaurer un p\u00e9rim\u00e8tre de s\u00e9curit\u00e9 dans la rue et d\u2019\u00e9vacuer 119 logements apr\u00e8s la suspicion d\u2019une fuite de gaz sous la route, fait savoir <a href=\"https:\/\/www.francebleu.fr\/emissions\/l-info-d-ici-7h30-ici-isere\/grenoble-un-gymnase-ouvert-pour-accueillir-les-habitants-evacues-pour-une-suspicion-de-fuite-de-gaz-1678080\" target=\"_self\" rel=\"noopener\">Ici Is\u00e8re<\/a>.<\/p>\n<p class=\"\">Selon la radio locale, une \u00e9cole et un gymnase, situ\u00e9s \u00e0 proximit\u00e9, ont \u00e9t\u00e9 ouverts \u00e0 la centaine d\u2019habitants \u00e9vacu\u00e9s. La pr\u00e9fecture de l\u2019Is\u00e8re fait \u00e9tat de 112 personnes \u00e9vacu\u00e9es dont 30 accueillies dans le gymnase.<\/p>\n<p>La circulation toujours coup\u00e9e<\/p>\n<p class=\"\">\u00ab Je n\u2019ai aucune solution, ni pour moi, ni pour les enfants. On va aller au gymnase pour se mettre au chaud \u00bb, confie \u00e0 Ici Samira, m\u00e8re de quatre enfants. \u00ab J\u2019essaie de prendre \u00e7a \u00e0 la rigolade, m\u00eame si j\u2019aimerais bien \u00eatre chez moi \u00bb, ajoute Ludovic. \u00ab Mais bon, des professionnels s\u2019occupent de tout. J\u2019esp\u00e8re pouvoir rentrer tr\u00e8s vite \u00bb, lance-t-il.<\/p>\n<p class=\"\">Samedi matin, la circulation \u00e9tait toujours coup\u00e9e rue Amp\u00e8re, o\u00f9 se trouvaient encore les pompiers et des \u00e9quipes des fournisseurs de gaz GreenAlp et NaTran, pour y traiter la fuite.<\/p>\n","protected":false},"excerpt":{"rendered":"Dr\u00f4le de soir\u00e9e pour ces habitants de la rue d\u2019Amp\u00e8re \u00e0 Grenoble (Is\u00e8re). Samedi, les autorit\u00e9s ont d\u00e9cid\u00e9&hellip;\n","protected":false},"author":2,"featured_media":624948,"comment_status":"","ping_status":"","sticky":false,"template":"","format":"standard","meta":{"footnotes":""},"categories":[9566],"tags":[1111,11,2430,459,1777,674,118,1011,27,2731,12,25],"class_list":{"0":"post-624947","1":"post","2":"type-post","3":"status-publish","4":"format-standard","5":"has-post-thumbnail","7":"category-grenoble","8":"tag-actu","9":"tag-actualites","10":"tag-auvergne-rhone-alpes","11":"tag-departements-horsidfo","12":"tag-eu","13":"tag-europe","14":"tag-faits-divers","15":"tag-fr","16":"tag-france","17":"tag-grenoble","18":"tag-news","19":"tag-republique-francaise"},"share_on_mastodon":{"url":"https:\/\/pubeurope.com\/@fr\/115790792973072732","error":""},"_links":{"self":[{"href":"https:\/\/www.europesays.com\/fr\/wp-json\/wp\/v2\/posts\/624947","targetHints":{"allow":["GET"]}}],"collection":[{"href":"https:\/\/www.europesays.com\/fr\/wp-json\/wp\/v2\/posts"}],"about":[{"href":"https:\/\/www.europesays.com\/fr\/wp-json\/wp\/v2\/types\/post"}],"author":[{"embeddable":true,"href":"https:\/\/www.europesays.com\/fr\/wp-json\/wp\/v2\/users\/2"}],"replies":[{"embeddable":true,"href":"https:\/\/www.europesays.com\/fr\/wp-json\/wp\/v2\/comments?post=624947"}],"version-history":[{"count":0,"href":"https:\/\/www.europesays.com\/fr\/wp-json\/wp\/v2\/posts\/624947\/revisions"}],"wp:featuredmedia":[{"embeddable":true,"href":"https:\/\/www.europesays.com\/fr\/wp-json\/wp\/v2\/media\/624948"}],"wp:attachment":[{"href":"https:\/\/www.europesays.com\/fr\/wp-json\/wp\/v2\/media?parent=624947"}],"wp:term":[{"taxonomy":"category","embeddable":true,"href":"https:\/\/www.europesays.com\/fr\/wp-json\/wp\/v2\/categories?post=624947"},{"taxonomy":"post_tag","embeddable":true,"href":"https:\/\/www.europesays.com\/fr\/wp-json\/wp\/v2\/tags?post=624947"}],"curies":[{"name":"wp","href":"https:\/\/api.w.org\/{rel}","templated":true}]}}