{"id":624949,"date":"2025-12-27T09:20:13","date_gmt":"2025-12-27T09:20:13","guid":{"rendered":"https:\/\/www.europesays.com\/fr\/624949\/"},"modified":"2025-12-27T09:20:13","modified_gmt":"2025-12-27T09:20:13","slug":"a-quoi-sattendre-pour-la-fin-de-lannee-2025-en-bretagne-les-previsions-meteo","status":"publish","type":"post","link":"https:\/\/www.europesays.com\/fr\/624949\/","title":{"rendered":"\u00e0 quoi s&rsquo;attendre pour la fin de l&rsquo;ann\u00e9e 2025 en Bretagne ? Les pr\u00e9visions m\u00e9t\u00e9o"},"content":{"rendered":"<p>                    Par<br \/>\n        <strong><br \/>\n            <a href=\"https:\/\/actu.fr\/auteur\/clemence-pays02-actu-fr\" title=\"Consulter tous les articles de Cl\u00e9mence Pays\" target=\"_blank\" rel=\"noopener\">Cl\u00e9mence Pays<\/a><br \/>\n                    <\/strong><\/p>\n<p>        Publi\u00e9 le<\/p>\n<p>            27 d\u00e9c. 2025 \u00e0 6h02        <\/p>\n<p>Apr\u00e8s <a href=\"https:\/\/actu.fr\/bretagne\/rennes_35238\/neige-verglas-vent-pour-noel-meteo-france-place-toute-la-bretagne-en-vigilance_63619177.html\" target=\"_blank\" rel=\"noopener\">un No\u00ebl enneig\u00e9<\/a>, \u00e0 quoi s\u2019attendre pour ce week-end du samedi\u00a027 et dimanche 28\u00a0d\u00e9cembre et le Nouvel an\u2009? <strong>Le froid devrait se maintenir<\/strong> malgr\u00e9 <a href=\"https:\/\/actu.fr\/bretagne\/rennes_35238\/alerte-grand-froid-toute-la-bretagne-reste-placee-en-vigilance-les-previsions-meteo_63623316.html\" target=\"_blank\" rel=\"noopener\">la lev\u00e9e de la vigilance grand froid vendredi apr\u00e8s-midi<\/a>. La r\u00e9daction d\u2019actu Rennes fait le point sur les pr\u00e9visions m\u00e9t\u00e9orologiques de ces derniers jours de l\u2019ann\u00e9e 2025, avec J\u00e9r\u00f4me Dreano, m\u00e9t\u00e9orologue pour <a href=\"https:\/\/www.meteo.bzh\/\" target=\"_blank\" rel=\"noopener\">M\u00e9t\u00e9o Bretagne<\/a>.<\/p>\n<p>Un week-end sec et ensoleill\u00e9<\/p>\n<p class=\" wall-content\">\u00ab\u2009Ce week-end va conserver des <strong>conditions hivernales s\u00e8ches<\/strong>\u2009\u00bb, annonce J\u00e9r\u00f4me Dr\u00e9ano.<\/p>\n<p class=\" wall-content\"><strong>Samedi,<\/strong> la journ\u00e9e sera ensoleill\u00e9e, mais froide avec une <strong>bise de nord-est<\/strong> qui sera surtout pr\u00e9sente le long du littoral.<\/p>\n<p class=\" wall-content\">\u00ab\u2009Le <strong>ciel sera voil\u00e9<\/strong> par moments avec des nuages d\u2019altitudes et un petit risque de <strong>nuages bas <\/strong>en particulier sur le Tr\u00e9gor\u2009\u00bb, poursuit le m\u00e9t\u00e9orologue.<\/p>\n<p class=\" wall-content\">Les <strong>temp\u00e9ratures seront n\u00e9gatives<\/strong> \u00e0 l\u2019int\u00e9rieur des terres avec <strong>-1 \u00e0 -3\u00a0\u00b0C<\/strong> entre le Centre Bretagne et l\u2019est de la r\u00e9gion. Il y a donc un risque de <strong>gel\u00e9es.<\/strong> Sur le littoral, le mercure sera \u00ab\u2009l\u00e9g\u00e8rement positif\u2009\u00bb en matin\u00e9e. <strong>L\u2019apr\u00e8s-midi, il fera maximum 5 \u00e0 6\u00a0\u00b0C.<\/strong> \u00ab\u2009Ce sont des temp\u00e9ratures <strong>en dessous des normales de saison<\/strong> qui se situent plut\u00f4t autour de 9-10\u00a0\u00b0C\u2009\u00bb, pr\u00e9cise J\u00e9r\u00f4me Dr\u00e9ano, qui pr\u00e9cise toutefois que ce ph\u00e9nom\u00e8ne n\u2019a rien d\u2019exceptionnel.<\/p>\n<p class=\" wall-content\"><strong>Dimanche,<\/strong> \u00ab\u2009on aura les m\u00eames conditions\u2009\u00bb. La raison\u2009? \u00ab\u2009Un <strong>blocage anticyclonique<\/strong> au nord des \u00eeles britanniques qui apporte la bise et un flux continental avec de l\u2019air froid plaqu\u00e9 au sol.\u2009\u00bb<\/p>\n<p class=\" wall-content\">En revanche, bien qu\u2019ensoleill\u00e9e, la matin\u00e9e sera marqu\u00e9e par des<strong> nuages bas<\/strong> qui pourraient arriver des c\u00f4tes de la Manche et sur le nord de la r\u00e9gion.<strong> \u00ab\u2009Cette grisaille le long des c\u00f4tes va s\u2019\u00e9tendre vers le sud de la Bretagne<\/strong> en fin d\u2019apr\u00e8s-midi, voire en soir\u00e9e.\u2009\u00bb<\/p>\n<p>Votre r\u00e9gion, votre actu !<\/p>\n<p>Recevez chaque jour les infos qui comptent pour vous.<\/p>\n<p>\t<a href=\"https:\/\/actu.fr\/newsletter\" class=\"ac-btn ac-btn--corner ac-btn--medium ac-btn--blue800\" target=\"_blank\" rel=\"noopener\">S&rsquo;incrire<\/a><\/p>\n<p class=\" wall-content\">La<strong> bise de nord-est<\/strong> persistera toujours et les temp\u00e9ratures resteront froides \u00e0 l\u2019image de la veille.<\/p>\n<p>Le froid va persister<\/p>\n<p class=\" wall-content\"><strong>Lundi,<\/strong> la journ\u00e9e se d\u00e9roulera \u00ab\u2009sous la <strong>grisaille,<\/strong> avec des nuages bas qui auront envahi la Bretagne\u2009\u00bb.<\/p>\n<p class=\" wall-content\">De son c\u00f4t\u00e9,<strong> \u00ab\u2009le vent va baisser\u2009\u00bb<\/strong> ce qui laissera le champ libre au <strong>brouillard<\/strong> le matin. \u00ab\u2009Si les temp\u00e9ratures sont n\u00e9gatives, le brouillard pourrait \u00eatre <strong>localement givrant\u2009<\/strong>\u00bb, pr\u00e9vient J\u00e9r\u00f4me Dr\u00e9ano.<\/p>\n<p class=\" wall-content\">L\u2019apr\u00e8s-midi, si le soleil ne se montre pas, \u00ab\u2009le mercure va rester bas. Il sera juste l\u00e9g\u00e8rement positif, avec pas plus de <strong>2-3\u00a0\u00b0C<\/strong> en journ\u00e9e localement\u2009\u00bb.<\/p>\n<p class=\" wall-content\">Pour le reste de la semaine, les pr\u00e9visions restent encore incertaines. Toutefois, <strong>mardi,<\/strong> \u00ab\u2009il y aura encore des <strong>nuages bas<\/strong> une partie de la journ\u00e9e\u2009\u00bb.<\/p>\n<p class=\" wall-content\"><strong>Le temps restera sec mardi et mercredi<\/strong> avec \u00ab\u2009de possibles \u00e9claircies, mais une ambiance froide\u2009\u00bb. <strong>Gel\u00e9es matinales<\/strong> et temp\u00e9ratures maximales de<strong> 3 \u00e0 6\u00a0\u00b0C<\/strong> dans les terres l\u2019apr\u00e8s-midi sont au programme. Une exception toutefois\u2009: le Finist\u00e8re b\u00e9n\u00e9ficiera d\u2019un climat plus doux avec 6 \u00e0 7\u00a0\u00b0C.<\/p>\n<p class=\" wall-content\">\u00ab\u2009<strong>Jeudi,<\/strong> le temps sera sec, entre <strong>nuages et \u00e9claircies.<\/strong> Pour la suite, il est encore trop t\u00f4t pour le dire, mais il pourrait y avoir des averses \u00e0 partir de vendredi\u2009\u00bb, conclut J\u00e9r\u00f4me Dr\u00e9ano.<\/p>\n<p class=\" wall-content\">Personnalisez votre actualit\u00e9 en ajoutant vos villes et m\u00e9dias en favori avec <a href=\"https:\/\/moncompte.actu.fr\" title=\"D\u00e9couvez Mon Actu\" rel=\"nofollow noopener\" data-trk=\"{&quot;cta&quot;:{&quot;action&quot;:&quot;https:\\\/\\\/moncompte.actu.fr&quot;,&quot;category&quot;:&quot;mon compte&quot;,&quot;from&quot;:&quot;article footer&quot;,&quot;name&quot;:&quot;Mon actu&quot;,&quot;type&quot;:&quot;cta&quot;}}\" target=\"_blank\">Mon Actu<\/a>.<\/p>\n","protected":false},"excerpt":{"rendered":"Par Cl\u00e9mence Pays Publi\u00e9 le 27 d\u00e9c. 2025 \u00e0 6h02 Apr\u00e8s un No\u00ebl enneig\u00e9, \u00e0 quoi s\u2019attendre pour&hellip;\n","protected":false},"author":2,"featured_media":624950,"comment_status":"","ping_status":"","sticky":false,"template":"","format":"standard","meta":{"footnotes":""},"categories":[2821],"tags":[1111,11,829,1777,674,1011,27,2487,12,584,25],"class_list":{"0":"post-624949","1":"post","2":"type-post","3":"status-publish","4":"format-standard","5":"has-post-thumbnail","7":"category-rennes","8":"tag-actu","9":"tag-actualites","10":"tag-bretagne","11":"tag-eu","12":"tag-europe","13":"tag-fr","14":"tag-france","15":"tag-meteo","16":"tag-news","17":"tag-rennes","18":"tag-republique-francaise"},"share_on_mastodon":{"url":"https:\/\/pubeurope.com\/@fr\/115790795433568363","error":""},"_links":{"self":[{"href":"https:\/\/www.europesays.com\/fr\/wp-json\/wp\/v2\/posts\/624949","targetHints":{"allow":["GET"]}}],"collection":[{"href":"https:\/\/www.europesays.com\/fr\/wp-json\/wp\/v2\/posts"}],"about":[{"href":"https:\/\/www.europesays.com\/fr\/wp-json\/wp\/v2\/types\/post"}],"author":[{"embeddable":true,"href":"https:\/\/www.europesays.com\/fr\/wp-json\/wp\/v2\/users\/2"}],"replies":[{"embeddable":true,"href":"https:\/\/www.europesays.com\/fr\/wp-json\/wp\/v2\/comments?post=624949"}],"version-history":[{"count":0,"href":"https:\/\/www.europesays.com\/fr\/wp-json\/wp\/v2\/posts\/624949\/revisions"}],"wp:featuredmedia":[{"embeddable":true,"href":"https:\/\/www.europesays.com\/fr\/wp-json\/wp\/v2\/media\/624950"}],"wp:attachment":[{"href":"https:\/\/www.europesays.com\/fr\/wp-json\/wp\/v2\/media?parent=624949"}],"wp:term":[{"taxonomy":"category","embeddable":true,"href":"https:\/\/www.europesays.com\/fr\/wp-json\/wp\/v2\/categories?post=624949"},{"taxonomy":"post_tag","embeddable":true,"href":"https:\/\/www.europesays.com\/fr\/wp-json\/wp\/v2\/tags?post=624949"}],"curies":[{"name":"wp","href":"https:\/\/api.w.org\/{rel}","templated":true}]}}