{"id":624951,"date":"2025-12-27T09:21:11","date_gmt":"2025-12-27T09:21:11","guid":{"rendered":"https:\/\/www.europesays.com\/fr\/624951\/"},"modified":"2025-12-27T09:21:11","modified_gmt":"2025-12-27T09:21:11","slug":"nto-naive-new-beaters-trinix-de-nouveaux-grands-noms-sajoutent-a-la-prog-2026","status":"publish","type":"post","link":"https:\/\/www.europesays.com\/fr\/624951\/","title":{"rendered":"NTO, Naive New Beaters, Trinix&#8230; De nouveaux (grands) noms s&rsquo;ajoutent \u00e0 la prog&rsquo; 2026"},"content":{"rendered":"<p>                    Par<br \/>\n        <strong><br \/>\n            <a href=\"https:\/\/actu.fr\/auteur\/brian-legoff\" title=\"Consulter tous les articles de Brian Le Goff\" target=\"_blank\" rel=\"noopener\">Brian Le Goff<\/a><br \/>\n                    <\/strong><\/p>\n<p>        Publi\u00e9 le<\/p>\n<p>            27 d\u00e9c. 2025 \u00e0 10h20        <\/p>\n<p>Avec de <strong>nombreuses propositions musicales et th\u00e9\u00e2trales,<\/strong> <a href=\"https:\/\/actu.fr\/tag\/festival-mythos\" target=\"_blank\" rel=\"noopener\">Mythos, le festival<\/a> d\u00e9di\u00e9 aux arts de la parole sous toutes ses formes, revient du 3 au 12\u00a0avril 2026 dans plusieurs lieux de Rennes, et surtout dans le parc du Thabor, point n\u00e9vralgique de l\u2019\u00e9v\u00e9nement. Et comme l\u2019assurait \u00e0 <a href=\"https:\/\/actu.fr\/rennes\/\" target=\"_blank\" rel=\"noopener\">actu Rennes<\/a> tout d\u00e9but d\u00e9cembre la programmatrice \u00c9milie Audren, <a href=\"https:\/\/actu.fr\/bretagne\/rennes_35238\/on-n-attend-pas-de-tout-avoir-pour-annoncer-a-rennes-le-festival-mythos-devoile-12-nouveaux-artistes_63521919.html\" target=\"_blank\" rel=\"noopener\">les organisateurs \u00ab\u2009n\u2019attendent pas de tout avoir pour annoncer\u2009\u00bb les nouveaux artistes<\/a> qui rejoignent la programmation. Alors, en cette fin d\u2019ann\u00e9e, la r\u00e9daction vous pr\u00e9sente les derniers noms d\u00e9voil\u00e9s.<\/p>\n<p>C\u00f4t\u00e9 concert<\/p>\n<p class=\" wall-content\">C\u00f4t\u00e9 musique, les artistes de la sc\u00e8ne \u00e9lectro ne manqueront pas\u2009:<\/p>\n<ul class=\" wall-content\">\n<li><strong>Trinix<\/strong>, le dimanche 5\u00a0avril, au Cabaret botanique\u2009;<\/li>\n<\/ul>\n<p class=\" wall-content\">\n<ul class=\" wall-content\">\n<li><strong>Naive New Beaters<\/strong>, jeudi 9\u00a0avril 2026, au Cabaret botanique<\/li>\n<\/ul>\n<p class=\" wall-content\">\n<ul class=\" wall-content\">\n<li><strong>NTO<\/strong>, le vendredi 10\u00a0avril, au Cabaret botanique<\/li>\n<\/ul>\n<p class=\" wall-content\">\n<p class=\" wall-content\">Et il y a aussi\u2009:<\/p>\n<ul class=\" wall-content\">\n<li><strong>Lewis Ofman<\/strong>, le mardi 7\u00a0avril, au Cabaret botanique<\/li>\n<\/ul>\n<p>Votre r\u00e9gion, votre actu !<\/p>\n<p>Recevez chaque jour les infos qui comptent pour vous.<\/p>\n<p>\t<a href=\"https:\/\/actu.fr\/newsletter\" class=\"ac-btn ac-btn--corner ac-btn--medium ac-btn--blue800\" target=\"_blank\" rel=\"noopener\">S&rsquo;incrire<\/a><\/p>\n<p class=\" wall-content\">\n<ul class=\" wall-content\">\n<li><strong>Bonne Nuit<\/strong>, le 10\u00a0avril, au Cabaret botanique<\/li>\n<\/ul>\n<p class=\" wall-content\">\n<p>C\u00f4t\u00e9 th\u00e9\u00e2tre<\/p>\n<p class=\" wall-content\">Un nouveau spectacle a \u00e9t\u00e9 ajout\u00e9. Il se d\u00e9roulera \u00e0 l\u2019Op\u00e9ra de Rennes les samedi\u00a04 et mercredi 8\u00a0avril, \u00e0 18h et les mardi\u00a07 et vendredi 10\u00a0avril, \u00e0 21h.<\/p>\n<p class=\" wall-content\">Avec Soprane, un seule en sc\u00e8ne documentaire, ni tout \u00e0 fait r\u00e9cital, ni tout \u00e0 fait conf\u00e9rence mise en sc\u00e8ne, <strong>Jeanne Crousaud<\/strong> met au jour le m\u00e9tier de chanteuse lyrique \u00e0 la lumi\u00e8re d\u2019une trentaine d\u2019entretiens r\u00e9alis\u00e9s aupr\u00e8s des artistes lyriques, mis en sc\u00e8ne, \u00e9crit et dirig\u00e9 par <strong>David Gauchard et Emmanuelle Hiron<\/strong>.<\/p>\n<p class=\" wall-content\">La <a href=\"https:\/\/www.festival-mythos.com\/billetterie-pass\/\" target=\"_blank\" rel=\"noopener\">billetterie est d\u2019ores et d\u00e9j\u00e0 ouverte sur le site officiel du festival<\/a>.<\/p>\n<p class=\" wall-content\">Personnalisez votre actualit\u00e9 en ajoutant vos villes et m\u00e9dias en favori avec <a href=\"https:\/\/moncompte.actu.fr\" title=\"D\u00e9couvez Mon Actu\" rel=\"nofollow noopener\" data-trk=\"{&quot;cta&quot;:{&quot;action&quot;:&quot;https:\\\/\\\/moncompte.actu.fr&quot;,&quot;category&quot;:&quot;mon compte&quot;,&quot;from&quot;:&quot;article footer&quot;,&quot;name&quot;:&quot;Mon actu&quot;,&quot;type&quot;:&quot;cta&quot;}}\" target=\"_blank\">Mon Actu<\/a>.<\/p>\n","protected":false},"excerpt":{"rendered":"Par Brian Le Goff Publi\u00e9 le 27 d\u00e9c. 2025 \u00e0 10h20 Avec de nombreuses propositions musicales et th\u00e9\u00e2trales,&hellip;\n","protected":false},"author":2,"featured_media":624952,"comment_status":"","ping_status":"","sticky":false,"template":"","format":"standard","meta":{"footnotes":""},"categories":[2821],"tags":[1111,11,829,1697,1777,674,849,55198,1011,27,1652,873,12,584,25],"class_list":{"0":"post-624951","1":"post","2":"type-post","3":"status-publish","4":"format-standard","5":"has-post-thumbnail","7":"category-rennes","8":"tag-actu","9":"tag-actualites","10":"tag-bretagne","11":"tag-concert","12":"tag-eu","13":"tag-europe","14":"tag-festival","15":"tag-festival-mythos","16":"tag-fr","17":"tag-france","18":"tag-loisirs-culture","19":"tag-musique","20":"tag-news","21":"tag-rennes","22":"tag-republique-francaise"},"share_on_mastodon":{"url":"","error":""},"_links":{"self":[{"href":"https:\/\/www.europesays.com\/fr\/wp-json\/wp\/v2\/posts\/624951","targetHints":{"allow":["GET"]}}],"collection":[{"href":"https:\/\/www.europesays.com\/fr\/wp-json\/wp\/v2\/posts"}],"about":[{"href":"https:\/\/www.europesays.com\/fr\/wp-json\/wp\/v2\/types\/post"}],"author":[{"embeddable":true,"href":"https:\/\/www.europesays.com\/fr\/wp-json\/wp\/v2\/users\/2"}],"replies":[{"embeddable":true,"href":"https:\/\/www.europesays.com\/fr\/wp-json\/wp\/v2\/comments?post=624951"}],"version-history":[{"count":0,"href":"https:\/\/www.europesays.com\/fr\/wp-json\/wp\/v2\/posts\/624951\/revisions"}],"wp:featuredmedia":[{"embeddable":true,"href":"https:\/\/www.europesays.com\/fr\/wp-json\/wp\/v2\/media\/624952"}],"wp:attachment":[{"href":"https:\/\/www.europesays.com\/fr\/wp-json\/wp\/v2\/media?parent=624951"}],"wp:term":[{"taxonomy":"category","embeddable":true,"href":"https:\/\/www.europesays.com\/fr\/wp-json\/wp\/v2\/categories?post=624951"},{"taxonomy":"post_tag","embeddable":true,"href":"https:\/\/www.europesays.com\/fr\/wp-json\/wp\/v2\/tags?post=624951"}],"curies":[{"name":"wp","href":"https:\/\/api.w.org\/{rel}","templated":true}]}}