{"id":624957,"date":"2025-12-27T09:24:26","date_gmt":"2025-12-27T09:24:26","guid":{"rendered":"https:\/\/www.europesays.com\/fr\/624957\/"},"modified":"2025-12-27T09:24:26","modified_gmt":"2025-12-27T09:24:26","slug":"le-recit-dune-semaine-suspendue-au-mur-de-langoisse-entre-monaco-et-beausoleil","status":"publish","type":"post","link":"https:\/\/www.europesays.com\/fr\/624957\/","title":{"rendered":"le r\u00e9cit d\u2019une semaine suspendue au \u00ab mur de l\u2019angoisse \u00bb entre Monaco et Beausoleil"},"content":{"rendered":"<p class=\"fs-5 \">No\u00ebl \u00e0 l\u2019h\u00f4tel. Ce n\u2019est malheureusement pas un t\u00e9l\u00e9film du moment avec Monte-Carlo en toile de fond mais la r\u00e9alit\u00e9 de dizaines de riverains de l\u2019ex-coll\u00e8ge Charles-III qui, \u00e9vacu\u00e9s de leur logement<strong> \u00e0 titre pr\u00e9ventif<\/strong> ce mercredi, passent les f\u00eates de fin d\u2019ann\u00e9e dans un h\u00f4tel de Monaco. Sauf \u00e0 disposer de leur propre solution alternative d\u2019h\u00e9bergement.<\/p>\n<p class=\"fs-5 \">\u00ab Nous voulions <strong>permettre aux familles de passer No\u00ebl en toute s\u00e9curit\u00e9<\/strong> plut\u00f4t que les yeux riv\u00e9s sur un indicateur \u00bb, justifiait ce mercredi apr\u00e8s-midi la conseill\u00e8re de gouvernement-ministre de l\u2019\u00c9quipement et de l\u2019Urbanisme, C\u00e9line Caron-Dagioni, lors de la conf\u00e9rence de presse d\u00e9taillant les raisons de la mise en \u0153uvre de ces \u00e9vacuations pr\u00e9ventives. R\u00e9cit.<\/p>\n<p class=\"fs-5 \"><strong> Samedi 20 d\u00e9cembre, 11 h 23 :<\/strong> le gouvernement adresse un communiqu\u00e9 \u00e0 la presse, annon\u00e7ant que les lyc\u00e9ens d\u2019Albert-Ier, scolaris\u00e9s cette ann\u00e9e dans l\u2019ex-coll\u00e8ge Charles-III, feront leur rentr\u00e9e de janvier en distanciel \u00ab en raison des derni\u00e8res mesures de suivi qui font appara\u00eetre une acc\u00e9l\u00e9ration du ph\u00e9nom\u00e8ne de d\u00e9formation \u00bb de la paroi de sout\u00e8nement du talus qui surplombe l\u2019ancien coll\u00e8ge.<\/p>\n<p>        <img src=\"https:\/\/www.europesays.com\/fr\/wp-content\/uploads\/2025\/12\/0fa8cd7_upload-1-r7jdhwgpkngm-maxmatinarchtwo136518-medium.jpg\"   loading=\"lazy\" decoding=\"async\" alt=\"Livr\u00e9e en 1969\u00a0dans le quartier de La Rousse (Annonciade), l\u2019ancien coll\u00e8ge Charles-III accueillent provisoirement les lyc\u00e9ens d\u2019Albert-Ier cette ann\u00e9e \u00e0 Monaco. Le talus mena\u00e7ant se situe \u00e0 l\u2019arri\u00e8re de ce b\u00e2timent principal.\" class=\"img-fluid position-absolute w-100 object-fit-cover rounded-2\" width=\"600\" height=\"400\"\/><\/p>\n<p class=\"fs-5 \"><strong> Samedi 20 d\u00e9cembre, 14 h 30 :<\/strong> Monaco-Matin constate sur site l\u2019intervention d\u2019ouvriers d\u2019une soci\u00e9t\u00e9 mon\u00e9gasque sp\u00e9cialis\u00e9e dans les op\u00e9rations de sout\u00e8nement. Des tirants actifs commencent \u00e0 \u00eatre pos\u00e9s sur le mur d\u00e9faillant pour ma\u00eetriser la pression exerc\u00e9e par le talus.<\/p>\n<p class=\"fs-5 \"><strong> Lundi 22 d\u00e9cembre :<\/strong> le parking de l\u2019Annonciade est ferm\u00e9.<\/p>\n<p class=\"fs-5 \"><strong> Lundi 22 d\u00e9cembre, 14 h 40 :<\/strong> le ministre d\u2019\u00c9tat, Christophe Mirmand, se rend sur site pour mesurer l\u2019ampleur des travaux avec des experts. Au 1er \u00e9tage de l\u2019ex-coll\u00e8ge Charles-III, un mur a \u00e9t\u00e9 d\u00e9pos\u00e9 pour acc\u00e9der \u00e0 la portion de la paroi de sout\u00e8nement qui inqui\u00e8te.<\/p>\n<p class=\"fs-5 \"><strong> Mardi 23 d\u00e9cembre, 16 h 52 :<\/strong> nouveau communiqu\u00e9 de presse du gouvernement annon\u00e7ant \u00ab que les r\u00e9sidents des immeubles alentours concern\u00e9s par un risque de glissement du talus ont \u00e9t\u00e9 contact\u00e9s \u00bb. \u00ab Les donn\u00e9es indiquent qu\u2019un seuil critique pourrait \u00eatre atteint, qui justifierait la mise en \u0153uvre d\u2019une \u00e9vacuation pr\u00e9ventive des immeubles qu\u2019ils occupent \u00bb, pr\u00e9cise le ministre d\u2019\u00c9tat.<\/p>\n<p class=\"fs-5 \"><strong> Mardi 23 d\u00e9cembre, 17 h 01 :<\/strong> des riverains des immeubles Point du Jour et Virginia Plaza, situ\u00e9s dans la \u00ab zone d\u2019influence g\u00e9otechnique \u00bb, commencent \u00e0 nous faire parvenir le courrier qui leur a \u00e9t\u00e9 remis par des agents de la S\u00fbret\u00e9 publique. \u00ab Des travaux de confortement sont en cours et des mesures suppl\u00e9mentaires seront effectu\u00e9es par un cabinet sp\u00e9cialis\u00e9. Les premiers r\u00e9sultats de ces interventions seront connus \u00e0 partir du 26 d\u00e9cembre prochain et, au plus tard, le 4 janvier 2026. \u00bb<\/p>\n<p class=\"fs-5 \">Le courrier pr\u00e9pare surtout les riverains \u00e0 partir \u00e0 la h\u00e2te. \u00ab Un seuil critique pourrait \u00eatre atteint, qui justifierait la mise en \u0153uvre d\u2019une \u00e9vacuation pr\u00e9ventive des immeubles vuln\u00e9rables. \u00bb Ainsi est recommand\u00e9 aux personnes concern\u00e9es de pr\u00e9parer \u00ab un sac d\u2019affaires de rechange, un n\u00e9cessaire de toilette, papiers, documents essentiels et m\u00e9dicaments indispensables \u00bb.<\/p>\n<p class=\"fs-5 \">De son c\u00f4t\u00e9, la police municipale de Beausoleil alerte les habitants des immeubles situ\u00e9s aux 24 et 26 du boulevard Guynemer, de l\u2019\u00e9ventualit\u00e9 d\u2019une \u00e9vacuation. Trois autres b\u00e2timents sont cibl\u00e9s mais inoccup\u00e9s [finalement seront aussi \u00e9vacu\u00e9s le 24 d\u00e9cembre des r\u00e9sidents du 31, rue des Orchid\u00e9es, ndlr].<\/p>\n<p class=\"fs-5 \"><strong> Mercredi 24 d\u00e9cembre, 11 h :<\/strong> une r\u00e9union de crise est organis\u00e9e au Minist\u00e8re d\u2019\u00c9tat. Une cellule de crise, pilot\u00e9e par le directeur g\u00e9n\u00e9ral du D\u00e9partement de l\u2019Int\u00e9rieur, Christophe Prat, est activ\u00e9e \u00e0 l\u2019issue par le ministre d\u2019\u00c9tat.<\/p>\n<p class=\"fs-5 \"><strong> Mercredi 24 d\u00e9cembre, 12 h 59 :<\/strong> le gouvernement invite la presse au Minist\u00e8re d\u2019\u00c9tat \u00e0 15 h \u00ab afin de faire un point d\u2019\u00e9tape \u00bb.<\/p>\n<p class=\"fs-5 \"><strong> Mercredi 24 d\u00e9cembre, 14 h :<\/strong> Monaco-Matin est alert\u00e9 par des habitants du quartier de l\u2019Annonciade du d\u00e9ploiement de pompiers, agents de la S\u00fbret\u00e9 publique et Carabiniers du Prince autour du coll\u00e8ge Charles-III.<\/p>\n<p class=\"fs-5 \"><strong> Mercredi 24 d\u00e9cembre, 14 h 16 :<\/strong> Lors du point presse de 15 h, le colonel Tony Varo, commandant sup\u00e9rieur de la Force publique (pompiers et Carabiniers), d\u00e9taille le dispositif qui vient d\u2019\u00eatre enclench\u00e9. \u00ab Les op\u00e9rations d\u2019\u00e9vacuation ont d\u00e9marr\u00e9 de mani\u00e8re concomitante en France et \u00e0 Monaco \u00e0 14 h 16. Il y a d\u2019abord eu une neutralisation de l\u2019avenue de l\u2019Annonciade, qui sera ferm\u00e9e \u00e0 la circulation et aux pi\u00e9tons pour des raisons de s\u00e9curit\u00e9 \u00e9vidente. Le dispositif a \u00e9t\u00e9 cl\u00f4tur\u00e9, puis sapeurs pompiers et policiers se sont pr\u00e9sent\u00e9s aux r\u00e9sidents qui avaient \u00e9t\u00e9 identifi\u00e9s au pr\u00e9alable\u2026 \u00bb<\/p>\n<p class=\"fs-5 \">Les Carabiniers du Prince assurant notamment l\u2019acheminement des Mon\u00e9gasques et Beausoleillois qui le souhaitaient vers l\u2019h\u00f4tel mis \u00e0 disposition, au moyen de deux mini-bus sp\u00e9cialement affr\u00e9t\u00e9s et \u00ab avec un accueil privil\u00e9gi\u00e9 \u00bb.<\/p>\n<p class=\"fs-5 \">La conseill\u00e8re de gouvernement-ministre C\u00e9line Caron-Dagioni confirme, elle, que le \u00ab seuil d\u2019alerte critique \u00bb a \u00e9t\u00e9 atteint les heures pr\u00e9c\u00e9dentes. Et justifie l\u2019\u00e9vacuation ainsi : \u00ab la pression constat\u00e9e ces derniers jours sur le mur a \u00e9t\u00e9 stabilis\u00e9e, mais \u00e0 un niveau qui reste trop \u00e9lev\u00e9 en termes de pr\u00e9vention \u00bb. Assurant que le p\u00e9rim\u00e8tre de s\u00e9curit\u00e9 n\u2019inclut pas la Tour Od\u00e9on, qui s\u2019av\u00e8re \u00ab autoporteuse \u00bb.<\/p>\n<p class=\"fs-5 \">Pr\u00e9sent \u00e0 la conf\u00e9rence, le conseiller-ministre des Affaires sociales et la Sant\u00e9, Christophe Robino, insiste sur la mobilisation de l\u2019ensemble des D\u00e9partements du gouvernement. \u00ab Il y a un accompagnement des r\u00e9sidents tout au long de leur parcours. Les \u00e9quipes de la Fonction publique les informent et orientent. Une veille est \u00e9galement assur\u00e9e pour r\u00e9orienter vers la structure d\u2019accueil des personnes qui n\u2019auraient pu \u00eatre contact\u00e9es et se pr\u00e9senteraient. \u00bb<\/p>\n<p class=\"fs-5 \"><strong> Jeudi 25 d\u00e9cembre :<\/strong> ce jeudi, une soci\u00e9t\u00e9 priv\u00e9e assurait la surveillance de la zone, derri\u00e8re les barri\u00e8res interdisant notamment l\u2019acc\u00e8s \u00e0 l\u2019avenue de l\u2019Annonciade. Sur place, si les rumeurs allaient bon train quant \u00e0 la solidit\u00e9 de ce mur surveill\u00e9 depuis les ann\u00e9es 70 et muni de capteurs depuis les ann\u00e9es 2000, le calme r\u00e9gnait.<\/p>\n<p class=\"fs-5 \">Le gouvernement devrait \u00e0 nouveau faire un point d\u2019\u00e9tape lundi, avant de pr\u00e9ciser avant la rentr\u00e9e le lieu o\u00f9 les 840 lyc\u00e9ens d\u2019Albert-Ier poursuivront leur scolarit\u00e9, apr\u00e8s quelques jours de travail \u00e0 distance.<\/p>\n","protected":false},"excerpt":{"rendered":"No\u00ebl \u00e0 l\u2019h\u00f4tel. Ce n\u2019est malheureusement pas un t\u00e9l\u00e9film du moment avec Monte-Carlo en toile de fond mais&hellip;\n","protected":false},"author":2,"featured_media":624958,"comment_status":"","ping_status":"","sticky":false,"template":"","format":"standard","meta":{"footnotes":""},"categories":[2819],"tags":[1111,11,1777,674,1011,27,12,2401,882,25],"class_list":{"0":"post-624957","1":"post","2":"type-post","3":"status-publish","4":"format-standard","5":"has-post-thumbnail","7":"category-nice","8":"tag-actu","9":"tag-actualites","10":"tag-eu","11":"tag-europe","12":"tag-fr","13":"tag-france","14":"tag-news","15":"tag-nice","16":"tag-provence-alpes-cote-dazur","17":"tag-republique-francaise"},"share_on_mastodon":{"url":"https:\/\/pubeurope.com\/@fr\/115790812364990126","error":""},"_links":{"self":[{"href":"https:\/\/www.europesays.com\/fr\/wp-json\/wp\/v2\/posts\/624957","targetHints":{"allow":["GET"]}}],"collection":[{"href":"https:\/\/www.europesays.com\/fr\/wp-json\/wp\/v2\/posts"}],"about":[{"href":"https:\/\/www.europesays.com\/fr\/wp-json\/wp\/v2\/types\/post"}],"author":[{"embeddable":true,"href":"https:\/\/www.europesays.com\/fr\/wp-json\/wp\/v2\/users\/2"}],"replies":[{"embeddable":true,"href":"https:\/\/www.europesays.com\/fr\/wp-json\/wp\/v2\/comments?post=624957"}],"version-history":[{"count":0,"href":"https:\/\/www.europesays.com\/fr\/wp-json\/wp\/v2\/posts\/624957\/revisions"}],"wp:featuredmedia":[{"embeddable":true,"href":"https:\/\/www.europesays.com\/fr\/wp-json\/wp\/v2\/media\/624958"}],"wp:attachment":[{"href":"https:\/\/www.europesays.com\/fr\/wp-json\/wp\/v2\/media?parent=624957"}],"wp:term":[{"taxonomy":"category","embeddable":true,"href":"https:\/\/www.europesays.com\/fr\/wp-json\/wp\/v2\/categories?post=624957"},{"taxonomy":"post_tag","embeddable":true,"href":"https:\/\/www.europesays.com\/fr\/wp-json\/wp\/v2\/tags?post=624957"}],"curies":[{"name":"wp","href":"https:\/\/api.w.org\/{rel}","templated":true}]}}