{"id":624959,"date":"2025-12-27T09:25:14","date_gmt":"2025-12-27T09:25:14","guid":{"rendered":"https:\/\/www.europesays.com\/fr\/624959\/"},"modified":"2025-12-27T09:25:14","modified_gmt":"2025-12-27T09:25:14","slug":"pres-de-nice-cette-commune-perd-des-habitants-elle-contre-attaque-et-sen-prend-a-linsee","status":"publish","type":"post","link":"https:\/\/www.europesays.com\/fr\/624959\/","title":{"rendered":"Pr\u00e8s de Nice. Cette commune perd des habitants, elle contre attaque et s&rsquo;en prend \u00e0 l&rsquo;Insee"},"content":{"rendered":"<p>                    Par<br \/>\n        <strong><br \/>\n            <a href=\"https:\/\/actu.fr\/auteur\/ugo-maillard\" title=\"Consulter tous les articles de Ugo Maillard\" target=\"_blank\" rel=\"noopener\">Ugo Maillard<\/a><br \/>\n                    <\/strong><\/p>\n<p>        Publi\u00e9 le<\/p>\n<p>            27 d\u00e9c. 2025 \u00e0 9h04        <\/p>\n<p>Le jeudi 18\u00a0d\u00e9cembre 2025, l\u2019Institut national de la statistique et des \u00e9tudes \u00e9conomiques (Insee) a d\u00e9voil\u00e9 les chiffres de l\u2019\u00e9volution de la population de chaque commune fran\u00e7aise. Selon leurs donn\u00e9es, dans les <a href=\"https:\/\/actu.fr\/societe\/alpes-maritimes-votre-commune-a-t-elle-perdu-ou-gagne-des-habitants-les-chiffres_63595169.html\" target=\"_blank\" rel=\"noopener\">plus grandes villes des Alpes-Maritimes<\/a>, seule la commune de <strong>Mandelieu-la-Napoule<\/strong> perd des habitants <strong>entre\u00a02017 et\u00a02023<\/strong>. Le recensement de l\u2019Insee fait \u00e9tat de 21\u2009640\u00a0habitants en 2023, soit une perte de 812\u00a0habitants depuis 2017.<\/p>\n<p class=\" wall-content\">La r\u00e9daction d\u2019<a href=\"https:\/\/actu.fr\/nice\/\" target=\"_blank\" rel=\"noopener\">actu Nice<\/a> a sollicit\u00e9 les services municipaux pour conna\u00eetre les raisons de cette baisse de Mandolociens et Napoulois.<\/p>\n<p>\u00ab\u2009Un \u00e9tat des lieux incorrect\u2009\u00bb<\/p>\n<p class=\" wall-content\">La commune de Mandelieu-la-Napoule souffre-t-elle d\u2019un manque d\u2019attractivit\u00e9\u2009? Une question balay\u00e9e d\u2019un revers de main par la mairie, qui fustige \u00ab\u2009un \u00e9tat des lieux incorrect\u2009\u00bb.<\/p>\n<p>    <a href=\"https:\/\/www.google.com\/maps\/embed?pb=!1m18!1m12!1m3!1d185120.7465641647!2d6.753183603004517!3d43.533375103346096!2m3!1f0!2f0!3f0!3m2!1i1024!2i768!4f13.1!3m3!1m2!1s0x12ce8320cb630595%3A0x9ead3caddcae74b3!2s06210%20Mandelieu-la-Napoule!5e0!3m2!1sfr!2sfr!4v1766765794175!5m2!1sfr!2sfr\" title=\"Ouvrie le lien\" target=\"_blank\" rel=\"noopener\">Cliquez ici pour visualiser le contenu<\/a><\/p>\n<blockquote class=\"ac-article-quote wall-content\">\n<p>Les chiffres du dernier recensement ne refl\u00e8tent pas la r\u00e9alit\u00e9 du terrain, ni le dynamisme du territoire mandolocien.<\/p>\n<p>    <strong>Mairie de Mandelieu-la-Napoule<\/strong>\n            <\/p><\/blockquote>\n<p class=\" wall-content\">\u00ab\u2009La Ville de Mandelieu-la-Napoule entend saisir l\u2019Insee afin de lancer un travail d\u2019enqu\u00eate plus exhaustif que les campagnes annuelles men\u00e9es sur quelques \u00e9chantillons au sein des IRIS (\u00eelots Regroup\u00e9s pour Information Statistique)\u2009\u00bb, indiquent les services \u00e0 notre r\u00e9daction.<\/p>\n<p>Une population \u00ab\u2009d\u2019environ 30\u2009000\u00a0habitants\u2009\u00bb<\/p>\n<p class=\" wall-content\">Cette baisse observ\u00e9e par les \u00e9tudes de l\u2019Insee n\u2019est pas dig\u00e9r\u00e9e dans la commune maralpine. \u00ab\u2009Cette r\u00e9\u00e9valuation de la situation sera de nature \u00e0 r\u00e9\u00e9quilibrer les donn\u00e9es de mani\u00e8re objective et incontestable\u2009\u00bb, assure la mairie.<\/p>\n<p>Votre r\u00e9gion, votre actu !<\/p>\n<p>Recevez chaque jour les infos qui comptent pour vous.<\/p>\n<p>\t<a href=\"https:\/\/actu.fr\/newsletter\" class=\"ac-btn ac-btn--corner ac-btn--medium ac-btn--blue800\" target=\"_blank\" rel=\"noopener\">S&rsquo;incrire<\/a><\/p>\n<p class=\" wall-content\">Pour appuyer leurs dires et tancer \u00ab\u2009cette mauvaise photographie du territoire\u2009\u00bb, la Ville mentionne \u00ab\u2009la population DGF (Dotation Globale de Fonctionnement) qui <strong>affiche un \u00e9cart incompr\u00e9hensible\u2009<\/strong>\u00bb puisqu\u2019estim\u00e9e \u00e0 environ 30\u2009000\u00a0habitants.<\/p>\n<p class=\" wall-content\">Personnalisez votre actualit\u00e9 en ajoutant vos villes et m\u00e9dias en favori avec <a href=\"https:\/\/moncompte.actu.fr\" title=\"D\u00e9couvez Mon Actu\" rel=\"nofollow noopener\" data-trk=\"{&quot;cta&quot;:{&quot;action&quot;:&quot;https:\\\/\\\/moncompte.actu.fr&quot;,&quot;category&quot;:&quot;mon compte&quot;,&quot;from&quot;:&quot;article footer&quot;,&quot;name&quot;:&quot;Mon actu&quot;,&quot;type&quot;:&quot;cta&quot;}}\" target=\"_blank\">Mon Actu<\/a>.<\/p>\n","protected":false},"excerpt":{"rendered":"Par Ugo Maillard Publi\u00e9 le 27 d\u00e9c. 2025 \u00e0 9h04 Le jeudi 18\u00a0d\u00e9cembre 2025, l\u2019Institut national de la&hellip;\n","protected":false},"author":2,"featured_media":179373,"comment_status":"","ping_status":"","sticky":false,"template":"","format":"standard","meta":{"footnotes":""},"categories":[2819],"tags":[1111,11,6969,1777,674,1011,27,12,2401,882,25,104],"class_list":{"0":"post-624959","1":"post","2":"type-post","3":"status-publish","4":"format-standard","5":"has-post-thumbnail","7":"category-nice","8":"tag-actu","9":"tag-actualites","10":"tag-demographie","11":"tag-eu","12":"tag-europe","13":"tag-fr","14":"tag-france","15":"tag-news","16":"tag-nice","17":"tag-provence-alpes-cote-dazur","18":"tag-republique-francaise","19":"tag-societe"},"share_on_mastodon":{"url":"https:\/\/pubeurope.com\/@fr\/115790815129455149","error":""},"_links":{"self":[{"href":"https:\/\/www.europesays.com\/fr\/wp-json\/wp\/v2\/posts\/624959","targetHints":{"allow":["GET"]}}],"collection":[{"href":"https:\/\/www.europesays.com\/fr\/wp-json\/wp\/v2\/posts"}],"about":[{"href":"https:\/\/www.europesays.com\/fr\/wp-json\/wp\/v2\/types\/post"}],"author":[{"embeddable":true,"href":"https:\/\/www.europesays.com\/fr\/wp-json\/wp\/v2\/users\/2"}],"replies":[{"embeddable":true,"href":"https:\/\/www.europesays.com\/fr\/wp-json\/wp\/v2\/comments?post=624959"}],"version-history":[{"count":0,"href":"https:\/\/www.europesays.com\/fr\/wp-json\/wp\/v2\/posts\/624959\/revisions"}],"wp:featuredmedia":[{"embeddable":true,"href":"https:\/\/www.europesays.com\/fr\/wp-json\/wp\/v2\/media\/179373"}],"wp:attachment":[{"href":"https:\/\/www.europesays.com\/fr\/wp-json\/wp\/v2\/media?parent=624959"}],"wp:term":[{"taxonomy":"category","embeddable":true,"href":"https:\/\/www.europesays.com\/fr\/wp-json\/wp\/v2\/categories?post=624959"},{"taxonomy":"post_tag","embeddable":true,"href":"https:\/\/www.europesays.com\/fr\/wp-json\/wp\/v2\/tags?post=624959"}],"curies":[{"name":"wp","href":"https:\/\/api.w.org\/{rel}","templated":true}]}}