{"id":624964,"date":"2025-12-27T09:30:29","date_gmt":"2025-12-27T09:30:29","guid":{"rendered":"https:\/\/www.europesays.com\/fr\/624964\/"},"modified":"2025-12-27T09:30:29","modified_gmt":"2025-12-27T09:30:29","slug":"girondins-bordeaux-champion-des-contrats-federaux-en-national-2","status":"publish","type":"post","link":"https:\/\/www.europesays.com\/fr\/624964\/","title":{"rendered":"Girondins : Bordeaux champion des contrats f\u00e9d\u00e9raux en National 2"},"content":{"rendered":"<p><img decoding=\"async\" src=\"https:\/\/www.europesays.com\/fr\/wp-content\/uploads\/2025\/09\/671_6538fdac2916e7c2d2f938f2adc192c3.jpg\" alt=\"Girondins : Bordeaux champion des contrats f\u00e9d\u00e9raux en National 2\" class=\"img-responsive mt-3\"\/><\/p>\n<p class=\"text-center mb-3\" style=\"font-size: 14px\">\u00a9 Iconsport<\/p>\n<p>      <strong>National 2 : pourquoi les Girondins de Bordeaux dominent avec 22 contrats f\u00e9d\u00e9raux ?<\/strong><\/p>\n<p>\u00a0<\/p>\n<p style=\"text-align: justify;\">Les Girondins de Bordeaux ont enregistr\u00e9 22 contrats f\u00e9d\u00e9raux cette saison. Aucun autre club ne fait plus parmi les 48 \u00e9quipes de National 2.<\/p>\n<p style=\"text-align: justify;\">L&rsquo;US C\u00e9rtail Lusitanos en comptabilisent autant, et l&rsquo;AS Cannes en d\u00e9nombre 21, d\u00e9taille le site <a href=\"https:\/\/footamateur.ouest-france.fr\/contrats-federaux-bordeaux-et-creteil-en-tete-du-national-2-2025\/\" target=\"_blank\" rel=\"noopener\">Footamateur<\/a>.<\/p>\n<p style=\"text-align: justify;\">Bordeaux a r\u00e9duit la quantit\u00e9 de contrats f\u00e9d\u00e9raux, car le club de G\u00e9rard Lopez en d\u00e9nombrait 29 la saison derni\u00e8re.<\/p>\n<p style=\"text-align: justify;\">Dans la Poule A, Bordeaux est largement en t\u00eate sur le nombre de contrats f\u00e9d\u00e9raux dans l&rsquo;effectif, seuls Saint-Malo (16), Avranches (15), Granville (13) et les Herbiers (13) tentent de rivaliser avec plus de dix contrats f\u00e9d\u00e9raux.<\/p>\n<p style=\"text-align: justify;\">Lorient(2), Saumur et Montlouis ne comptent aucun contrat f\u00e9d\u00e9ral.<\/p>\n<p style=\"text-align: justify;\">Priv\u00e9s de centre de formation dont la fermeture a \u00e9t\u00e9 d\u00e9cid\u00e9e par le propri\u00e9taire du club, G\u00e9rard Lopez lors de l\u2019\u00e9t\u00e9 2024, les Girondins sont dans l&rsquo;obligation de recruter des joueurs sous contrats f\u00e9d\u00e9raux.<\/p>\n<p style=\"text-align: justify;\">Enfin, les Girondins font figure d&rsquo;\u00e9pouvantails dans cette division et sont largement favoris de la poule A pour l&rsquo;accession au championnat de National 1. Bordeaux est premier \u00e0 la tr\u00eave (<a href=\"https:\/\/www.webgirondins.com\/classement-girondins-national-2\" target=\"_blank\" rel=\"noopener\">voir le classement<\/a>).<\/p>\n<p style=\"text-align: justify;\">\u00c0 d\u00e9couvrir : <strong><a href=\"https:\/\/www.webgirondins.com\/actualite-girondins-girondins-cedric-yambere-devant-les-prud-hommes-pour-contester-sa-rupture-de-contrat-131275\" target=\"_blank\" rel=\"noopener\">Girondins : C\u00e9dric Yamber\u00e9 devant les prud\u2019hommes pour contester sa rupture de contrat ?<\/a><\/strong><\/p>\n<p>\u00c9coutez notre podcast court d&rsquo;actu sur les Girondins :<\/p>\n","protected":false},"excerpt":{"rendered":"\u00a9 Iconsport National 2 : pourquoi les Girondins de Bordeaux dominent avec 22 contrats f\u00e9d\u00e9raux ? \u00a0 Les&hellip;\n","protected":false},"author":2,"featured_media":379291,"comment_status":"","ping_status":"","sticky":false,"template":"","format":"standard","meta":{"footnotes":""},"categories":[2817],"tags":[1111,11,53922,3396,1997,3477,3362,21729,14772,73440,1777,674,73439,1011,27,1987,72024,3238,4361,12,2219,14992,5536,3051,37591,14649,25,3242],"class_list":{"0":"post-624964","1":"post","2":"type-post","3":"status-publish","4":"format-standard","5":"has-post-thumbnail","7":"category-bordeaux","8":"tag-actu","9":"tag-actualites","10":"tag-affichent","11":"tag-avec","12":"tag-bordeaux","13":"tag-cette","14":"tag-champion","15":"tag-contrats","16":"tag-creteil","17":"tag-enregistres","18":"tag-eu","19":"tag-europe","20":"tag-federaux","21":"tag-fr","22":"tag-france","23":"tag-girondins","24":"tag-lusitanos","25":"tag-national","26":"tag-nationale","27":"tag-news","28":"tag-nouvelle-aquitaine","29":"tag-partage","30":"tag-place","31":"tag-premiere","32":"tag-puissance","33":"tag-rare","34":"tag-republique-francaise","35":"tag-saison"},"share_on_mastodon":{"url":"https:\/\/pubeurope.com\/@fr\/115790835509748600","error":""},"_links":{"self":[{"href":"https:\/\/www.europesays.com\/fr\/wp-json\/wp\/v2\/posts\/624964","targetHints":{"allow":["GET"]}}],"collection":[{"href":"https:\/\/www.europesays.com\/fr\/wp-json\/wp\/v2\/posts"}],"about":[{"href":"https:\/\/www.europesays.com\/fr\/wp-json\/wp\/v2\/types\/post"}],"author":[{"embeddable":true,"href":"https:\/\/www.europesays.com\/fr\/wp-json\/wp\/v2\/users\/2"}],"replies":[{"embeddable":true,"href":"https:\/\/www.europesays.com\/fr\/wp-json\/wp\/v2\/comments?post=624964"}],"version-history":[{"count":0,"href":"https:\/\/www.europesays.com\/fr\/wp-json\/wp\/v2\/posts\/624964\/revisions"}],"wp:featuredmedia":[{"embeddable":true,"href":"https:\/\/www.europesays.com\/fr\/wp-json\/wp\/v2\/media\/379291"}],"wp:attachment":[{"href":"https:\/\/www.europesays.com\/fr\/wp-json\/wp\/v2\/media?parent=624964"}],"wp:term":[{"taxonomy":"category","embeddable":true,"href":"https:\/\/www.europesays.com\/fr\/wp-json\/wp\/v2\/categories?post=624964"},{"taxonomy":"post_tag","embeddable":true,"href":"https:\/\/www.europesays.com\/fr\/wp-json\/wp\/v2\/tags?post=624964"}],"curies":[{"name":"wp","href":"https:\/\/api.w.org\/{rel}","templated":true}]}}