{"id":624965,"date":"2025-12-27T09:32:19","date_gmt":"2025-12-27T09:32:19","guid":{"rendered":"https:\/\/www.europesays.com\/fr\/624965\/"},"modified":"2025-12-27T09:32:19","modified_gmt":"2025-12-27T09:32:19","slug":"video-decouvrez-le-nouveau-jardin-public-qui-va-ouvrir-a-la-rentree-sur-lile-du-ramier-a-toulouse","status":"publish","type":"post","link":"https:\/\/www.europesays.com\/fr\/624965\/","title":{"rendered":"VIDEO. D\u00e9couvrez le nouveau jardin public qui va ouvrir \u00e0 la rentr\u00e9e sur l&rsquo;\u00eele du Ramier \u00e0 Toulouse"},"content":{"rendered":"<p>                    Par<br \/>\n        <strong><br \/>\n            <a href=\"https:\/\/actu.fr\/auteur\/lea-afonso\" title=\"Consulter tous les articles de L\u00e9a Afonso\" target=\"_blank\" rel=\"noopener\">L\u00e9a Afonso<\/a><br \/>\n                    <\/strong><\/p>\n<p>        Publi\u00e9 le<\/p>\n<p>            27 d\u00e9c. 2025 \u00e0 7h12        <\/p>\n<p>Les Toulousains de longue date s\u2019en souviennent encore. Pendant des d\u00e9cennies, l<strong>\u2019\u00eele du Ramier<\/strong> rimait avec <strong>parc des expositions et Foire internationale de <a href=\"https:\/\/actu.fr\/toulouse\/\" target=\"_blank\" rel=\"noopener\">Toulouse<\/a>.<\/strong> Des journ\u00e9es enti\u00e8res \u00e0 d\u00e9ambuler de hall en hall, entre stands et animations. Mais ce souvenir appartient d\u00e9sormais au pass\u00e9. Depuis le d\u00e9m\u00e9nagement du parc des expos au MEETT, le site a entam\u00e9 une profonde m\u00e9tamorphose. En d\u00e9cembre 2025, ce paysage longtemps marqu\u00e9 par le b\u00e9ton et les structures industrielles laisse place \u00e0 un<strong> vaste \u00e9crin de verdure.<\/strong> Focus sur ce chantier d\u2019envergure.<\/p>\n<p>Un parc urbain au c\u0153ur de la Garonne<\/p>\n<p class=\" wall-content\">\u00c0 la mani\u00e8re d\u2019un <strong>Central Park \u00e0 la toulousaine<\/strong>, l\u2019\u00eele du Ramier est en train de devenir un immense <strong>parc urbain<\/strong>. Un projet estim\u00e9 \u00e0 <strong>125 millions d\u2019euros<\/strong> (des investissements sur plus d\u2019une d\u00e9cennie, ndlr) men\u00e9 dans le cadre du programme Grand Parc Garonne.<\/p>\n<p>    <img   decoding=\"async\" loading=\"lazy\" src=\"https:\/\/www.europesays.com\/fr\/wp-content\/uploads\/2025\/12\/ile-du-ramier6-960x640.jpeg\" alt=\"Un grand parc urbain pour les Toulousains.\" width=\"960\" height=\"640\"\/><br \/>\n    Un grand parc urbain pour les Toulousains. (\u00a9L\u00e9a Afonso \/ Actu Toulouse)<\/p>\n<p class=\" wall-content\">Install\u00e9 non loin de l\u2019emplacement de l\u2019ancien parc des expositions, un nouvel espace a \u00e9t\u00e9 pens\u00e9 pour redonner \u00e0 l\u2019\u00eele sa vocation premi\u00e8re. \u00ab Un <strong>lieu de promenade \u00e0 travers la nature<\/strong> et de s\u00e9r\u00e9nit\u00e9 ouvert \u00e0 tous \u00bb, <a href=\"https:\/\/actu.fr\/occitanie\/toulouse_31555\/en-images-toulouse-piste-cyclable-voliere-vegetalisation-le-parc-de-l-ile-du-ramier-prend-forme_62789224.html\" target=\"_blank\" rel=\"noopener\">avait r\u00e9sum\u00e9 le maire de Toulouse lors de la pr\u00e9sentation du projet.<\/a><\/p>\n<p>40 000 plantations pour recr\u00e9er un \u00eelot de fra\u00eecheur<\/p>\n<p class=\" wall-content\">La nature est au c\u0153ur de ce nouvel am\u00e9nagement. Un v\u00e9ritable d\u00e9fi, tant les sols de l\u2019ancien parc des expositions \u00e9taient devenus st\u00e9riles. En un an seulement, <strong>40 000 plantations ont \u00e9t\u00e9 r\u00e9alis\u00e9es : arbustes, v\u00e9g\u00e9taux, fleurs et jeunes arbres. <\/strong>Les arbres d\u00e9j\u00e0 pr\u00e9sents ont, eux, \u00e9t\u00e9 soigneusement conserv\u00e9s afin de cr\u00e9er un \u00eelot de fra\u00eecheur, particuli\u00e8rement pr\u00e9cieux lors des \u00e9pisodes de fortes chaleurs.<\/p>\n<p>    <img   decoding=\"async\" loading=\"lazy\" src=\"https:\/\/www.europesays.com\/fr\/wp-content\/uploads\/2025\/12\/ile-du-ramier8-960x640.jpeg\" alt=\"40 000 plantations ont \u00e9t\u00e9 r\u00e9alis\u00e9es en un an.\" width=\"960\" height=\"640\"\/><br \/>\n    40 000 plantations ont \u00e9t\u00e9 r\u00e9alis\u00e9es en un an. (\u00a9L\u00e9a Afonso \/ Actu Toulouse)<\/p>\n<p class=\" wall-content\">\u00ab L\u2019ancienne canop\u00e9e a \u00e9t\u00e9 pr\u00e9serv\u00e9e partout. C\u2019est l\u2019avantage de ce projet :<strong> on garde tous les arbres.<\/strong> On voit bien la diff\u00e9rence de temp\u00e9rature, on se rend compte de leur efficacit\u00e9 \u00bb, soulignait Jean-Luc Moudenc.<\/p>\n<p>Votre r\u00e9gion, votre actu !<\/p>\n<p>Recevez chaque jour les infos qui comptent pour vous.<\/p>\n<p>\t<a href=\"https:\/\/actu.fr\/newsletter\" class=\"ac-btn ac-btn--corner ac-btn--medium ac-btn--blue800\" target=\"_blank\" rel=\"noopener\">S&rsquo;incrire<\/a><br \/>\nUne place centrale donn\u00e9e aux mobilit\u00e9s douces<br \/>\n    <img   decoding=\"async\" loading=\"lazy\" src=\"https:\/\/www.europesays.com\/fr\/wp-content\/uploads\/2025\/12\/ile-du-ramier5-960x640.jpeg\" alt=\"De larges pistes cyclables bordent le parc.\" width=\"960\" height=\"640\"\/><br \/>\n    De larges pistes cyclables bordent le parc. (\u00a9L\u00e9a Afonso \/ Actu Toulouse)<\/p>\n<p class=\" wall-content\">Sur l\u2019\u00eele du Ramier, la voiture n\u2019est plus la bienvenue. Le parc fait d\u00e9sormais la part belle aux mobilit\u00e9s douces, avec de <strong>larges pistes cyclables et de vastes cheminements pi\u00e9tons. <\/strong>Des bancs ont \u00e9t\u00e9 install\u00e9s tout au long des parcours, et le site est facilement accessible, notamment gr\u00e2ce \u00e0 la <strong>passerelle reliant l\u2019\u00eele \u00e0 l\u2019avenue de Muret.<\/strong> Quatre <strong>stations V\u00e9l\u00d4Toulouse<\/strong> ont \u00e9galement \u00e9t\u00e9 implant\u00e9es pour encourager les d\u00e9placements \u00e0 v\u00e9lo.<\/p>\n<p>    <img   decoding=\"async\" loading=\"lazy\" src=\"https:\/\/www.europesays.com\/fr\/wp-content\/uploads\/2025\/12\/ile-du-ramier4-960x640.jpeg\" alt=\"Le parc est accessible par cette passerelle.\" width=\"960\" height=\"640\"\/><br \/>\n    Le parc est accessible par cette passerelle. (\u00a9L\u00e9a Afonso \/ Actu Toulouse)Une aire de jeux spectaculaire pour les enfants<\/p>\n<p class=\" wall-content\">Les plus jeunes ne sont pas oubli\u00e9s. En plein c\u0153ur du parc se dresse une impressionnante <strong>voli\u00e8re en acier rouge, haute de 16 m\u00e8tres et large de 32 m\u00e8tres<\/strong>. En son centre, une aire de jeux monumentale promet le bonheur des enfants.<\/p>\n<p>    <img   decoding=\"async\" loading=\"lazy\" src=\"https:\/\/www.europesays.com\/fr\/wp-content\/uploads\/2025\/12\/ile-du-ramier7-960x640.jpeg\" alt=\"La voli\u00e8re avec l'aire de jeux pour enfants au milieu.\" width=\"960\" height=\"640\"\/><br \/>\n    La voli\u00e8re avec l\u2019aire de jeux pour enfants au milieu. (\u00a9L\u00e9a Afonso \/ Actu Toulouse)<\/p>\n<p class=\" wall-content\">Deux toboggans vertigineux, des structures de grimpe et, \u00e0 terme, une tour en filet culminant \u00e0 12 m\u00e8tres seront accessibles. \u00ab Il y aura un sol souple en cas de chute et des motifs d\u2019oiseaux pour sensibiliser les enfants \u00e0 la biodiversit\u00e9 \u00bb, <a href=\"https:\/\/actu.fr\/occitanie\/toulouse_31555\/en-images-toulouse-piste-cyclable-voliere-vegetalisation-le-parc-de-l-ile-du-ramier-prend-forme_62789224.html\" target=\"_blank\" rel=\"noopener\">expliquait Henri Bava, architecte paysagiste en charge du projet.<\/a><\/p>\n<p>Une ouverture pr\u00e9vue \u00e0 la rentr\u00e9e 2026<\/p>\n<p class=\" wall-content\">Si quelques am\u00e9nagements restent encore \u00e0 finaliser, la fin des travaux se rapproche. Le parc de l\u2019\u00eele du Ramier doit <strong>ouvrir au public \u00e0 la rentr\u00e9e 2026<\/strong>, offrant aux Toulousains un nouveau poumon vert en plein c\u0153ur de la ville.<\/p>\n<p class=\" wall-content\">Personnalisez votre actualit\u00e9 en ajoutant vos villes et m\u00e9dias en favori avec <a href=\"https:\/\/moncompte.actu.fr\" title=\"D\u00e9couvez Mon Actu\" rel=\"nofollow noopener\" data-trk=\"{&quot;cta&quot;:{&quot;action&quot;:&quot;https:\\\/\\\/moncompte.actu.fr&quot;,&quot;category&quot;:&quot;mon compte&quot;,&quot;from&quot;:&quot;article footer&quot;,&quot;name&quot;:&quot;Mon actu&quot;,&quot;type&quot;:&quot;cta&quot;}}\" target=\"_blank\">Mon Actu<\/a>.<\/p>\n","protected":false},"excerpt":{"rendered":"Par L\u00e9a Afonso Publi\u00e9 le 27 d\u00e9c. 2025 \u00e0 7h12 Les Toulousains de longue date s\u2019en souviennent encore.&hellip;\n","protected":false},"author":2,"featured_media":624966,"comment_status":"","ping_status":"","sticky":false,"template":"","format":"standard","meta":{"footnotes":""},"categories":[2816],"tags":[1111,11,1777,674,1011,27,12,2680,25,104,2312,1352],"class_list":{"0":"post-624965","1":"post","2":"type-post","3":"status-publish","4":"format-standard","5":"has-post-thumbnail","7":"category-toulouse","8":"tag-actu","9":"tag-actualites","10":"tag-eu","11":"tag-europe","12":"tag-fr","13":"tag-france","14":"tag-news","15":"tag-occitanie","16":"tag-republique-francaise","17":"tag-societe","18":"tag-toulouse","19":"tag-urbanisme"},"share_on_mastodon":{"url":"https:\/\/pubeurope.com\/@fr\/115790843793440655","error":""},"_links":{"self":[{"href":"https:\/\/www.europesays.com\/fr\/wp-json\/wp\/v2\/posts\/624965","targetHints":{"allow":["GET"]}}],"collection":[{"href":"https:\/\/www.europesays.com\/fr\/wp-json\/wp\/v2\/posts"}],"about":[{"href":"https:\/\/www.europesays.com\/fr\/wp-json\/wp\/v2\/types\/post"}],"author":[{"embeddable":true,"href":"https:\/\/www.europesays.com\/fr\/wp-json\/wp\/v2\/users\/2"}],"replies":[{"embeddable":true,"href":"https:\/\/www.europesays.com\/fr\/wp-json\/wp\/v2\/comments?post=624965"}],"version-history":[{"count":0,"href":"https:\/\/www.europesays.com\/fr\/wp-json\/wp\/v2\/posts\/624965\/revisions"}],"wp:featuredmedia":[{"embeddable":true,"href":"https:\/\/www.europesays.com\/fr\/wp-json\/wp\/v2\/media\/624966"}],"wp:attachment":[{"href":"https:\/\/www.europesays.com\/fr\/wp-json\/wp\/v2\/media?parent=624965"}],"wp:term":[{"taxonomy":"category","embeddable":true,"href":"https:\/\/www.europesays.com\/fr\/wp-json\/wp\/v2\/categories?post=624965"},{"taxonomy":"post_tag","embeddable":true,"href":"https:\/\/www.europesays.com\/fr\/wp-json\/wp\/v2\/tags?post=624965"}],"curies":[{"name":"wp","href":"https:\/\/api.w.org\/{rel}","templated":true}]}}