{"id":624971,"date":"2025-12-27T09:35:15","date_gmt":"2025-12-27T09:35:15","guid":{"rendered":"https:\/\/www.europesays.com\/fr\/624971\/"},"modified":"2025-12-27T09:35:15","modified_gmt":"2025-12-27T09:35:15","slug":"une-enquete-impliquant-le-mari-de-martine-aubry-classee-sans-suite","status":"publish","type":"post","link":"https:\/\/www.europesays.com\/fr\/624971\/","title":{"rendered":"une enqu\u00eate impliquant le mari de Martine Aubry class\u00e9e sans suite"},"content":{"rendered":"<p>            <img decoding=\"async\" alt=\"Martine Aubry et son mari Jean-Louis Brochen.\" src=\"https:\/\/www.europesays.com\/fr\/wp-content\/uploads\/2025\/12\/sipa_00969670_000003.jpg\" width=\"375\" height=\"250\" loading=\"lazy\"\/><\/p>\n<p>\n    Martine Aubry et son mari Jean-Louis Brochen.<\/p>\n<p>                SIPA<br \/>\n                                        \/<br \/>\n                                                    \u00a9 SEBASTIEN COURDJI<\/p>\n<p>Affaire class\u00e9e sans suite. Une proc\u00e9dure judiciaire ouverte apr\u00e8s un accident de la route impliquant un v\u00e9hicule enregistr\u00e9 au nom de Martine Aubry et conduit par son mari, Jean-Louis Brochen, ancien b\u00e2tonnier du barreau de Lille, a \u00e9t\u00e9 class\u00e9e sans suite par la justice, rapporte <a href=\"https:\/\/www.mediapart.fr\/journal\/france\/261225\/le-mari-de-martine-aubry-cause-un-accident-de-voiture-part-et-s-en-sort-sans-poursuites?utm_source=global&amp;utm_medium=social&amp;utm_campaign=SharingApp&amp;xtor=CS3-5\" target=\"_blank\" rel=\"noopener\">Mediapart<\/a>. Selon nos confr\u00e8res, le dossier aurait \u00e9t\u00e9 transf\u00e9r\u00e9 vers la mairie alors que la proc\u00e9dure \u00e9tait en cours et que l\u2019\u00e9lue socialiste se trouvait \u00e0 la t\u00eate de la ville.<\/p>\n<p>Les faits remontent au 19\u00a0f\u00e9vrier 2024. Peu avant 10\u00a0h, un SUV n\u00e9gocie mal un virage et percute un feu tricolore dans la capitale des Flandres. Le m\u00e2t s\u2019abat sur une voiture circulant \u00e0 proximit\u00e9. \u00c0 son bord, la conductrice, Alexandra G., est bless\u00e9e \u00e0 la t\u00eate. Le conducteur du SUV ne s\u2019arr\u00eate pas et quitte les lieux. Une enqu\u00eate est aussit\u00f4t ouverte pour blessures involontaires et d\u00e9lit de fuite.<\/p>\n<p>    La suite apr\u00e8s cette publicit\u00e9<\/p>\n<p>De nombreux jours d\u2019ITT<\/p>\n<p>La victime se voit prescrire alors prescrire de nombreux jours d\u2019<a href=\"https:\/\/www.lejdd.fr\/Societe\/quest-ce-quune-itt-4081344\" target=\"_blank\" rel=\"noopener\">incapacit\u00e9 totale de travail<\/a> (ITT). Malgr\u00e9 cela, le parquet de Lille d\u00e9cide, le 23\u00a0mai 2024, de classer le dossier sans suite. Pour justifier cette d\u00e9cision, le minist\u00e8re public \u00e9voque l\u2019existence d\u2019un constat amiable entre les deux automobilistes. Une version contest\u00e9e par les deux parties. Alexandra G. explique qu\u2019un policier lui a propos\u00e9 cette option, qu\u2019elle a refus\u00e9e, souhaitant que \u00ab\u00a0la voie judiciaire soit suivie\u00a0\u00bb. Jean-Louis Brochen confirme qu\u2019aucun constat n\u2019a \u00e9t\u00e9 \u00e9tabli.<\/p>\n<p>    La suite apr\u00e8s cette publicit\u00e9<\/p>\n<p>Lors de son audition, l\u2019ancien b\u00e2tonnier reconna\u00eet un \u00ab\u00a0\u00e9cart sur la gauche\u00a0\u00bb qu\u2019il attribue \u00e0 une inattention passag\u00e8re. Il nie toute intention de fuite, affirmant ne pas avoir eu conscience qu\u2019un autre v\u00e9hicule avait \u00e9t\u00e9 touch\u00e9. Mais un t\u00e9moignage recueilli dans le dossier contredit cette version\u2026 Une personne, pr\u00e9sente sur les lieux de l\u2019accident, aurait vu le visage de la victime \u00ab\u00a0en sang\u00a0\u00bb tandis que le SUV s\u2019\u00e9loignait. Fin mot de l\u2019histoire\u00a0: l\u2019accident et le d\u00e9lit de fuite ont conduit \u00e0 de simples rappels \u00e0 la loi concernant des agents impliqu\u00e9s.<\/p>\n","protected":false},"excerpt":{"rendered":"Martine Aubry et son mari Jean-Louis Brochen. SIPA \/ \u00a9 SEBASTIEN COURDJI Affaire class\u00e9e sans suite. Une proc\u00e9dure&hellip;\n","protected":false},"author":2,"featured_media":624972,"comment_status":"","ping_status":"","sticky":false,"template":"","format":"standard","meta":{"footnotes":""},"categories":[2815],"tags":[1111,11,1777,674,1011,27,811,1307,12,25],"class_list":{"0":"post-624971","1":"post","2":"type-post","3":"status-publish","4":"format-standard","5":"has-post-thumbnail","7":"category-lille","8":"tag-actu","9":"tag-actualites","10":"tag-eu","11":"tag-europe","12":"tag-fr","13":"tag-france","14":"tag-hauts-de-france","15":"tag-lille","16":"tag-news","17":"tag-republique-francaise"},"share_on_mastodon":{"url":"https:\/\/pubeurope.com\/@fr\/115790855246948832","error":""},"_links":{"self":[{"href":"https:\/\/www.europesays.com\/fr\/wp-json\/wp\/v2\/posts\/624971","targetHints":{"allow":["GET"]}}],"collection":[{"href":"https:\/\/www.europesays.com\/fr\/wp-json\/wp\/v2\/posts"}],"about":[{"href":"https:\/\/www.europesays.com\/fr\/wp-json\/wp\/v2\/types\/post"}],"author":[{"embeddable":true,"href":"https:\/\/www.europesays.com\/fr\/wp-json\/wp\/v2\/users\/2"}],"replies":[{"embeddable":true,"href":"https:\/\/www.europesays.com\/fr\/wp-json\/wp\/v2\/comments?post=624971"}],"version-history":[{"count":0,"href":"https:\/\/www.europesays.com\/fr\/wp-json\/wp\/v2\/posts\/624971\/revisions"}],"wp:featuredmedia":[{"embeddable":true,"href":"https:\/\/www.europesays.com\/fr\/wp-json\/wp\/v2\/media\/624972"}],"wp:attachment":[{"href":"https:\/\/www.europesays.com\/fr\/wp-json\/wp\/v2\/media?parent=624971"}],"wp:term":[{"taxonomy":"category","embeddable":true,"href":"https:\/\/www.europesays.com\/fr\/wp-json\/wp\/v2\/categories?post=624971"},{"taxonomy":"post_tag","embeddable":true,"href":"https:\/\/www.europesays.com\/fr\/wp-json\/wp\/v2\/tags?post=624971"}],"curies":[{"name":"wp","href":"https:\/\/api.w.org\/{rel}","templated":true}]}}