{"id":624975,"date":"2025-12-27T09:38:10","date_gmt":"2025-12-27T09:38:10","guid":{"rendered":"https:\/\/www.europesays.com\/fr\/624975\/"},"modified":"2025-12-27T09:38:10","modified_gmt":"2025-12-27T09:38:10","slug":"lautoroute-a7-fermee-pendant-plusieurs-soirees-voici-quand","status":"publish","type":"post","link":"https:\/\/www.europesays.com\/fr\/624975\/","title":{"rendered":"l&rsquo;autoroute A7 ferm\u00e9e pendant plusieurs soir\u00e9es, voici quand"},"content":{"rendered":"<p>                    Par<br \/>\n        <strong><br \/>\n            <a href=\"https:\/\/actu.fr\/auteur\/emma-ressegaire\" title=\"Consulter tous les articles de Emma Ressegaire\" target=\"_blank\" rel=\"noopener\">Emma Ressegaire<\/a><br \/>\n                    <\/strong><\/p>\n<p>        Publi\u00e9 le<\/p>\n<p>            27 d\u00e9c. 2025 \u00e0 6h34        <\/p>\n<p>\u00c0 noter dans vos agendas ! En raison d\u2019importants<strong> travaux de r\u00e9paration des viaducs de Pierre-B\u00e9nite<\/strong>, des perturbations importantes sont \u00e0 pr\u00e9voir sur l\u2019<a href=\"https:\/\/actu.fr\/auvergne-rhone-alpes\/saint-fons_69199\/pres-de-lyon-terrible-accident-sur-l-a7-une-jeune-conductrice-meurt-ce-qu-il-s-est-passe_63510301.html\" target=\"_blank\" rel=\"noopener\">autoroute A7<\/a>, au sud de la ville lyonnaise, dans le sens Lyon-<a href=\"https:\/\/actu.fr\/provence-alpes-cote-d-azur\/marseille_13055\" target=\"_blank\" rel=\"noopener\">Marseille<\/a>.\u00a0<\/p>\n<p>En janvier et mars 2026<\/p>\n<p class=\" wall-content\">En effet, plusieurs fermetures nocturnes compl\u00e8tes de l\u2019A7 sont programm\u00e9es. Tout d\u2019abord en janvier, pendant deux nuits : celle du<strong> 5 au 6 janvier 2026<\/strong> et celle du 6 au 7 janvier 2026. Des fermetures qui permettront de r\u00e9aliser les op\u00e9rations de mise en \u0153uvre et d\u00e9placement du balisage.<\/p>\n<p class=\" wall-content\">Et<strong> rebelote durant le mois de mars<\/strong> avec, une nouvelle fois, deux fermetures nocturnes les nuits des 2 au 3 mars 2026 et du 3 au 4 mars.<\/p>\n<p>Une voie \u00e9galement ferm\u00e9e<\/p>\n<p class=\" wall-content\">De plus, toujours dans le cadre de ces travaux de r\u00e9novation, <strong>une voie de l\u2019A7 sera \u00e9galement neutralis\u00e9e<\/strong> du 6 janvier au 13 mai prochains dans le sens Lyon-Marseille.<\/p>\n<p class=\" wall-content\">\u00ab\u00a0Les viaducs de Pierre-B\u00e9nite, ouvrages cl\u00e9s de l\u2019autoroute A7, font l\u2019objet d\u2019importants travaux de r\u00e9novation afin d\u2019assurer la<strong> s\u00e9curit\u00e9 des usagers et la p\u00e9rennit\u00e9 des ouvrages<\/strong>\u00ab\u00a0, explique la Direction interd\u00e9partementale des routes Centre-Est.<\/p>\n<p class=\" wall-content\">Par cons\u00e9quent, il est conseill\u00e9 aux usagers de privil\u00e9gier les axes de transit : Rocade Est, A46, D383, BPNL, D383, A42 et A46.<\/p>\n<p class=\" wall-content\">Personnalisez votre actualit\u00e9 en ajoutant vos villes et m\u00e9dias en favori avec <a href=\"https:\/\/moncompte.actu.fr\" title=\"D\u00e9couvez Mon Actu\" rel=\"nofollow noopener\" data-trk=\"{&quot;cta&quot;:{&quot;action&quot;:&quot;https:\\\/\\\/moncompte.actu.fr&quot;,&quot;category&quot;:&quot;mon compte&quot;,&quot;from&quot;:&quot;article footer&quot;,&quot;name&quot;:&quot;Mon actu&quot;,&quot;type&quot;:&quot;cta&quot;}}\" target=\"_blank\">Mon Actu<\/a>.<\/p>\n","protected":false},"excerpt":{"rendered":"Par Emma Ressegaire Publi\u00e9 le 27 d\u00e9c. 2025 \u00e0 6h34 \u00c0 noter dans vos agendas ! En raison&hellip;\n","protected":false},"author":2,"featured_media":624976,"comment_status":"","ping_status":"","sticky":false,"template":"","format":"standard","meta":{"footnotes":""},"categories":[1889],"tags":[1111,11,6423,2430,1777,674,1011,27,2428,12,25,104,2086],"class_list":{"0":"post-624975","1":"post","2":"type-post","3":"status-publish","4":"format-standard","5":"has-post-thumbnail","7":"category-lyon","8":"tag-actu","9":"tag-actualites","10":"tag-autoroute-7-a7","11":"tag-auvergne-rhone-alpes","12":"tag-eu","13":"tag-europe","14":"tag-fr","15":"tag-france","16":"tag-lyon","17":"tag-news","18":"tag-republique-francaise","19":"tag-societe","20":"tag-travaux"},"share_on_mastodon":{"url":"https:\/\/pubeurope.com\/@fr\/115790867901889585","error":""},"_links":{"self":[{"href":"https:\/\/www.europesays.com\/fr\/wp-json\/wp\/v2\/posts\/624975","targetHints":{"allow":["GET"]}}],"collection":[{"href":"https:\/\/www.europesays.com\/fr\/wp-json\/wp\/v2\/posts"}],"about":[{"href":"https:\/\/www.europesays.com\/fr\/wp-json\/wp\/v2\/types\/post"}],"author":[{"embeddable":true,"href":"https:\/\/www.europesays.com\/fr\/wp-json\/wp\/v2\/users\/2"}],"replies":[{"embeddable":true,"href":"https:\/\/www.europesays.com\/fr\/wp-json\/wp\/v2\/comments?post=624975"}],"version-history":[{"count":0,"href":"https:\/\/www.europesays.com\/fr\/wp-json\/wp\/v2\/posts\/624975\/revisions"}],"wp:featuredmedia":[{"embeddable":true,"href":"https:\/\/www.europesays.com\/fr\/wp-json\/wp\/v2\/media\/624976"}],"wp:attachment":[{"href":"https:\/\/www.europesays.com\/fr\/wp-json\/wp\/v2\/media?parent=624975"}],"wp:term":[{"taxonomy":"category","embeddable":true,"href":"https:\/\/www.europesays.com\/fr\/wp-json\/wp\/v2\/categories?post=624975"},{"taxonomy":"post_tag","embeddable":true,"href":"https:\/\/www.europesays.com\/fr\/wp-json\/wp\/v2\/tags?post=624975"}],"curies":[{"name":"wp","href":"https:\/\/api.w.org\/{rel}","templated":true}]}}