{"id":624983,"date":"2025-12-27T09:44:14","date_gmt":"2025-12-27T09:44:14","guid":{"rendered":"https:\/\/www.europesays.com\/fr\/624983\/"},"modified":"2025-12-27T09:44:14","modified_gmt":"2025-12-27T09:44:14","slug":"paris-ce-que-lon-sait-de-lhomme-interpelle-pour-avoir-poignarde-trois-femmes-dans-le-metro","status":"publish","type":"post","link":"https:\/\/www.europesays.com\/fr\/624983\/","title":{"rendered":"Paris : Ce que l\u2019on sait de l\u2019homme interpell\u00e9 pour avoir poignard\u00e9 trois femmes dans le m\u00e9tro"},"content":{"rendered":"<p class=\"mb-4 text-lg md:leading-8 break-words\"><strong>enqu\u00eate &#8211; L\u2019auteur pr\u00e9sum\u00e9, interpell\u00e9 peu de temps apr\u00e8s les faits en banlieue parisienne, est un Malien de 25 ans d\u00e9j\u00e0 connu de la justice et \u00e9tait sous mandat de recherche<\/strong><\/p>\n<p class=\"mb-4 text-lg md:leading-8 break-words\">Le profil du suspect est d\u00e9sormais connu apr\u00e8s l\u2019<a href=\"https:\/\/www.20minutes.fr\/faits_divers\/faits-divers-paris\/4193306-20251226-paris-trois-femmes-blessees-arme-blanche-metro?at_medium=RSS%20feed&amp;at_campaign=ynews&amp;utm_source=yahoo&amp;utm_medium=rss&amp;utm_campaign=news_feed&amp;utm_content=in_article_link\" rel=\"nofollow noopener\" target=\"_blank\" data-ylk=\"slk:agression au couteau de trois femmes;elm:context_link;itc:0;sec:content-canvas\" class=\"link \">agression au couteau de trois femmes<\/a>, qui ont \u00e9t\u00e9 l\u00e9g\u00e8rement bless\u00e9es, vendredi apr\u00e8s-midi aux stations Arts et M\u00e9tiers, R\u00e9publique et Op\u00e9ra de la ligne 3 du <a href=\"https:\/\/www.20minutes.fr\/dossier\/metro?at_medium=RSS%20feed&amp;at_campaign=ynews&amp;utm_source=yahoo&amp;utm_medium=rss&amp;utm_campaign=news_feed&amp;utm_content=in_article_link\" rel=\"nofollow noopener\" target=\"_blank\" data-ylk=\"slk:m\u00e9tro;elm:context_link;itc:0;sec:content-canvas\" class=\"link \">m\u00e9tro <\/a><a href=\"https:\/\/www.20minutes.fr\/paris\/?at_medium=RSS%20feed&amp;at_campaign=ynews&amp;utm_source=yahoo&amp;utm_medium=rss&amp;utm_campaign=news_feed&amp;utm_content=in_article_link\" rel=\"nofollow noopener\" target=\"_blank\" data-ylk=\"slk:parisien;elm:context_link;itc:0;sec:content-canvas\" class=\"link \">parisien<\/a>. L\u2019auteur pr\u00e9sum\u00e9 a pris la fuite avant d\u2019\u00eatre interpell\u00e9 \u00e0 Sarcelles, dans le <a href=\"https:\/\/www.20minutes.fr\/dossier\/val_d_oise?at_medium=RSS%20feed&amp;at_campaign=ynews&amp;utm_source=yahoo&amp;utm_medium=rss&amp;utm_campaign=news_feed&amp;utm_content=in_article_link\" rel=\"nofollow noopener\" target=\"_blank\" data-ylk=\"slk:Val-d\u2019Oise;elm:context_link;itc:0;sec:content-canvas\" class=\"link \">Val-d\u2019Oise<\/a>.<\/p>\n<p class=\"mb-4 text-lg md:leading-8 break-words\">\u00c2g\u00e9 de 25 ans, il a \u00e9t\u00e9 identifi\u00e9 \u00ab gr\u00e2ce aux images de <a href=\"https:\/\/www.20minutes.fr\/dossier\/videosurveillance?at_medium=RSS%20feed&amp;at_campaign=ynews&amp;utm_source=yahoo&amp;utm_medium=rss&amp;utm_campaign=news_feed&amp;utm_content=in_article_link\" rel=\"nofollow noopener\" target=\"_blank\" data-ylk=\"slk:vid\u00e9osurveillance;elm:context_link;itc:0;sec:content-canvas\" class=\"link \">vid\u00e9osurveillance <\/a>\u00bb et a \u00e9t\u00e9 retrouv\u00e9 gr\u00e2ce \u00e0 \u00ab la mise en \u0153uvre de la g\u00e9olocalisation de son t\u00e9l\u00e9phone portable \u00bb, a expliqu\u00e9 le parquet de Paris, qui a pr\u00e9cis\u00e9 qu\u2019il \u00e9tait d\u00e9j\u00e0 connu des services de police pour divers faits dont des atteintes aux biens. 20 Minutes fait le point.<\/p>\n<p>Un individu sous OQTF et d\u00e9j\u00e0 condamn\u00e9<\/p>\n<p class=\"mb-4 text-lg md:leading-8 break-words\">Le suspect, \u00ab de nationalit\u00e9 malienne \u00bb, \u00e9tait \u00ab en situation irr\u00e9guli\u00e8re sur le territoire national \u00bb, indique le minist\u00e8re de l\u2019Int\u00e9rieur dans un communiqu\u00e9. Il \u00e9tait \u00ab d\u00e9j\u00e0 connu pour destruction de biens sous l\u2019emprise de stup\u00e9fiants \u00bb et \u00ab a \u00e9t\u00e9 \u00e9crou\u00e9 en janvier 2024 pour <a href=\"https:\/\/www.20minutes.fr\/dossier\/vol?at_medium=RSS%20feed&amp;at_campaign=ynews&amp;utm_source=yahoo&amp;utm_medium=rss&amp;utm_campaign=news_feed&amp;utm_content=in_article_link\" rel=\"nofollow noopener\" target=\"_blank\" data-ylk=\"slk:vol;elm:context_link;itc:0;sec:content-canvas\" class=\"link \">vol <\/a>aggrav\u00e9 et <a href=\"https:\/\/www.20minutes.fr\/dossier\/agression_sexuelle?at_medium=RSS%20feed&amp;at_campaign=ynews&amp;utm_source=yahoo&amp;utm_medium=rss&amp;utm_campaign=news_feed&amp;utm_content=in_article_link\" rel=\"nofollow noopener\" target=\"_blank\" data-ylk=\"slk:agression sexuelle;elm:context_link;itc:0;sec:content-canvas\" class=\"link \">agression sexuelle<\/a> apr\u00e8s avoir \u00e9t\u00e9 condamn\u00e9 p\u00e9nalement \u00bb, poursuit-il.<\/p>\n<p class=\"mb-4 text-lg md:leading-8 break-words\">Lib\u00e9r\u00e9 en juillet, \u00ab il a fait l\u2019objet d\u2019une obligation de quitter le territoire fran\u00e7ais (OQTF) et a \u00e9t\u00e9 plac\u00e9 en centre de r\u00e9tention administrative \u00bb, ajoute Beauvau. Mais \u00ab l\u2019\u00e9loignement n\u2019ayant pu aboutir dans le d\u00e9lai l\u00e9gal des quatre-vingt-dix jours, faute d\u2019obtention d\u2019un laissez-passer consulaire en l\u2019absence de titre d\u2019identit\u00e9 valide, il a \u00e9t\u00e9 lib\u00e9r\u00e9 avec assignation \u00e0 r\u00e9sidence \u00bb, poursuit-on, pr\u00e9cisant qu&rsquo;\u00ab il \u00e9tait actuellement (&#8230;)<\/p>\n<p class=\"mb-4 text-lg md:leading-8 break-words\"><a href=\"https:\/\/www.20minutes.fr\/faits_divers\/4193326-20251227-paris-sait-homme-interpelle-avoir-poignarde-trois-femmes-metro?at_medium=RSS%20feed&amp;at_campaign=ynews&amp;utm_source=yahoo&amp;utm_medium=rss&amp;utm_campaign=news_feed&amp;utm_content=read_more_link&quot;\" rel=\"nofollow noopener\" target=\"_blank\" data-ylk=\"slk:Lire la suite sur 20minutes;elm:context_link;itc:0;sec:content-canvas\" class=\"link \">Lire la suite sur 20minutes<\/a><\/p>\n<p>\u00c0 lire aussi :<br \/><a href=\"https:\/\/www.20minutes.fr\/faits_divers\/faits-divers-paris\/4193306-20251226-paris-trois-femmes-blessees-arme-blanche-metro?at_medium=RSS%20feed&amp;at_campaign=ynews&amp;utm_source=yahoo&amp;utm_medium=rss&amp;utm_campaign=news_feed&amp;utm_content=related_content_link\" rel=\"nofollow noopener\" target=\"_blank\" data-ylk=\"slk:Paris : Trois femmes bless\u00e9es \u00e0 l\u2019arme blanche dans le m\u00e9tro, un homme interpell\u00e9;elm:context_link;itc:0;sec:content-canvas\" class=\"link \">Paris : Trois femmes bless\u00e9es \u00e0 l\u2019arme blanche dans le m\u00e9tro, un homme interpell\u00e9<\/a><br \/><a href=\"https:\/\/www.20minutes.fr\/politique\/4192319-20251219-ratp-xavier-piechaczyk-patron-rte-choisi-emmanuel-macron-succeder-jean-castex?at_medium=RSS%20feed&amp;at_campaign=ynews&amp;utm_source=yahoo&amp;utm_medium=rss&amp;utm_campaign=news_feed&amp;utm_content=related_content_link\" rel=\"nofollow noopener\" target=\"_blank\" data-ylk=\"slk:RATP : Xavier Piechaczyk, patron de RTE, choisi par Emmanuel Macron pour succ\u00e9der \u00e0 Jean Castex;elm:context_link;itc:0;sec:content-canvas\" class=\"link \">RATP : Xavier Piechaczyk, patron de RTE, choisi par Emmanuel Macron pour succ\u00e9der \u00e0 Jean Castex<\/a><\/p>\n","protected":false},"excerpt":{"rendered":"enqu\u00eate &#8211; L\u2019auteur pr\u00e9sum\u00e9, interpell\u00e9 peu de temps apr\u00e8s les faits en banlieue parisienne, est un Malien de&hellip;\n","protected":false},"author":2,"featured_media":624984,"comment_status":"","ping_status":"","sticky":false,"template":"","format":"standard","meta":{"footnotes":""},"categories":[1888],"tags":[1111,1928,11,1927,42107,1777,674,1011,27,9817,17245,12,1926,626,1925,25],"class_list":{"0":"post-624983","1":"post","2":"type-post","3":"status-publish","4":"format-standard","5":"has-post-thumbnail","7":"category-paris","8":"tag-actu","9":"tag-actu-paris","10":"tag-actualites","11":"tag-actualites-paris","12":"tag-banlieue-parisienne","13":"tag-eu","14":"tag-europe","15":"tag-fr","16":"tag-france","17":"tag-interpelle","18":"tag-mandat-de-recherche","19":"tag-news","20":"tag-news-paris","21":"tag-paris","22":"tag-paris-news","23":"tag-republique-francaise"},"share_on_mastodon":{"url":"https:\/\/pubeurope.com\/@fr\/115790889920068858","error":""},"_links":{"self":[{"href":"https:\/\/www.europesays.com\/fr\/wp-json\/wp\/v2\/posts\/624983","targetHints":{"allow":["GET"]}}],"collection":[{"href":"https:\/\/www.europesays.com\/fr\/wp-json\/wp\/v2\/posts"}],"about":[{"href":"https:\/\/www.europesays.com\/fr\/wp-json\/wp\/v2\/types\/post"}],"author":[{"embeddable":true,"href":"https:\/\/www.europesays.com\/fr\/wp-json\/wp\/v2\/users\/2"}],"replies":[{"embeddable":true,"href":"https:\/\/www.europesays.com\/fr\/wp-json\/wp\/v2\/comments?post=624983"}],"version-history":[{"count":0,"href":"https:\/\/www.europesays.com\/fr\/wp-json\/wp\/v2\/posts\/624983\/revisions"}],"wp:featuredmedia":[{"embeddable":true,"href":"https:\/\/www.europesays.com\/fr\/wp-json\/wp\/v2\/media\/624984"}],"wp:attachment":[{"href":"https:\/\/www.europesays.com\/fr\/wp-json\/wp\/v2\/media?parent=624983"}],"wp:term":[{"taxonomy":"category","embeddable":true,"href":"https:\/\/www.europesays.com\/fr\/wp-json\/wp\/v2\/categories?post=624983"},{"taxonomy":"post_tag","embeddable":true,"href":"https:\/\/www.europesays.com\/fr\/wp-json\/wp\/v2\/tags?post=624983"}],"curies":[{"name":"wp","href":"https:\/\/api.w.org\/{rel}","templated":true}]}}