{"id":624997,"date":"2025-12-27T09:51:16","date_gmt":"2025-12-27T09:51:16","guid":{"rendered":"https:\/\/www.europesays.com\/fr\/624997\/"},"modified":"2025-12-27T09:51:16","modified_gmt":"2025-12-27T09:51:16","slug":"relance-sociale-du-marche-des-ve-des-2026","status":"publish","type":"post","link":"https:\/\/www.europesays.com\/fr\/624997\/","title":{"rendered":"relance sociale du march\u00e9 des VE d\u00e8s 2026"},"content":{"rendered":"<p>https:\/\/speedme.ru\/fr\/posts\/id21428-allemagne-relance-sociale-du-marche-des-ve-des-2026<\/p>\n<p>    <a itemprop=\"url\" href=\"https:\/\/speedme.ru\/fr\/posts\/id21428-allemagne-relance-sociale-du-marche-des-ve-des-2026\" rel=\"nofollow noopener\" target=\"_blank\"><\/p>\n<p>Allemagne: relance sociale du march\u00e9 des VE d\u00e8s 2026<\/p>\n<p>Relance des v\u00e9hicules \u00e9lectriques en Allemagne: aides sociales en 2026, risques d\u2019importations et garde-fous<\/p>\n<p>Allemagne: relance sociale du march\u00e9 des VE d\u00e8s 2026<\/p>\n<p>En 2026, l\u2019Allemagne pr\u00e9voit des aides sociales pour l\u2019achat et la location de v\u00e9hicules \u00e9lectriques afin de contenir l\u2019avantage des importations chinoises.<\/p>\n<p>2025-12-27T09:13:21+03:00<\/p>\n<p>2025-12-27T09:13:21+03:00<\/p>\n<p>2025-12-27T09:13:21+03:00<\/p>\n<p>L\u2019Allemagne se pr\u00e9pare \u00e0 relancer son march\u00e9 du v\u00e9hicule \u00e9lectrique apr\u00e8s le net coup de frein de fin 2023. Les autorit\u00e9s \u00e9tudient un nouveau dispositif de soutien qui pourrait d\u00e9marrer en 2026 et mobiliser environ 3 milliards d\u2019euros issus du Fonds pour le climat et la transformation. La priorit\u00e9 affich\u00e9e est sociale: des aides cibl\u00e9es vers les m\u00e9nages modestes et interm\u00e9diaires, \u00e9tendues non seulement \u00e0 l\u2019achat mais aussi \u00e0 la location de v\u00e9hicules \u00e9lectriques et d\u2019hybrides rechargeables. En privil\u00e9giant l\u2019acc\u00e8s du plus grand nombre plut\u00f4t que les achats de prestige, le pays opte pour un r\u00e9\u00e9quilibrage pragmatique \u2014 une orientation qui a du sens sur un march\u00e9 en qu\u00eate de volume, pas de vitrines.Sur le papier, la proposition a de quoi s\u00e9duire. Selon Deloitte, le bonus pourrait g\u00e9n\u00e9rer environ 180 000 immatriculations suppl\u00e9mentaires par an, et s\u2019il se prolonge jusqu\u2019en 2030, il pourrait amener jusqu\u2019\u00e0 750 000 voitures sur le march\u00e9. Reste la vraie \u00e9preuve: l\u2019offre. La capacit\u00e9 de production europ\u00e9enne pourrait peiner \u00e0 suivre l\u2019\u00e9lan que des fonds publics d\u00e9clencheraient.Quand la demande s\u2019emballe plus vite que l\u2019offre locale, les importations comblent l\u2019\u00e9cart. Dans le paysage actuel, les marques chinoises apparaissent les mieux plac\u00e9es, port\u00e9es par des capacit\u00e9s abondantes, des cha\u00eenes d\u2019approvisionnement robustes et une forte r\u00e9activit\u00e9 en cas de pic. Autrement dit, une subvention pens\u00e9e pour acc\u00e9l\u00e9rer la transition verte risque en partie de financer des voitures assembl\u00e9es hors d\u2019Europe. Pour les acheteurs, c\u2019est un choix \u00e9largi; pour les d\u00e9cideurs, cela complique l\u2019ambition de consolider l\u2019industrie r\u00e9gionale. C\u2019est le revers habituel des plans tir\u00e9s par la demande lorsqu\u2019ils ne s\u2019accompagnent pas de garde-fous industriels.Autre d\u00e9tail d\u00e9terminant: l\u2019\u00e9bauche du dispositif ne retient pas de \u201cfiltres\u201d industriels stricts, tels que des exigences de valeur ajout\u00e9e locale. Deloitte recommande de d\u00e9finir de tels crit\u00e8res; sans cela, l\u2019argent des contribuables pourrait s\u2019\u00e9chapper au-del\u00e0 de l\u2019UE. \u00c0 titre d\u2019alternative, des observateurs citent souvent la France, o\u00f9 l\u2019acc\u00e8s aux aides est conditionn\u00e9 \u00e0 un score \u00e9cologique sur l\u2019ensemble du cycle de vie \u2014 une approche qui favorise indirectement la production europ\u00e9enne. De tels garde-fous ne cr\u00e9eront pas des capacit\u00e9s du jour au lendemain, mais ils alignent les incitations sur les objectifs industriels de long terme de la r\u00e9gion, ce qui, \u00e0 l\u2019usage, vaut mieux qu\u2019un simple coup d\u2019acc\u00e9l\u00e9rateur.<\/p>\n<p>Allemagne, v\u00e9hicules \u00e9lectriques, subventions 2026, aides sociales, hybrides rechargeables, importations chinoises, production europ\u00e9enne, garde-fous industriels, score \u00e9cologique, Deloitte<\/p>\n<p>2025<\/p>\n<p>news<\/p>\n<p>                        <img decoding=\"async\" fetchpriority=\"high\"  src=\"https:\/\/www.europesays.com\/fr\/wp-content\/uploads\/2025\/12\/cLmi54GBFNMTdNxCupBp.webp.webp\" data-\/><br \/>\n                        \u00a9 A. Krivonosov<\/p>\n<p>\n                    En 2026, l\u2019Allemagne pr\u00e9voit des aides sociales pour l\u2019achat et la location de v\u00e9hicules \u00e9lectriques afin de contenir l\u2019avantage des importations chinoises.\n                <\/p>\n<p>                    <img loading=\"lazy\" decoding=\"async\" class=\"avatar d-none d-md-block mr-3\" src=\"https:\/\/www.europesays.com\/fr\/wp-content\/uploads\/2025\/12\/e5hntaMbP7fDTR3AplI2.webp.webp\" alt=\"\" width=\"40\" height=\"40\"\/><\/p>\n<p>Michael Powers, Editor<\/p>\n<p>                        09:13 27-12-2025\n                    <\/p>\n<p>L\u2019Allemagne se pr\u00e9pare \u00e0 relancer son march\u00e9 du v\u00e9hicule \u00e9lectrique apr\u00e8s le net coup de frein de fin 2023. Les autorit\u00e9s \u00e9tudient un nouveau dispositif de soutien qui pourrait d\u00e9marrer en 2026 et mobiliser environ 3 milliards d\u2019euros issus du Fonds pour le climat et la transformation. La priorit\u00e9 affich\u00e9e est sociale: des aides cibl\u00e9es vers les m\u00e9nages modestes et interm\u00e9diaires, \u00e9tendues non seulement \u00e0 l\u2019achat mais aussi \u00e0 la location de v\u00e9hicules \u00e9lectriques et d\u2019hybrides rechargeables. En privil\u00e9giant l\u2019acc\u00e8s du plus grand nombre plut\u00f4t que les achats de prestige, le pays opte pour un r\u00e9\u00e9quilibrage pragmatique \u2014 une orientation qui a du sens sur un march\u00e9 en qu\u00eate de volume, pas de vitrines.<\/p>\n<p>Sur le papier, la proposition a de quoi s\u00e9duire. Selon Deloitte, le bonus pourrait g\u00e9n\u00e9rer environ 180 000 immatriculations suppl\u00e9mentaires par an, et s\u2019il se prolonge jusqu\u2019en 2030, il pourrait amener jusqu\u2019\u00e0 750 000 voitures sur le march\u00e9. Reste la vraie \u00e9preuve: l\u2019offre. La capacit\u00e9 de production europ\u00e9enne pourrait peiner \u00e0 suivre l\u2019\u00e9lan que des fonds publics d\u00e9clencheraient.<\/p>\n<p>Quand la demande s\u2019emballe plus vite que l\u2019offre locale, les importations comblent l\u2019\u00e9cart. Dans le paysage actuel, les marques chinoises apparaissent les mieux plac\u00e9es, port\u00e9es par des capacit\u00e9s abondantes, des cha\u00eenes d\u2019approvisionnement robustes et une forte r\u00e9activit\u00e9 en cas de pic. Autrement dit, une subvention pens\u00e9e pour acc\u00e9l\u00e9rer la transition verte risque en partie de financer des voitures assembl\u00e9es hors d\u2019Europe. Pour les acheteurs, c\u2019est un choix \u00e9largi; pour les d\u00e9cideurs, cela complique l\u2019ambition de consolider l\u2019industrie r\u00e9gionale. C\u2019est le revers habituel des plans tir\u00e9s par la demande lorsqu\u2019ils ne s\u2019accompagnent pas de garde-fous industriels.<\/p>\n<p>Autre d\u00e9tail d\u00e9terminant: l\u2019\u00e9bauche du dispositif ne retient pas de \u201cfiltres\u201d industriels stricts, tels que des exigences de valeur ajout\u00e9e locale. Deloitte recommande de d\u00e9finir de tels crit\u00e8res; sans cela, l\u2019argent des contribuables pourrait s\u2019\u00e9chapper au-del\u00e0 de l\u2019UE. \u00c0 titre d\u2019alternative, des observateurs citent souvent la France, o\u00f9 l\u2019acc\u00e8s aux aides est conditionn\u00e9 \u00e0 un score \u00e9cologique sur l\u2019ensemble du cycle de vie \u2014 une approche qui favorise indirectement la production europ\u00e9enne. De tels garde-fous ne cr\u00e9eront pas des capacit\u00e9s du jour au lendemain, mais ils alignent les incitations sur les objectifs industriels de long terme de la r\u00e9gion, ce qui, \u00e0 l\u2019usage, vaut mieux qu\u2019un simple coup d\u2019acc\u00e9l\u00e9rateur.<\/p>\n","protected":false},"excerpt":{"rendered":"https:\/\/speedme.ru\/fr\/posts\/id21428-allemagne-relance-sociale-du-marche-des-ve-des-2026 Allemagne: relance sociale du march\u00e9 des VE d\u00e8s 2026 Relance des v\u00e9hicules \u00e9lectriques en Allemagne: aides sociales&hellip;\n","protected":false},"author":2,"featured_media":624998,"comment_status":"","ping_status":"","sticky":false,"template":"","format":"standard","meta":{"footnotes":""},"categories":[1587],"tags":[11,18489,672,1804,1805,34206,1803,1777,674,73444,1801,28016,73442,12,73443,1802,73445,73441,9983],"class_list":{"0":"post-624997","1":"post","2":"type-post","3":"status-publish","4":"format-standard","5":"has-post-thumbnail","7":"category-allemagne","8":"tag-actualites","9":"tag-aides-sociales","10":"tag-allemagne","11":"tag-bundesrepublik-deutschland","12":"tag-de","13":"tag-deloitte","14":"tag-deutschland","15":"tag-eu","16":"tag-europe","17":"tag-garde-fous-industriels","18":"tag-germany","19":"tag-hybrides-rechargeables","20":"tag-importations-chinoises","21":"tag-news","22":"tag-production-europeenne","23":"tag-republique-federale-dallemagne","24":"tag-score-ecologique","25":"tag-subventions-2026","26":"tag-vehicules-electriques"},"share_on_mastodon":{"url":"https:\/\/pubeurope.com\/@fr\/115790918655413031","error":""},"_links":{"self":[{"href":"https:\/\/www.europesays.com\/fr\/wp-json\/wp\/v2\/posts\/624997","targetHints":{"allow":["GET"]}}],"collection":[{"href":"https:\/\/www.europesays.com\/fr\/wp-json\/wp\/v2\/posts"}],"about":[{"href":"https:\/\/www.europesays.com\/fr\/wp-json\/wp\/v2\/types\/post"}],"author":[{"embeddable":true,"href":"https:\/\/www.europesays.com\/fr\/wp-json\/wp\/v2\/users\/2"}],"replies":[{"embeddable":true,"href":"https:\/\/www.europesays.com\/fr\/wp-json\/wp\/v2\/comments?post=624997"}],"version-history":[{"count":0,"href":"https:\/\/www.europesays.com\/fr\/wp-json\/wp\/v2\/posts\/624997\/revisions"}],"wp:featuredmedia":[{"embeddable":true,"href":"https:\/\/www.europesays.com\/fr\/wp-json\/wp\/v2\/media\/624998"}],"wp:attachment":[{"href":"https:\/\/www.europesays.com\/fr\/wp-json\/wp\/v2\/media?parent=624997"}],"wp:term":[{"taxonomy":"category","embeddable":true,"href":"https:\/\/www.europesays.com\/fr\/wp-json\/wp\/v2\/categories?post=624997"},{"taxonomy":"post_tag","embeddable":true,"href":"https:\/\/www.europesays.com\/fr\/wp-json\/wp\/v2\/tags?post=624997"}],"curies":[{"name":"wp","href":"https:\/\/api.w.org\/{rel}","templated":true}]}}