{"id":625010,"date":"2025-12-27T09:59:14","date_gmt":"2025-12-27T09:59:14","guid":{"rendered":"https:\/\/www.europesays.com\/fr\/625010\/"},"modified":"2025-12-27T09:59:14","modified_gmt":"2025-12-27T09:59:14","slug":"antoine-dupont-la-drole-dannee","status":"publish","type":"post","link":"https:\/\/www.europesays.com\/fr\/625010\/","title":{"rendered":"Antoine Dupont, la dr\u00f4le d\u2019ann\u00e9e"},"content":{"rendered":"<p><strong>Gravement bless\u00e9 au genou en<br \/>\nmars, Antoine Dupont a travers\u00e9 une ann\u00e9e tr\u00e8s particuli\u00e8re avant<br \/>\nde retrouver les terrains en fin d\u2019exercice avec<br \/>\nToulouse.<\/strong><\/p>\n<p>Sans son ma\u00eetre \u00e0 jouer, son meilleur joueur, l\u2019un des plus<br \/>\nfameux du monde \u2013 si ce n\u2019est le plus fameux \u2013 le XV de France a<br \/>\ngal\u00e9r\u00e9 lors de sa Tourn\u00e9e d\u2019automne. S\u2019il n\u2019est pas dit que les<br \/>\nBleus auraient battu les Springboks au Stade de France avec lui,<br \/>\nils auraient tout de m\u00eame tr\u00e8s certainement affich\u00e9 un autre visage<br \/>\navec leur de m\u00eal\u00e9e en pleine possession de ses moyens et fait<br \/>\nprobablement mieux que le 8 novembre (d\u00e9faite 17-32 face aux<br \/>\nchampions du monde).<\/p>\n<p>Du s\u00e9rieux et de la d\u00e9tente<\/p>\n<p>Mais le num\u00e9ro 9 n\u2019\u00e9tait donc pas l\u00e0. L\u2019ann\u00e9e 2025, si<br \/>\nparticuli\u00e8re, travers\u00e9e par le Toulousain a bascul\u00e9 le 8 mars \u00e0<br \/>\nDublin pendant Irlande-France, l\u2019avant-derni\u00e8re sortie des<br \/>\nTricolores dans le Tournoi des 6 Nations (finalement glan\u00e9 par le<br \/>\nXV du coq), quand Tadhg Beirne l\u2019a bless\u00e9 dans un ruck. Le verdict,<br \/>\naussi redout\u00e9 qu\u2019attendu, est ensuite tomb\u00e9 : rupture du ligament<br \/>\ncrois\u00e9 ant\u00e9rieur du genou droit. Cette blessure, le rugbyman de 28<br \/>\nans (il a eu 29 le 15 novembre) conna\u00eet bien pour en avoir d\u00e9j\u00e0<br \/>\nsouffert en f\u00e9vrier 2018. Alors, il ne s\u2019est pas press\u00e9 pour<br \/>\nrevenir et a pris le temps de faire \u00e7a bien.<\/p>\n<p>Apr\u00e8s son op\u00e9ration \u00e0 Toulouse, le demi de m\u00eal\u00e9e des Rouge et<br \/>\nNoir a mis tous les moyens de son c\u00f4t\u00e9 pour vivre la meilleure<br \/>\nconvalescence possible tout en s\u2019a\u00e9rant la t\u00eate, que ce soit seul<br \/>\nou \u00e0 travers des escapades en compagnie de sa dulcin\u00e9e, Iris<br \/>\nMittenaere, Miss France et Miss Univers 2016. On l\u2019a ainsi vu<br \/>\nmonter les marches au festival de Cannes, assister au Grand Prix de<br \/>\nFormule 1 de Monaco, \u00e0 l\u2019exceptionnelle finale de Roland-Garros<br \/>\nentre Carlos Alcaraz et Jannik Sinner, aller une semaine au Japon<br \/>\npour visiter l\u2019Exposition universelle d\u2019Osaka et inaugurer un<br \/>\nespace du groupe LVMH (dont il est l\u2019un des ambassadeurs) ou faire<br \/>\nun crochet par le si\u00e8ge d\u2019Apple aux Etats-Unis o\u00f9 il a \u00e9chang\u00e9 avec<br \/>\nTim Cook, le patron de la c\u00e9l\u00e8bre marque \u00e0 la pomme.<\/p>\n<p>Retour gagnant le 29 novembre<\/p>\n<p>Parall\u00e8lement, Antoine Dupont s\u2019est rapidement muscl\u00e9 et a<br \/>\nrepris la course \u2013 d\u00e9but juillet, juste apr\u00e8s avoir soulev\u00e9 un<br \/>\nnouveau bouclier de Brennus avec Toulouse au Stade de France. Il a<br \/>\njou\u00e9 son r\u00f4le de leader aupr\u00e8s de ses co\u00e9quipiers toulousains qu\u2019il<br \/>\na c\u00f4toy\u00e9s fin ao\u00fbt \u00e0 Saint-Brieuc, o\u00f9 il s\u2019est entra\u00een\u00e9 en marge de<br \/>\nses partenaires. Il a poursuivi son travail de renforcement<br \/>\nmusculaire et d\u2019intensit\u00e9 de courses aux Etats-Unis d\u00e9but septembre<br \/>\net fil\u00e9 au Qatar pour b\u00e9n\u00e9ficier des superbes installations de la<br \/>\nclinique priv\u00e9e Aspetar, mondialement reconnue. Il y a repris ses<br \/>\nappuis sur son genou droit puis l\u2019heure de la reprise des<br \/>\nentra\u00eenements collectifs avec le groupe des champions de France est<br \/>\nvenue.<\/p>\n<p>D\u00e9but novembre, Dupont a prolong\u00e9 son contrat avec Toulouse<br \/>\njusqu\u2019en 2031, et \u00e0 la fin du m\u00eame mois (le 29), il a rejou\u00e9. Pr\u00e8s<br \/>\nde 9 mois apr\u00e8s sa grave blessure, le demi de m\u00eal\u00e9e a retrouv\u00e9 les<br \/>\nterrains en Championnat face au Racing (48-24). Un retour gagnant<br \/>\npour celui qui est entr\u00e9 en jeu \u00e0 la 50e minute et s\u2019est \u00ab bien<br \/>\nsenti \u00bb. \u00ab J\u2019ai encore un peu de boulot mais les sensations sont<br \/>\nbonnes \u00bb, a confi\u00e9 le capitaine des Bleus (38 m\u00e8tres parcourus ce<br \/>\nsoir-l\u00e0, 23 passes, 2 plaquages, 8 jeux au pied). Il a ensuite<br \/>\nretrouv\u00e9 la Coupe d\u2019Europe avec bonheur face aux Sharks (56-19) en<br \/>\nentrant \u00e0 la 45e. Titulaire la semaine suivante \u00e0 Glasgow, Dupont a<br \/>\nvu de pr\u00e8s l\u2019incroyable affaissement des siens qui menaient 21-0 \u00e0<br \/>\nla pause \u00e0 Glasgow avant d\u2019\u00eatre renvers\u00e9s (21-28). Une \u00ab dr\u00f4le \u00bb de<br \/>\nd\u00e9faite \u00e0 l\u2019image de son ann\u00e9e.<\/p>\n","protected":false},"excerpt":{"rendered":"Gravement bless\u00e9 au genou en mars, Antoine Dupont a travers\u00e9 une ann\u00e9e tr\u00e8s particuli\u00e8re avant de retrouver les&hellip;\n","protected":false},"author":2,"featured_media":610343,"comment_status":"","ping_status":"","sticky":false,"template":"","format":"standard","meta":{"footnotes":""},"categories":[1416],"tags":[1011,27,479,1468,57681,60],"class_list":{"0":"post-625010","1":"post","2":"type-post","3":"status-publish","4":"format-standard","5":"has-post-thumbnail","7":"category-rugby","8":"tag-fr","9":"tag-france","10":"tag-rugby","11":"tag-rugby-football","12":"tag-sport365-fr","13":"tag-sports"},"share_on_mastodon":{"url":"https:\/\/pubeurope.com\/@fr\/115790948920516693","error":""},"_links":{"self":[{"href":"https:\/\/www.europesays.com\/fr\/wp-json\/wp\/v2\/posts\/625010","targetHints":{"allow":["GET"]}}],"collection":[{"href":"https:\/\/www.europesays.com\/fr\/wp-json\/wp\/v2\/posts"}],"about":[{"href":"https:\/\/www.europesays.com\/fr\/wp-json\/wp\/v2\/types\/post"}],"author":[{"embeddable":true,"href":"https:\/\/www.europesays.com\/fr\/wp-json\/wp\/v2\/users\/2"}],"replies":[{"embeddable":true,"href":"https:\/\/www.europesays.com\/fr\/wp-json\/wp\/v2\/comments?post=625010"}],"version-history":[{"count":0,"href":"https:\/\/www.europesays.com\/fr\/wp-json\/wp\/v2\/posts\/625010\/revisions"}],"wp:featuredmedia":[{"embeddable":true,"href":"https:\/\/www.europesays.com\/fr\/wp-json\/wp\/v2\/media\/610343"}],"wp:attachment":[{"href":"https:\/\/www.europesays.com\/fr\/wp-json\/wp\/v2\/media?parent=625010"}],"wp:term":[{"taxonomy":"category","embeddable":true,"href":"https:\/\/www.europesays.com\/fr\/wp-json\/wp\/v2\/categories?post=625010"},{"taxonomy":"post_tag","embeddable":true,"href":"https:\/\/www.europesays.com\/fr\/wp-json\/wp\/v2\/tags?post=625010"}],"curies":[{"name":"wp","href":"https:\/\/api.w.org\/{rel}","templated":true}]}}