{"id":625018,"date":"2025-12-27T10:08:17","date_gmt":"2025-12-27T10:08:17","guid":{"rendered":"https:\/\/www.europesays.com\/fr\/625018\/"},"modified":"2025-12-27T10:08:17","modified_gmt":"2025-12-27T10:08:17","slug":"une-fresque-inspiree-dodorico-realisee-dans-une-ecole","status":"publish","type":"post","link":"https:\/\/www.europesays.com\/fr\/625018\/","title":{"rendered":"une fresque inspir\u00e9e d&rsquo;Odorico r\u00e9alis\u00e9e dans une \u00e9cole"},"content":{"rendered":"<p>                    Par<br \/>\n        <strong><br \/>\n            <a href=\"https:\/\/actu.fr\/auteur\/redaction-jv\" title=\"Consulter tous les articles de R\u00e9daction Vitr\u00e9\" target=\"_blank\" rel=\"noopener\">R\u00e9daction Vitr\u00e9<\/a><br \/>\n                    <\/strong><\/p>\n<p>        Publi\u00e9 le<\/p>\n<p>            27 d\u00e9c. 2025 \u00e0 6h46        <\/p>\n<p>\u00c0 la rentr\u00e9e 2025, deux artistes, Marie Martin, peintre murale et Katja Bot, mosa\u00efste, sont intervenues aupr\u00e8s des CM1\/CM 2 de la classe d\u2019Alexia et des CM1 de la classe de Corinne \u00e0 l\u2019\u00e9cole <b>Brisou-Pellen de La Guerche-de-Bretagne (Ille-et-Vilaine).<\/b><\/p>\n<p class=\" wall-content\">Objectif : r\u00e9aliser u<b>ne fresque murale<\/b> sous l\u2019un des pr\u00e9aux de l\u2019\u00e9cole, en s\u2019inspirant du travail du mosa\u00efste <b>Odorico<\/b>.<\/p>\n<p>Un beau travail collectif<\/p>\n<p class=\" wall-content\">Sur le th\u00e8me de la nature, les \u00e9l\u00e8ves ainsi encadr\u00e9s ont r\u00e9alis\u00e9 des croquis au fusain qui ont ensuite \u00e9t\u00e9 agenc\u00e9s pour construire l\u2019esquisse de la fresque.<\/p>\n<p class=\" wall-content\">Puis ils l\u2019ont peinte et ont assembl\u00e9 des tesselles (fragments de pierre) pour constituer trois mosa\u00efques au sein de la fresque.<\/p>\n<p>    <img   decoding=\"async\" loading=\"lazy\" class=\"size-large\" src=\"https:\/\/www.europesays.com\/fr\/wp-content\/uploads\/2025\/12\/8f7e967fe7396a28e967fe739668e9v-960x576.jpg\" alt=\"la fresque sous le pr\u00e9au\" width=\"960\" height=\"576\"\/><br \/>\n    La fresque sous le pr\u00e9au. \u00a9Le Journal de Vitr\u00e9Vid\u00e9os : en ce moment sur Actu<\/p>\n<p class=\" wall-content\">Ce <b>beau travail collectif <\/b>a \u00e9t\u00e9 inaugur\u00e9 ce lundi 8 d\u00e9cembre 2025 en pr\u00e9sence des familles, des artistes, des enseignantes, du directeur Elouan Martin, et de St\u00e9phanie Isand, conseill\u00e8re p\u00e9dagogique de la circonscription de Ch\u00e2teaubourg.<\/p>\n<p class=\" wall-content\">Personnalisez votre actualit\u00e9 en ajoutant vos villes et m\u00e9dias en favori avec <a href=\"https:\/\/moncompte.actu.fr\" title=\"D\u00e9couvez Mon Actu\" rel=\"nofollow noopener\" data-trk=\"{&quot;cta&quot;:{&quot;action&quot;:&quot;https:\\\/\\\/moncompte.actu.fr&quot;,&quot;category&quot;:&quot;mon compte&quot;,&quot;from&quot;:&quot;article footer&quot;,&quot;name&quot;:&quot;Mon actu&quot;,&quot;type&quot;:&quot;cta&quot;}}\" target=\"_blank\">Mon Actu<\/a>.<\/p>\n","protected":false},"excerpt":{"rendered":"Par R\u00e9daction Vitr\u00e9 Publi\u00e9 le 27 d\u00e9c. 2025 \u00e0 6h46 \u00c0 la rentr\u00e9e 2025, deux artistes, Marie Martin,&hellip;\n","protected":false},"author":2,"featured_media":625019,"comment_status":"","ping_status":"","sticky":false,"template":"","format":"standard","meta":{"footnotes":""},"categories":[1358],"tags":[1348,1384,1385,1386,58,4019,59,1011,27,104],"class_list":{"0":"post-625018","1":"post","2":"type-post","3":"status-publish","4":"format-standard","5":"has-post-thumbnail","7":"category-arts-et-design","8":"tag-arts","9":"tag-arts-and-design","10":"tag-arts-et-design","11":"tag-design","12":"tag-divertissement","13":"tag-ecoles","14":"tag-entertainment","15":"tag-fr","16":"tag-france","17":"tag-societe"},"share_on_mastodon":{"url":"https:\/\/pubeurope.com\/@fr\/115790984816626881","error":""},"_links":{"self":[{"href":"https:\/\/www.europesays.com\/fr\/wp-json\/wp\/v2\/posts\/625018","targetHints":{"allow":["GET"]}}],"collection":[{"href":"https:\/\/www.europesays.com\/fr\/wp-json\/wp\/v2\/posts"}],"about":[{"href":"https:\/\/www.europesays.com\/fr\/wp-json\/wp\/v2\/types\/post"}],"author":[{"embeddable":true,"href":"https:\/\/www.europesays.com\/fr\/wp-json\/wp\/v2\/users\/2"}],"replies":[{"embeddable":true,"href":"https:\/\/www.europesays.com\/fr\/wp-json\/wp\/v2\/comments?post=625018"}],"version-history":[{"count":0,"href":"https:\/\/www.europesays.com\/fr\/wp-json\/wp\/v2\/posts\/625018\/revisions"}],"wp:featuredmedia":[{"embeddable":true,"href":"https:\/\/www.europesays.com\/fr\/wp-json\/wp\/v2\/media\/625019"}],"wp:attachment":[{"href":"https:\/\/www.europesays.com\/fr\/wp-json\/wp\/v2\/media?parent=625018"}],"wp:term":[{"taxonomy":"category","embeddable":true,"href":"https:\/\/www.europesays.com\/fr\/wp-json\/wp\/v2\/categories?post=625018"},{"taxonomy":"post_tag","embeddable":true,"href":"https:\/\/www.europesays.com\/fr\/wp-json\/wp\/v2\/tags?post=625018"}],"curies":[{"name":"wp","href":"https:\/\/api.w.org\/{rel}","templated":true}]}}