{"id":625020,"date":"2025-12-27T10:10:15","date_gmt":"2025-12-27T10:10:15","guid":{"rendered":"https:\/\/www.europesays.com\/fr\/625020\/"},"modified":"2025-12-27T10:10:15","modified_gmt":"2025-12-27T10:10:15","slug":"la-tyrannie-prospere-aux-etats-unis-accuse-jimmy-kimmel-a-la-television-britannique-liberation","status":"publish","type":"post","link":"https:\/\/www.europesays.com\/fr\/625020\/","title":{"rendered":"\u00abLa tyrannie prosp\u00e8re\u00bb aux Etats-Unis, accuse Jimmy Kimmel \u00e0 la t\u00e9l\u00e9vision britannique &#8211; Lib\u00e9ration"},"content":{"rendered":"<ol>\n<li><a href=\"https:\/\/news.google.com\/rss\/articles\/CBMi_gFBVV95cUxNMDRkbFFCaERQU0RHWS1Ub2R6aXNGM3FybDlXSUpLSHNQWWZLeFYwR182ZkMzZjZkZGY5QkFqcERSZzgxYW1iRlQ5Y3lVVXBxb0dVWWJ2aHVUaG11bDYyMXN6aXZGX0ZyOGw5MzBybkV2M3NoZGprQ1Q1R3VkVFhMUUxrRGczdmNaWGJfN0tRSU5yUlpBcWJCazBWMnpsekJueHE2TE9xa3hQQ3Z3MmxRWjFPa3VGZVFmaXB0SnVjWlZyMlZrV3FscVpqejVMVmpWSzU3d2xYY19janFsd2U4TmJ4QjhnT09tS0VBbHR3Qm1KSU1nOVdkZlE0LXVaZw?oc=5\" target=\"_blank\" rel=\"noopener\">\u00abLa tyrannie prosp\u00e8re\u00bb aux Etats-Unis, accuse Jimmy Kimmel \u00e0 la t\u00e9l\u00e9vision britannique<\/a>&nbsp;&nbsp;Lib\u00e9ration<\/li>\n<li><a href=\"https:\/\/news.google.com\/rss\/articles\/CBMikAJBVV95cUxPTzZYTnljaVpxdXRWVE83WXkydlNMbktYRHRhSVVVY25rdWVYRFM4WnBucmJ6em5FZG5fWkM5WUhac2J1VmN0eUI3UkZrZUgwVWxPS3BPLTZPdUx1a3dKN3RCanFibjAxUXBVX0I0Zkc5UVpabjI4M25rZHIxZkR5WGRVcklkbGRJWl8yeUV2OTZzU3EyQ3pMWWdaZDNrWVJOYUN5cEtZd3dQSVpzdVRtb0YyZ3pLdThfbGVYbmpPZXJVMnNHR2p4YUhpMEhJU255bmJ6cjU2STFkaVJkOHhpOXI1Tmw5aE9LaXNrejIteDhUZFl6WjdGQ1NRS1VfMVJHZTI0Qmx3N0Jxb09NbU4zNA?oc=5\" target=\"_blank\" rel=\"noopener\">\u00ab Le roi Donnie VIII a perdu \u00bb : quand la cha\u00eene britannique Channel 4 offre au pr\u00e9sentateur Jimmy Kimmel une tribune contre la tyrannie trumpiste<\/a>&nbsp;&nbsp;L&rsquo;Humanit\u00e9<\/li>\n<li><a href=\"https:\/\/news.google.com\/rss\/articles\/CBMizgFBVV95cUxPUUZGVlhnOUJ6S25MSmhwT190X1N0NG56UmhUZlB0ZUh4OHhzNHVtZ1FFczhWaE90QVBsQzdBTlN6QktHeVU4TE9CSjI3X1FiNjJXU0FMcTRfZENFWkk4WVZyVVBfMkhFWG0zN2NqeUhHV1daVFZSNHJUUzJBcFhFVXJ5cnJReVdHMFBXV2hEUm5ZRnYxTjM4aU40NDdBem5VUXpHRnR4NDRPdnQ4N1AxMXIzQm9VSVR1NTh2LUhlN2E0N1NGSUctNW5Cc1VwUQ?oc=5\" target=\"_blank\" rel=\"noopener\">No\u00ebl : message alternatif de Jimmy Kimmel \u00ab N&rsquo;abandonnez pas les USA \u00bb<\/a>&nbsp;&nbsp;Euronews.com<\/li>\n<li><a href=\"https:\/\/news.google.com\/rss\/articles\/CBMi3gFBVV95cUxQbkFXVF8xS2xyeUF2ZndBUFZ2djhqenRIZDJEa2pod0JMekhfYWw5aGpqUmxqeU90T2g0ZVlpRV9JU3FzdU1fUFh0aE1XX2hjazRGVS1PbTdWanU4LUVOOHR6NzZWTmFmRld2dUYyanl2ZHVJZlFXU3FWVUJzQXNEY3BKYUVQSS1IRHJzbUlEM0xDWkJyZTAzOG5RbmRxSFNwOXo2dVJkdjNoY1VMTzlmSzlGWUliakhhZnNQTm5CUzkzQVpTRUlNTXBVT09iTXFrcXJZd1J2VjhDX0d2SHc?oc=5\" target=\"_blank\" rel=\"noopener\">Le discours de No\u00ebl alternatif de Jimmy Kimmel n\u2019a pas \u00e9pargn\u00e9 \u00ab le roi Donnie VIII \u00bb<\/a>&nbsp;&nbsp;Le HuffPost<\/li>\n<li><a href=\"https:\/\/news.google.com\/rss\/articles\/CBMizAFBVV95cUxOOU1vbGVFY0JiRVJVYWdMU2o2dk5iRW0tVzlPeGlrNzVJRnZSWU5SWWwtcktkdUJ2cWNmSExLY0xYZEI1d1IyeVYxUUs1cjg2RmR3US05QWRWaWJmbXgzSzJ3WFhsYlBUSHdmVEVVdTQ2OVcxbDRDdXl6U3BRWEhOSkJrcC1kMThmV2ZlX0FHcjN3ZUlOS1lyQUdUcjBKeGZwaHRxa0dtcXlDSlFkVkV1ZW85Y3JmVVgxM3VTNWF0X3c5VHg0TE9WZmNOM1Y?oc=5\" target=\"_blank\" rel=\"noopener\">\u00ab Une bonne ann\u00e9e pour le fascisme \u00bb\u2026 Jimmy Kimmel d\u00e9zingue Donald Trump<\/a>&nbsp;&nbsp;20 Minutes<\/li>\n<\/ol>\n","protected":false},"excerpt":{"rendered":"\u00abLa tyrannie prosp\u00e8re\u00bb aux Etats-Unis, accuse Jimmy Kimmel \u00e0 la t\u00e9l\u00e9vision britannique&nbsp;&nbsp;Lib\u00e9ration \u00ab Le roi Donnie VIII a&hellip;\n","protected":false},"author":2,"featured_media":395849,"comment_status":"","ping_status":"","sticky":false,"template":"","format":"standard","meta":{"footnotes":""},"categories":[1356],"tags":[58,59,1011,27,252,1364],"class_list":{"0":"post-625020","1":"post","2":"type-post","3":"status-publish","4":"format-standard","5":"has-post-thumbnail","7":"category-television","8":"tag-divertissement","9":"tag-entertainment","10":"tag-fr","11":"tag-france","12":"tag-television","13":"tag-tv"},"share_on_mastodon":{"url":"https:\/\/pubeurope.com\/@fr\/115790992240187737","error":""},"_links":{"self":[{"href":"https:\/\/www.europesays.com\/fr\/wp-json\/wp\/v2\/posts\/625020","targetHints":{"allow":["GET"]}}],"collection":[{"href":"https:\/\/www.europesays.com\/fr\/wp-json\/wp\/v2\/posts"}],"about":[{"href":"https:\/\/www.europesays.com\/fr\/wp-json\/wp\/v2\/types\/post"}],"author":[{"embeddable":true,"href":"https:\/\/www.europesays.com\/fr\/wp-json\/wp\/v2\/users\/2"}],"replies":[{"embeddable":true,"href":"https:\/\/www.europesays.com\/fr\/wp-json\/wp\/v2\/comments?post=625020"}],"version-history":[{"count":0,"href":"https:\/\/www.europesays.com\/fr\/wp-json\/wp\/v2\/posts\/625020\/revisions"}],"wp:featuredmedia":[{"embeddable":true,"href":"https:\/\/www.europesays.com\/fr\/wp-json\/wp\/v2\/media\/395849"}],"wp:attachment":[{"href":"https:\/\/www.europesays.com\/fr\/wp-json\/wp\/v2\/media?parent=625020"}],"wp:term":[{"taxonomy":"category","embeddable":true,"href":"https:\/\/www.europesays.com\/fr\/wp-json\/wp\/v2\/categories?post=625020"},{"taxonomy":"post_tag","embeddable":true,"href":"https:\/\/www.europesays.com\/fr\/wp-json\/wp\/v2\/tags?post=625020"}],"curies":[{"name":"wp","href":"https:\/\/api.w.org\/{rel}","templated":true}]}}