{"id":625025,"date":"2025-12-27T10:14:12","date_gmt":"2025-12-27T10:14:12","guid":{"rendered":"https:\/\/www.europesays.com\/fr\/625025\/"},"modified":"2025-12-27T10:14:12","modified_gmt":"2025-12-27T10:14:12","slug":"alzheimer-nest-peut-etre-plus-irreversible-cette-avancee-redonne-la-memoire-a-des-cerveaux-malades-futura-le-media-qui-explore-le-monde","status":"publish","type":"post","link":"https:\/\/www.europesays.com\/fr\/625025\/","title":{"rendered":"Alzheimer n\u2019est peut-\u00eatre plus irr\u00e9versible : cette avanc\u00e9e redonne la m\u00e9moire \u00e0 des cerveaux malades &#8211; Futura, Le m\u00e9dia qui explore le monde"},"content":{"rendered":"<ol>\n<li><a href=\"https:\/\/news.google.com\/rss\/articles\/CBMi_gFBVV95cUxQcC10NUhRdUxOdU9BaWpPSk4tUndTekl0My1uTVZLVVdMbVQyVFp0d2xya1ViZG1BMER3NFpZT1k5T2ZtZW40U21VbzFtTHRELXlUZkF6UmttS091WnBLZ3g1bkpkbHNYODlaUzJ6dExPcWtrRENrTF9iYVB6QzI5b0dlbHZ4LXYxM2U0WHN3U0NBZGtCTTZmbERUOUxVdHQwQmFWZ1NBdHl0cGw3R2tqcDZFZmtMckV2aHdJTEY2S1ljMF9zRmhMbGNVWUtBMF94ejNmaEMtZTlFeG9KU0w1ZVFhQlJYTGRTSEtwWjdYY2ktN0xqaWFFUGRXdmMyUQ?oc=5\" target=\"_blank\" rel=\"noopener\">Alzheimer n\u2019est peut-\u00eatre plus irr\u00e9versible : cette avanc\u00e9e redonne la m\u00e9moire \u00e0 des cerveaux malades<\/a>&nbsp;&nbsp;Futura, Le m\u00e9dia qui explore le monde<\/li>\n<li><a href=\"https:\/\/news.google.com\/rss\/articles\/CBMiuwFBVV95cUxPNllmaF9DaURueDdpbmpYR3lxbGxTeXFUUmQxQ2ZabzVNbFZsVHFrVXpLY2NKa0N1YTJnLW9KUlE1MEs1VWdLakRyd21WWTRSS1hLS0dmZDJudF9PRTZnVk5qOHdhTzU4UjctTmVSeVg0cWhxZWN3TkkwRGZOVDRrZ253a3ZTOWFJVjl1Z0JSYlY5VlF1a2VDN3FVcVFORnpwYldRYUlybkVDMEg3R05pR1FzNmNFclQxLWNJ?oc=5\" target=\"_blank\" rel=\"noopener\">Des chercheurs d\u00e9voilent une \u00e9tude porteuse d\u2019espoir pour inverser la maladie d\u2019Alzheimer<\/a>&nbsp;&nbsp;24matins<\/li>\n<li><a href=\"https:\/\/news.google.com\/rss\/articles\/CBMiyAFBVV95cUxOTmp0V0l1YVFuSVdLcEhwcDFrandtcGZ4VHBpbUd6bXRMdlV5TUxVUy0tWGNzLW53Qk1nZFVsSmZzb0E1V0RKbGpnYkJDUUJyUHd5aHFrV1FaLUdfRXlYaEVVd3BkVjBTMnlvUjJ0bURZdUFNWV9VYUtxeGVTZUdOOU4teE9oOEhaQS1tbmRsOGRiZDAwMHpYb2VVYkFuZFhZazJRZHV0OGJ6MlZKWThRM21TXzIxRk5PQnF6cnd0SDJGREZiejIzRw?oc=5\" target=\"_blank\" rel=\"noopener\">La restauration de l&rsquo;\u00e9quilibre \u00e9nerg\u00e9tique du cerveau inverse la maladie d&rsquo;Alzheimer dans des mod\u00e8les murins<\/a>&nbsp;&nbsp;ma-clinique.fr<\/li>\n<li><a href=\"https:\/\/news.google.com\/rss\/articles\/CBMixwFBVV95cUxQT1YwODJWWHpmQXlZRTFSUzBZR0tJbG5OUjUxZ2YyR0tKalJWTEt2MGZJRk53YkFpVkQtWGdaUEZsbmg3QURuTGlmbkFyZlFTckpQYlBHTFE0NFVaSmZaZEhHSWhnYzl6VnBPNzNSS0VlSV9KUmVab054WGZHWXMzZXJTaWEwOENFNDNfZjVGMDF3S2lDYmh6cDV2a3o0aVBWNTgxVE9oQl8yV28wRjhZUDFzZTRST204aTV3dE9ZNG53N1Y4d1Yw?oc=5\" target=\"_blank\" rel=\"noopener\">Une avanc\u00e9e prometteuse pour ralentir Alzheimer port\u00e9e par la biotech fran\u00e7aise RonomA<\/a>&nbsp;&nbsp;Le Figaro<\/li>\n<li><a href=\"https:\/\/news.google.com\/rss\/articles\/CBMiqAFBVV95cUxNbXVvX2RkNFJPaVIySHhfYkRsUGJfUlNLMnVjaWdQbXBuTFdualR5cXpWbF80MGRZSFVwMlZobFNnUnRjM0xQYUhRWHRfWVBkd1BYcUc3N0dnUTB1dEt5ejFUZWI0emxqRzFNbS01N3l4QVFVTWIwZ1NTaVNZU05zYmJseU83NDhNUi1YSnJ0NXpuUUpCWjFITGl3WDN3cFhNNjBEaWtZV1I?oc=5\" target=\"_blank\" rel=\"noopener\">La recherche contre la maladie d\u2019Alzheimer se poursuit<\/a>&nbsp;&nbsp;Sudinfo<\/li>\n<\/ol>\n","protected":false},"excerpt":{"rendered":"Alzheimer n\u2019est peut-\u00eatre plus irr\u00e9versible : cette avanc\u00e9e redonne la m\u00e9moire \u00e0 des cerveaux malades&nbsp;&nbsp;Futura, Le m\u00e9dia qui&hellip;\n","protected":false},"author":2,"featured_media":395849,"comment_status":"","ping_status":"","sticky":false,"template":"","format":"standard","meta":{"footnotes":""},"categories":[10],"tags":[1011,27,72,71],"class_list":{"0":"post-625025","1":"post","2":"type-post","3":"status-publish","4":"format-standard","5":"has-post-thumbnail","7":"category-sante","8":"tag-fr","9":"tag-france","10":"tag-health","11":"tag-sante"},"share_on_mastodon":{"url":"https:\/\/pubeurope.com\/@fr\/115791007924853927","error":""},"_links":{"self":[{"href":"https:\/\/www.europesays.com\/fr\/wp-json\/wp\/v2\/posts\/625025","targetHints":{"allow":["GET"]}}],"collection":[{"href":"https:\/\/www.europesays.com\/fr\/wp-json\/wp\/v2\/posts"}],"about":[{"href":"https:\/\/www.europesays.com\/fr\/wp-json\/wp\/v2\/types\/post"}],"author":[{"embeddable":true,"href":"https:\/\/www.europesays.com\/fr\/wp-json\/wp\/v2\/users\/2"}],"replies":[{"embeddable":true,"href":"https:\/\/www.europesays.com\/fr\/wp-json\/wp\/v2\/comments?post=625025"}],"version-history":[{"count":0,"href":"https:\/\/www.europesays.com\/fr\/wp-json\/wp\/v2\/posts\/625025\/revisions"}],"wp:featuredmedia":[{"embeddable":true,"href":"https:\/\/www.europesays.com\/fr\/wp-json\/wp\/v2\/media\/395849"}],"wp:attachment":[{"href":"https:\/\/www.europesays.com\/fr\/wp-json\/wp\/v2\/media?parent=625025"}],"wp:term":[{"taxonomy":"category","embeddable":true,"href":"https:\/\/www.europesays.com\/fr\/wp-json\/wp\/v2\/categories?post=625025"},{"taxonomy":"post_tag","embeddable":true,"href":"https:\/\/www.europesays.com\/fr\/wp-json\/wp\/v2\/tags?post=625025"}],"curies":[{"name":"wp","href":"https:\/\/api.w.org\/{rel}","templated":true}]}}