{"id":62503,"date":"2025-04-29T19:01:09","date_gmt":"2025-04-29T19:01:09","guid":{"rendered":"https:\/\/www.europesays.com\/fr\/62503\/"},"modified":"2025-04-29T19:01:09","modified_gmt":"2025-04-29T19:01:09","slug":"national-les-supporters-de-las-nancy-lorraine-reclament-le-depart-de-krishen-sud","status":"publish","type":"post","link":"https:\/\/www.europesays.com\/fr\/62503\/","title":{"rendered":"National &#8211; Les supporters de l&rsquo;AS Nancy Lorraine r\u00e9clament le d\u00e9part de Krishen Sud"},"content":{"rendered":"<p style=\"text-align: justify;\">Bagarres en tribunes, commentaires incompris, tarifs jug\u00e9s excessifs et prises de position surprenantes : l\u2019actionnaire et patron de l\u2019AS <strong>Nancy<\/strong> Lorraine <strong>Krishen Sud<\/strong> ne fait pas l\u2019unanimit\u00e9 dans l\u2019entourage du club ! En effet, malgr\u00e9 la premi\u00e8re place actuellement occup\u00e9e par les Lorrains en <strong>National 1<\/strong>, de nombreuses voix se l\u00e8vent contre l\u2019homme d\u2019affaires indien qui dirige le club et ses d\u00e9cisions peu populaires. La derni\u00e8re en date : <a href=\"https:\/\/www.estrepublicain.fr\/sport\/2025\/04\/29\/nabil-el-yaagoubi-ne-travaille-plus-a-l-as-nancy-lorraine\" target=\"_blank\" rel=\"noopener\">l\u2019\u00e9viction d\u2019un homme cher aux supporters, le DG adjoint <strong>Nabil El Yaagoubi<\/strong><\/a>. Une personne tr\u00e8s attach\u00e9e au club qui aurait \u00e9t\u00e9 renvoy\u00e9e ce mardi 29 avril 2025 pour des raisons \u00e9conomiques.<\/p>\n<p style=\"text-align: justify;\">\u00c0 lire aussi &gt;&gt;\u00a0<a href=\"https:\/\/maligue2.fr\/2025\/04\/25\/national-j31-nancy-et-concarneau-marquent-5-fois-aubagne-passe-un-set-a-chateauroux-le-mans-gagne-a-10-contre-va\/\" target=\"_blank\" rel=\"noopener\">National (J31) \u2013 Nancy et Concarneau marquent 5 fois, Aubagne passe un set \u00e0 Ch\u00e2teauroux, Le Mans gagne \u00e0 10 contre VA !<\/a><\/p>\n<p style=\"text-align: justify;\">Effar\u00e9s de ce choix qu\u2019il n\u2019arrive pas \u00e0 comprendre, le groupe ultra et supporter de l\u2019\u00e9quipe nanc\u00e9ienne nomm\u00e9 <strong>Saturday FC<\/strong> a publi\u00e9 un communiqu\u00e9 officiel pour demander le d\u00e9part de l\u2019homme arriv\u00e9 en 2023.<\/p>\n<p><strong>Le communiqu\u00e9 officiel du Saturday FC<\/strong><\/p>\n<p style=\"text-align: justify;\">\u00ab Alors que l\u2019aspect sportif, men\u00e9 par Pablo Correa et Mickael Chr\u00e9tien, se dirige vers une issue positive, tout ceci cache le d\u00e9sastre dans lequel Krishen Sud plonge l\u2019ASNL\u2026 Et ce depuis maintenant deux ans.<\/p>\n<p style=\"text-align: justify;\">Sous ses airs de sauveur du club devant la DNCG et de faussement int\u00e9ress\u00e9 du peuple rouge et blanc (en t\u00e9moigne l\u2019honteuse \u00ab offre \u00bb commerciale pour les derniers matchs de la saison), cet idiot des temps modernes use et abuse de son incomp\u00e9tence pour d\u00e9t\u00e9riorer tout ce qu\u2019il touche. Jusqu\u2019\u00e0 prononcer le licenciement d\u2019une pierre angulaire du club, Nabil El Yaagoubi, au service du club depuis 17 ann\u00e9es.<br \/>Du fait de sa m\u00e9galomanie, Krishen Sud, ne fait jamais des int\u00e9r\u00eats du club au chardon sa priorit\u00e9 et le d\u00e9truit un peu plus chaque jour.<\/p>\n<p style=\"text-align: justify;\">Nous parlons d\u2019un actionnaire qui n\u2019\u00e9coute que sa propre personne, \u00e9cartant ou harcelant toute personne proposant des id\u00e9es alternatives (et bien meilleures que les siennes). Un comportement d\u00e9testable aupr\u00e8s de tous les partenaires et supporters. Pour exemple, la demande officielle formul\u00e9e aupr\u00e8s du club afin d\u2019organiser le dernier d\u00e9placement de la saison reste encore aujourd\u2019hui sans r\u00e9ponse par \u00ab\u00a0incertitude \u00e9conomique\u00a0\u00bb. Et la liste d\u2019exemples pourrait \u00eatre longue. \u00bb<\/p>\n<blockquote class=\"twitter-tweet\">\n<p dir=\"ltr\" lang=\"fr\"> \u0301    : <a href=\"https:\/\/t.co\/6AZdwvQieU\">pic.twitter.com\/6AZdwvQieU<\/a><\/p>\n<p>\u2014    (@asnlfans) <a href=\"https:\/\/twitter.com\/asnlfans\/status\/1917270179903344787?ref_src=twsrc%5Etfw\" target=\"_blank\" rel=\"noopener\">April 29, 2025<\/a><\/p>\n<\/blockquote>\n<p style=\"text-align: justify;\">\u00c0 lire aussi &gt;&gt;\u00a0<a href=\"https:\/\/maligue2.fr\/2025\/04\/29\/sm-caen-michel-der-zakarian-ne-sera-pas-lentraineur-de-malherbe-en-national-le-coach-bientot-nomme\/\" target=\"_blank\" rel=\"noopener\">SM Caen \u2013 Michel Der Zakarian ne sera pas l\u2019entra\u00eeneur de Malherbe en National, le coach bient\u00f4t nomm\u00e9<\/a><\/p>\n<p style=\"text-align: justify;\">\u00ab Nous avons, depuis son arriv\u00e9e, \u00e7\u00e0 et l\u00e0, alert\u00e9 sur le fonctionnement et l\u2019issue que connaitrait le club avec cet homme \u00ab d\u2019affaire \u00bb aux commandes de l\u2019ASNL. La dynamique positive sportive laissait peu de possibilit\u00e9s \u00e0 ce que l\u2019implacable r\u00e9alit\u00e9 soit entendue.<\/p>\n<p style=\"text-align: justify;\">Mais que personne ne se m\u00e9prenne. En acc\u00e9dant en L2 ou en restant en N1, tant que Krishen Sud sera l\u2019actionnaire de notre club, c\u2019est la ruine qui nous attend. Nous allons soutenir les joueurs jusqu\u2019\u00e0 la fin de saison mais nous n\u2019en resterons pas l\u00e0 avec Krishen.<br \/>L\u2019accession en L2 n\u2019est aucunement pr\u00e9par\u00e9e par cet immonde personnage.<\/p>\n<p style=\"text-align: justify;\">Alors que la fin de saison se dirige vers une f\u00eate que nous ne manquerons pas de c\u00e9l\u00e9brer, le fonctionnement en interne nous alerte en tous points. Le licenciement d\u2019une personne aux comp\u00e9tences reconnues depuis 17 ans vient aujourd\u2019hui ent\u00e9riner le franchissement d\u2019une ligne rouge. \u00bb<\/p>\n<p style=\"text-align: justify;\">Photo ASNL.<\/p>\n<p>\t\t<script async src=\"https:\/\/platform.twitter.com\/widgets.js\" charset=\"utf-8\"><\/script><\/p>\n","protected":false},"excerpt":{"rendered":"Bagarres en tribunes, commentaires incompris, tarifs jug\u00e9s excessifs et prises de position surprenantes : l\u2019actionnaire et patron de&hellip;\n","protected":false},"author":2,"featured_media":62504,"comment_status":"","ping_status":"","sticky":false,"template":"","format":"standard","meta":{"footnotes":""},"categories":[9635],"tags":[1111,11,1777,674,1011,27,775,16030,1702,12,25],"class_list":{"0":"post-62503","1":"post","2":"type-post","3":"status-publish","4":"format-standard","5":"has-post-thumbnail","7":"category-nancy","8":"tag-actu","9":"tag-actualites","10":"tag-eu","11":"tag-europe","12":"tag-fr","13":"tag-france","14":"tag-grand-est","15":"tag-krishen-sud","16":"tag-nancy","17":"tag-news","18":"tag-republique-francaise"},"share_on_mastodon":{"url":"https:\/\/pubeurope.com\/@fr\/114422800943156599","error":""},"_links":{"self":[{"href":"https:\/\/www.europesays.com\/fr\/wp-json\/wp\/v2\/posts\/62503","targetHints":{"allow":["GET"]}}],"collection":[{"href":"https:\/\/www.europesays.com\/fr\/wp-json\/wp\/v2\/posts"}],"about":[{"href":"https:\/\/www.europesays.com\/fr\/wp-json\/wp\/v2\/types\/post"}],"author":[{"embeddable":true,"href":"https:\/\/www.europesays.com\/fr\/wp-json\/wp\/v2\/users\/2"}],"replies":[{"embeddable":true,"href":"https:\/\/www.europesays.com\/fr\/wp-json\/wp\/v2\/comments?post=62503"}],"version-history":[{"count":0,"href":"https:\/\/www.europesays.com\/fr\/wp-json\/wp\/v2\/posts\/62503\/revisions"}],"wp:featuredmedia":[{"embeddable":true,"href":"https:\/\/www.europesays.com\/fr\/wp-json\/wp\/v2\/media\/62504"}],"wp:attachment":[{"href":"https:\/\/www.europesays.com\/fr\/wp-json\/wp\/v2\/media?parent=62503"}],"wp:term":[{"taxonomy":"category","embeddable":true,"href":"https:\/\/www.europesays.com\/fr\/wp-json\/wp\/v2\/categories?post=62503"},{"taxonomy":"post_tag","embeddable":true,"href":"https:\/\/www.europesays.com\/fr\/wp-json\/wp\/v2\/tags?post=62503"}],"curies":[{"name":"wp","href":"https:\/\/api.w.org\/{rel}","templated":true}]}}