{"id":625037,"date":"2025-12-27T10:22:22","date_gmt":"2025-12-27T10:22:22","guid":{"rendered":"https:\/\/www.europesays.com\/fr\/625037\/"},"modified":"2025-12-27T10:22:22","modified_gmt":"2025-12-27T10:22:22","slug":"l-horoscope-de-l-expresso-du-week-end-du-samedi-27-decembre-2025-rtl2-fr","status":"publish","type":"post","link":"https:\/\/www.europesays.com\/fr\/625037\/","title":{"rendered":"L horoscope de l Expresso du Week-End du samedi 27 d\u00e9cembre 2025 &#8211; RTL2.fr"},"content":{"rendered":"<ol>\n<li><a href=\"https:\/\/news.google.com\/rss\/articles\/CBMiqgFBVV95cUxPZm56Z1Y0bWl4a0tsMGtBQXNCdUthbDlFbHpUdEZBdlFpYXprUGc1WFlfYTlnN1hhdzBaeVhjRkdkempfMkpFS29lU0JKeU53cGpRUjVVNjk0UlphT01UYVpfU21UN1IzbksydXBkalNTVGZhd3hDSkJRc1Jjd1lBLVgwdkZnOVZuZUR4a09XLU53U2V3LXI5ZWpjdFpxTDhvX3dMb1ZMWVZCQQ?oc=5\" target=\"_blank\" rel=\"noopener\">L horoscope de l Expresso du Week-End du samedi 27 d\u00e9cembre 2025<\/a>&nbsp;&nbsp;RTL2.fr<\/li>\n<li><a href=\"https:\/\/news.google.com\/rss\/articles\/CBMikgFBVV95cUxNTmJVRTNmc0xERHF2SkUtOFVXQ2VrWDk0cEh5clhuTlJKR1ZUdnBPUHJXNUdnMEE3VFFXSi1WODdSR01fWFByYWsxNXFSUnJTbDZwUkdobmJsSzBRRmhnYmxVSFJicmQ2Mmt5czVWSzFUTFZZejQwRTZkUGFOZ2FoRDl6TU1GS2lFd2ZDalp5T3NrQQ?oc=5\" target=\"_blank\" rel=\"noopener\">L horoscope du samedi 27 d\u00e9cembre 2025<\/a>&nbsp;&nbsp;RTL.fr<\/li>\n<li><a href=\"https:\/\/news.google.com\/rss\/articles\/CBMi4AFBVV95cUxQWFM0Nm9IWTVxV1p5NEh1V1JMazB6cnlzSWEtRnZxVlBxQUpKOENvRTlxamx5WHFPVjlVSWFFSEhvSElWc2NXRGFWdXdLT1dOQXpHMndhd2Vxb1l6d3I4VXh2UlRwR3dKTzZLRjJwcTJPUVRzME5HTE1QTE95LUktWTBXOG82T05HaXduODJqeE1saGpDUzdhMEgwOGcwNEM3ajZiNlZWTVcyS3hyRXd6bTBmQktvMk5uZURDQXZHTklTeDFVVGhrRnRTZV85VVZsZ1NyQU1TRmRVaDhnMkNwWQ?oc=5\" target=\"_blank\" rel=\"noopener\">Un impr\u00e9vu pourrait chambouler la journ\u00e9e de ces trois signes : l&rsquo;horoscope du Samedi 27 d\u00e9cembre 2025<\/a>&nbsp;&nbsp;Sud Ouest<\/li>\n<li><a href=\"https:\/\/news.google.com\/rss\/articles\/CBMirgFBVV95cUxQVmwyNGdWVjNlQ2xZNHVLVzNfek40NTQ0NlFrZFp1YVhkZFp4c2xvZFhETGxSbXYyNWJ6c2FiSmN2VkJiWUJnc25XX19uN0hYYi1WYzEzNFVBalhaVXc2SHRiR3lKMUhpRm9KaDUzd2hLYU8xY1RnWThXbFI0LWk4bEUyUkdtaVlpbXd5d3dONXYzU1pCZmhuMm1yQUhHbUh1YmxFUGNPRlUwUVNTMmc?oc=5\" target=\"_blank\" rel=\"noopener\">Pleine lune de d\u00e9cembre : ces 4 signes finissent l\u2019ann\u00e9e en beaut\u00e9 !<\/a>&nbsp;&nbsp;letribunaldunet<\/li>\n<li><a href=\"https:\/\/news.google.com\/rss\/articles\/CBMimAFBVV95cUxQZFpNaF9sZ1p6dmlyWFhkVzUxdEFCdGJZZ2hKVlhwbFFTdldjSkU5Tlc4RXFCemozQ3JSYWhCNDBUd3poQkI2Tzd2dXRZa1ZjWVBVdnYxTVIwcDNQMEhLQXpHeUc2M3phekNkVVJMMnN1MkVZMk5BOWd6VjdsX0plSGt4QWs2bzRWWlVvc01YQzkxd05xTzZwNQ?oc=5\" target=\"_blank\" rel=\"noopener\">Horoscope B\u00e9lier du samedi 27 D\u00e9cembre 2025<\/a>&nbsp;&nbsp;Journal des seniors<\/li>\n<\/ol>\n","protected":false},"excerpt":{"rendered":"L horoscope de l Expresso du Week-End du samedi 27 d\u00e9cembre 2025&nbsp;&nbsp;RTL2.fr L horoscope du samedi 27 d\u00e9cembre&hellip;\n","protected":false},"author":2,"featured_media":625038,"comment_status":"","ping_status":"","sticky":false,"template":"","format":"standard","meta":{"footnotes":""},"categories":[2],"tags":[11,1011,27,157,37284,71517,873,12,29899,360,9105],"class_list":{"0":"post-625037","1":"post","2":"type-post","3":"status-publish","4":"format-standard","5":"has-post-thumbnail","7":"category-actualites","8":"tag-actualites","9":"tag-fr","10":"tag-france","11":"tag-horoscope","12":"tag-lhoroscope","13":"tag-les-chroniques-du-double-expresso","14":"tag-musique","15":"tag-news","16":"tag-pop-rock","17":"tag-replay-integral","18":"tag-rtl2"},"share_on_mastodon":{"url":"https:\/\/pubeurope.com\/@fr\/115791039210111139","error":""},"_links":{"self":[{"href":"https:\/\/www.europesays.com\/fr\/wp-json\/wp\/v2\/posts\/625037","targetHints":{"allow":["GET"]}}],"collection":[{"href":"https:\/\/www.europesays.com\/fr\/wp-json\/wp\/v2\/posts"}],"about":[{"href":"https:\/\/www.europesays.com\/fr\/wp-json\/wp\/v2\/types\/post"}],"author":[{"embeddable":true,"href":"https:\/\/www.europesays.com\/fr\/wp-json\/wp\/v2\/users\/2"}],"replies":[{"embeddable":true,"href":"https:\/\/www.europesays.com\/fr\/wp-json\/wp\/v2\/comments?post=625037"}],"version-history":[{"count":0,"href":"https:\/\/www.europesays.com\/fr\/wp-json\/wp\/v2\/posts\/625037\/revisions"}],"wp:featuredmedia":[{"embeddable":true,"href":"https:\/\/www.europesays.com\/fr\/wp-json\/wp\/v2\/media\/625038"}],"wp:attachment":[{"href":"https:\/\/www.europesays.com\/fr\/wp-json\/wp\/v2\/media?parent=625037"}],"wp:term":[{"taxonomy":"category","embeddable":true,"href":"https:\/\/www.europesays.com\/fr\/wp-json\/wp\/v2\/categories?post=625037"},{"taxonomy":"post_tag","embeddable":true,"href":"https:\/\/www.europesays.com\/fr\/wp-json\/wp\/v2\/tags?post=625037"}],"curies":[{"name":"wp","href":"https:\/\/api.w.org\/{rel}","templated":true}]}}