{"id":625049,"date":"2025-12-27T10:30:22","date_gmt":"2025-12-27T10:30:22","guid":{"rendered":"https:\/\/www.europesays.com\/fr\/625049\/"},"modified":"2025-12-27T10:30:22","modified_gmt":"2025-12-27T10:30:22","slug":"cest-catastrophique-on-a-vu-passer-personne-douche-par-la-meteo-le-grand-rush-de-noel-na-pas-eu-lieu-dans-les-commerces-de-montpellier","status":"publish","type":"post","link":"https:\/\/www.europesays.com\/fr\/625049\/","title":{"rendered":"\u00ab\u00a0C\u2019est catastrophique, on a vu passer personne\u00a0\u00bb\u00a0: douch\u00e9 par la m\u00e9t\u00e9o, le grand rush de No\u00ebl n\u2019a pas eu lieu dans les commerces de Montpellier"},"content":{"rendered":"<p>\n                                                                D\u00e9cembre pluvieux, animations perturb\u00e9es et \u00e9pisodes c\u00e9venols pour terminer\u2026 Les commer\u00e7ants du centre-ville de Montpellier tirent un bilan morose de l\u2019avant No\u00ebl, dans un contexte \u00e9conomique d\u00e9j\u00e0 tr\u00e8s compliqu\u00e9.\n                            <\/p>\n<p>Client \u00e9chaud\u00e9\u00a0craint l\u2019eau froide, surtout lorsqu\u2019elle tombe sans discontinuer du ciel h\u00e9raultais \u00e0 quelques jours de No\u00ebl. Et le dernier rush du 24\u00a0d\u00e9cembre, sous un soleil retrouv\u00e9, n\u2019aura pas suffi \u00e0 sauver une p\u00e9riode de fin d\u2019ann\u00e9e bien morne du c\u00f4t\u00e9 des commer\u00e7ants des centres-villes de Montpellier.<\/p>\n<p>\u00ab\u00a0Ce qui est perdu est perdu. On ne le rattrapera jamais\u00a0\u00bb, r\u00e9sume, am\u00e8re, la propri\u00e9taire de cette boutique d\u2019accessoires f\u00e9minins de l\u2019\u00c9cusson. Chez Le Tanneur, maroquinier de la Grand-rue Jean-Moulin, le moral est aussi en berne. Et les sacs en cuir, pourtant bien plac\u00e9s sur les listes adress\u00e9es au P\u00e8re No\u00ebl, n\u2019ont pas vu passer beaucoup de pr\u00e9tendantes. \u00ab\u00a0C\u2019est une ann\u00e9e pas top. Pas top du tout. Avec des week-ends pluvieux d\u00e8s le d\u00e9but du mois de d\u00e9cembre et un d\u00e9luge pour terminer, les gens ne sont pas venus en ville.\u00a0\u00bb<\/p>\n<p>    Fermeture du march\u00e9 de No\u00ebl\u00a0: \u00ab\u00a0C\u2019est une perte s\u00e8che\u00a0\u00bb<\/p>\n<p>Derri\u00e8re son stand de vin chaud, Thierry relativise. \u00ab\u00a0Qu\u2019est-ce que vous voulez y faire\u00a0? C\u2019est la m\u00e9t\u00e9o qui d\u00e9cide, je suis bien plac\u00e9 pour le savoir\u00a0!\u00a0\u00bb Le viticulteur du Pouget participe cette ann\u00e9e \u00e0 son premier march\u00e9 de No\u00ebl montpelli\u00e9rain. Et comme tous ceux de ses voisins, son chalet de la place du Peyrou est rest\u00e9 ferm\u00e9 pendant deux jours, les 22 et 23\u00a0d\u00e9cembre, pour cause d\u2019intemp\u00e9ries. \u00ab\u00a0Deux jours de perdus, ce n\u2019est pas rien. Mais je veux retenir le sourire des Montpelli\u00e9rains contents de nous retrouver.\u00a0\u00bb Val\u00e9rie, cr\u00e9atrice d\u2019objets en papier, fait ses comptes. \u00ab\u00a0Le march\u00e9 a ouvert une semaine plus tard qu\u2019en 2024. M\u00eame s\u2019il va se poursuivre plus longtemps, cette semaine va nous manquer. Ces deux jours ferm\u00e9s, c\u2019est une perte s\u00e8che. Je vais rembourser mon stand mais quand vous investissez autant de temps, c\u2019est pour faire un peu mieux que de rentrer dans ses frais\u2026\u00a0\u00bb<\/p>\n<p>L\u2019\u00e9pisode c\u00e9venol va laisser des traces<\/p>\n<p>En d\u00e9but de semaine, la Chambre de commerce et d\u2019industrie a fait partir une enqu\u00eate pour mesurer l\u2019impact r\u00e9el sur le chiffre d\u2019affaires des commer\u00e7ants du centre-ville. \u00ab\u00a0Il est encore trop t\u00f4t pour quantifier les pertes, mais il est \u00e9vident que l\u2019activit\u00e9 \u00e9conomique a \u00e9t\u00e9 touch\u00e9e par la m\u00e9t\u00e9o capricieuse du mois de d\u00e9cembre, indique la CCI H\u00e9rault. Les clients ne viennent pas se promener en centre-ville quand il pleut, encore moins pendant un \u00e9pisode c\u00e9venol. Le temps nous a \u00e9galement contraints \u00e0 reporter une grande partie des animations de No\u00ebl programm\u00e9es pour dynamiser les rues commer\u00e7antes pendant les f\u00eates.\u00a0\u00bb Des animations que la chambre consulaire annonce vouloir reprogrammer entre No\u00ebl et le jour de l\u2019An, m\u00eame si leur impact sera forc\u00e9ment moindre.<\/p>\n<p>Derri\u00e8re le comptoir de L\u2019Opuscule, Waldeck Moreau a d\u00e9j\u00e0 fait ses comptes. \u00ab\u00a0-30\u00a0% de chiffre d\u2019affaires par rapport au mois de d\u00e9cembre\u00a02024, \u00e0 la m\u00eame date.\u00a0\u00bb\u00a0Le libraire ind\u00e9pendant, <a href=\"https:\/\/www.midilibre.fr\/2025\/11\/28\/bientot-sans-local-et-bloquee-par-les-prix-delirants-des-loyers-la-librairie-independante-lopuscule-menacee-de-fermeture-13077435.php\" target=\"_blank\" rel=\"noopener\">qui doit quitter son local en janvier<\/a> et comptait sur les f\u00eates de fin d\u2019ann\u00e9e pour \u00e9couler ses stocks, ne m\u00e2che pas ses mots. \u00ab\u00a0C\u2019est catastrophique. Le grand rush de No\u00ebl n\u2019a pas eu lieu. C\u2019est simple, on a vu passer personne. En six ans, je n\u2019avais jamais v\u00e9cu \u00e7a\u2026\u00a0\u00bb<\/p>\n<p>Une m\u00e9t\u00e9o favorable aux achats sur internet<\/p>\n<p>Sur le boulevard du Jeu-de-Paume, \u00e0 deux jours de No\u00ebl, Ana\u00efs a brav\u00e9 le ciel mena\u00e7ant. Parapluie \u00e0 port\u00e9e de main, la jeune femme reconna\u00eet \u00ab\u00a0avoir plus command\u00e9 sur internet que les autres ann\u00e9es.\u00a0\u00bb \u00ab\u00a0Je le faisais d\u00e9j\u00e0 beaucoup, notamment parce que j\u2019offre des cadeaux de seconde main que j\u2019ach\u00e8te sur des plateformes sp\u00e9cialis\u00e9es. Mais je viens toujours en centre-ville \u00e0 No\u00ebl pour profiter de l\u2019ambiance, des illuminations, des odeurs\u2026 Et je repars souvent avec des achats coup de c\u0153ur.\u00a0\u00bb<\/p>\n<p>M\u00eame constat pour In\u00e8s, qui l\u2019accompagne. \u00ab\u00a0Internet c\u2019est pratique, surtout quand il pleut\u00a0! Mais il me reste des cadeaux \u00e0 faire pour certains de mes proches, et je n\u2019ai pas d\u2019id\u00e9e. C\u2019est typiquement le cas de figure o\u00f9 je dois venir fl\u00e2ner en ville pour trouver l\u2019inspiration. Chaque ann\u00e9e c\u2019est pareil, mais je n\u2019avais jamais boucl\u00e9 mes cadeaux de No\u00ebl aussi tard. C\u2019est un peu stressant\u00a0!\u00a0\u00bb<\/p>\n<p>D\u00e9j\u00e0 fragilis\u00e9s par le contexte \u00e9conomique, les commer\u00e7ants, eux, esp\u00e8rent que leurs clients joueront les prolongations pendant les vacances, avant de leur donner rendez-vous en janvier, pour des soldes d\u2019hiver qui s\u2019annoncent d\u00e9cisives pour leur tr\u00e9sorerie.<\/p>\n<p>    \u00ab\u00a0Les gens viennent mais ach\u00e8tent moins\u00a0\u00bb<\/p>\n<p>\u00ab\u00a0On est peut-\u00eatre les moins \u00e0 plaindre car on a un toit sur la t\u00eate, mais l\u2019impact est r\u00e9el. Disons qu\u2019on a sauv\u00e9 les meubles dans le contexte d\u2019un\u00a0No\u00ebl 2025 tr\u00e8s calme\u00a0\u00bb, analyse la directrice du Polygone Aur\u00e9lie Garnier. Si le centre commercial du c\u0153ur de ville a enregistr\u00e9 deux journ\u00e9es de forte fr\u00e9quentation juste\u00a0avant No\u00ebl \u2013 \u00ab\u00a0on a fait +\u00a028\u00a0% de visiteurs de 23\u00a0d\u00e9cembre\u00a0\u00bb \u2013 ses boutiques n\u2019ont pas fait le plein, loin de l\u00e0, \u00ab\u00a0sur les habituelles quatre plus grosses journ\u00e9es de l\u2019ann\u00e9e\u00a0\u00bb. Mais au-del\u00e0 de la fr\u00e9quentation, c\u2019est le panier moyen des clients qui interpelle Aur\u00e9lie Garnier. \u00ab\u00a0Il est en baisse, tr\u00e8s clairement. Les gens viennent se balader mais ach\u00e8tent moins. Cela s\u2019explique par un pouvoir d\u2019achat en berne, mais aussi par la proximit\u00e9 avec le Black Friday et ses tr\u00e8s bonnes affaires.\u00a0\u00bb<\/p>\n","protected":false},"excerpt":{"rendered":"D\u00e9cembre pluvieux, animations perturb\u00e9es et \u00e9pisodes c\u00e9venols pour terminer\u2026 Les commer\u00e7ants du centre-ville de Montpellier tirent un bilan&hellip;\n","protected":false},"author":2,"featured_media":625050,"comment_status":"","ping_status":"","sticky":false,"template":"","format":"standard","meta":{"footnotes":""},"categories":[9599],"tags":[1111,11,215,33,1777,674,1011,27,7089,2208,12,2680,25],"class_list":{"0":"post-625049","1":"post","2":"type-post","3":"status-publish","4":"format-standard","5":"has-post-thumbnail","7":"category-montpellier","8":"tag-actu","9":"tag-actualites","10":"tag-commerce","11":"tag-economie","12":"tag-eu","13":"tag-europe","14":"tag-fr","15":"tag-france","16":"tag-herault","17":"tag-montpellier","18":"tag-news","19":"tag-occitanie","20":"tag-republique-francaise"},"share_on_mastodon":{"url":"https:\/\/pubeurope.com\/@fr\/115791070729733889","error":""},"_links":{"self":[{"href":"https:\/\/www.europesays.com\/fr\/wp-json\/wp\/v2\/posts\/625049","targetHints":{"allow":["GET"]}}],"collection":[{"href":"https:\/\/www.europesays.com\/fr\/wp-json\/wp\/v2\/posts"}],"about":[{"href":"https:\/\/www.europesays.com\/fr\/wp-json\/wp\/v2\/types\/post"}],"author":[{"embeddable":true,"href":"https:\/\/www.europesays.com\/fr\/wp-json\/wp\/v2\/users\/2"}],"replies":[{"embeddable":true,"href":"https:\/\/www.europesays.com\/fr\/wp-json\/wp\/v2\/comments?post=625049"}],"version-history":[{"count":0,"href":"https:\/\/www.europesays.com\/fr\/wp-json\/wp\/v2\/posts\/625049\/revisions"}],"wp:featuredmedia":[{"embeddable":true,"href":"https:\/\/www.europesays.com\/fr\/wp-json\/wp\/v2\/media\/625050"}],"wp:attachment":[{"href":"https:\/\/www.europesays.com\/fr\/wp-json\/wp\/v2\/media?parent=625049"}],"wp:term":[{"taxonomy":"category","embeddable":true,"href":"https:\/\/www.europesays.com\/fr\/wp-json\/wp\/v2\/categories?post=625049"},{"taxonomy":"post_tag","embeddable":true,"href":"https:\/\/www.europesays.com\/fr\/wp-json\/wp\/v2\/tags?post=625049"}],"curies":[{"name":"wp","href":"https:\/\/api.w.org\/{rel}","templated":true}]}}