{"id":625055,"date":"2025-12-27T10:39:12","date_gmt":"2025-12-27T10:39:12","guid":{"rendered":"https:\/\/www.europesays.com\/fr\/625055\/"},"modified":"2025-12-27T10:39:12","modified_gmt":"2025-12-27T10:39:12","slug":"ces-deux-etudiants-rennais-ont-combattu-pour-renverser-la-monarchie-mais-un-seul-dentre-eux-est-devenu-celebre","status":"publish","type":"post","link":"https:\/\/www.europesays.com\/fr\/625055\/","title":{"rendered":"Ces deux \u00e9tudiants rennais ont combattu pour renverser la monarchie\u2026 mais un seul d\u2019entre eux est devenu c\u00e9l\u00e8bre"},"content":{"rendered":"<p>Si tout le monde est \u00e9gal devant la mort, il arrive que la post\u00e9rit\u00e9 ait ses pr\u00e9f\u00e9rences.<\/p>\n<p>Prenez Vaneau et Papu. Louis Vaneau na\u00eet \u00e0 Rennes le 27 mars 1811. Il entre \u00e0 18 ans \u00e0 Polytechnique. Sa fiche d\u2019\u00e9l\u00e8ve signale qu\u2019il mesure 1,62 m, est \u00ab ch\u00e2tain \u00bb, a le \u00ab visage ovale \u00bb et le nez \u00ab gros \u00bb.<\/p>\n<p>La r\u00e9volution gronde<\/p>\n<p>Comme beaucoup de ses camarades sous la Restauration, Louis Vaneau est oppos\u00e9 au roi Charles X. L\u2019\u00e9cole a \u00e9t\u00e9 fond\u00e9e r\u00e9cemment (1794) et a \u00e9t\u00e9 militaris\u00e9e en 1804 par Napol\u00e9on. Autant dire que le nouveau souverain ne porte pas les id\u00e9es lib\u00e9rales des polytechniciens dans son c\u0153ur. Cette inimiti\u00e9 atteint son point d\u2019orgue le 25 juillet 1830, lorsque le monarque publie ses \u00ab ordonnances r\u00e9actionnaires \u00bb qui r\u00e9tablissent la censure de la presse et r\u00e9servent le droit de vote aux grands propri\u00e9taires fonciers.<\/p>\n<p>Les Parisiens s\u2019insurgent. La r\u00e9volution de Juillet gronde. Les polytechniciens acqui\u00e8rent une grande popularit\u00e9 en combattant aux c\u00f4t\u00e9s du peuple. \u00c0 tel point que, selon la l\u00e9gende de l\u2019\u00e9cole, des petits malins empruntaient leur uniforme pour s\u2019attirer un peu de prestige. Les \u00ab vrais \u00bb qui les croisaient leur posaient des questions math\u00e9matiques complexes, histoire de v\u00e9rifier. Gare \u00e0 qui ne pouvait r\u00e9pondre !<\/p>\n<p>Balle dans le front<\/p>\n<p>Le 29 juillet, une cinquantaine d\u2019\u00e9l\u00e8ves se joignent \u00e0 des ouvriers avec pour objectif de s\u2019emparer de points strat\u00e9giques, dont la Caserne de Babylone. Vaneau charge en t\u00eate. Un d\u00e9fenseur tire. Balle dans le front. On le transporte \u00e0 l\u2019hospice. Trop tard. Il est mort. L\u2019enterrement a lieu le 31 juillet 1830 au cimeti\u00e8re du Montparnasse avec les honneurs militaires. Il y repose toujours. Le souvenir de la bravoure du jeune Rennais est entretenu depuis lors par son \u00e9cole, qui fleurit sa tombe tous les ans durant le XIXe si\u00e8cle.<\/p>\n<p>La cour principale et l\u2019hymne de Polytechnique portent son nom. De m\u00eame qu\u2019une rue voisine de la caserne de Babylone et une station de m\u00e9tro toute proche. Voil\u00e0 un \u00e9l\u00e8ve de l\u2019X que l\u2019Histoire n\u2019a pas barr\u00e9 d\u2019une croix.<\/p>\n<p>Statue<\/p>\n<p>\u00c0 Rennes, il existe aussi une rue Vaneau. Elle croise la rue Papu au niveau d\u2019un pont d\u00e9sormais ferm\u00e9. Ce carrefour a ses raisons. Nicolas-Fran\u00e7ois Papu est n\u00e9 le 10 avril 1801. Fils d\u2019un dentiste de Rennes, il est lui-m\u00eame \u00e9tudiant en m\u00e9decine quand il prend part aux \u00e9v\u00e9nements de juillet 1830. Membre d\u2019une soci\u00e9t\u00e9 secr\u00e8te paramilitaire, il est tu\u00e9 la veille de la mort de Vaneau, place de Gr\u00e8ve \u00e0 Paris.<\/p>\n<p>Personne ne chante son nom qui n\u2019orne aucun m\u00e9tro, perdu qu\u2019il est parmi 503 autres sur les tables du Panth\u00e9on d\u00e9di\u00e9es aux morts de ces journ\u00e9es de r\u00e9volte. Papu ne connaissait pas son concitoyen Vaneau. Mais dans le parc du Thabor se dresse une colonne sculpt\u00e9e par Jean-Baptiste Barr\u00e9, surmont\u00e9e d\u2019une statue. En une inscription, elle r\u00e9unit les deux Rennais au m\u00eame destin tragique : \u00ab Vaneau\/Papu\/Morts pour la Libert\u00e9 \u00bb.<\/p>\n","protected":false},"excerpt":{"rendered":"Si tout le monde est \u00e9gal devant la mort, il arrive que la post\u00e9rit\u00e9 ait ses pr\u00e9f\u00e9rences. Prenez&hellip;\n","protected":false},"author":2,"featured_media":625056,"comment_status":"","ping_status":"","sticky":false,"template":"","format":"standard","meta":{"footnotes":""},"categories":[2821],"tags":[1111,11,829,1777,674,1011,27,848,12,584,25],"class_list":{"0":"post-625055","1":"post","2":"type-post","3":"status-publish","4":"format-standard","5":"has-post-thumbnail","7":"category-rennes","8":"tag-actu","9":"tag-actualites","10":"tag-bretagne","11":"tag-eu","12":"tag-europe","13":"tag-fr","14":"tag-france","15":"tag-ille-et-vilaine","16":"tag-news","17":"tag-rennes","18":"tag-republique-francaise"},"share_on_mastodon":{"url":"https:\/\/pubeurope.com\/@fr\/115791106255700281","error":""},"_links":{"self":[{"href":"https:\/\/www.europesays.com\/fr\/wp-json\/wp\/v2\/posts\/625055","targetHints":{"allow":["GET"]}}],"collection":[{"href":"https:\/\/www.europesays.com\/fr\/wp-json\/wp\/v2\/posts"}],"about":[{"href":"https:\/\/www.europesays.com\/fr\/wp-json\/wp\/v2\/types\/post"}],"author":[{"embeddable":true,"href":"https:\/\/www.europesays.com\/fr\/wp-json\/wp\/v2\/users\/2"}],"replies":[{"embeddable":true,"href":"https:\/\/www.europesays.com\/fr\/wp-json\/wp\/v2\/comments?post=625055"}],"version-history":[{"count":0,"href":"https:\/\/www.europesays.com\/fr\/wp-json\/wp\/v2\/posts\/625055\/revisions"}],"wp:featuredmedia":[{"embeddable":true,"href":"https:\/\/www.europesays.com\/fr\/wp-json\/wp\/v2\/media\/625056"}],"wp:attachment":[{"href":"https:\/\/www.europesays.com\/fr\/wp-json\/wp\/v2\/media?parent=625055"}],"wp:term":[{"taxonomy":"category","embeddable":true,"href":"https:\/\/www.europesays.com\/fr\/wp-json\/wp\/v2\/categories?post=625055"},{"taxonomy":"post_tag","embeddable":true,"href":"https:\/\/www.europesays.com\/fr\/wp-json\/wp\/v2\/tags?post=625055"}],"curies":[{"name":"wp","href":"https:\/\/api.w.org\/{rel}","templated":true}]}}