{"id":625063,"date":"2025-12-27T10:45:16","date_gmt":"2025-12-27T10:45:16","guid":{"rendered":"https:\/\/www.europesays.com\/fr\/625063\/"},"modified":"2025-12-27T10:45:16","modified_gmt":"2025-12-27T10:45:16","slug":"tour-de-treve-ogc-nice-une-infirmerie-bien-remplie-avant-la-reprise","status":"publish","type":"post","link":"https:\/\/www.europesays.com\/fr\/625063\/","title":{"rendered":"Tour de tr\u00eave &#8211; OGC Nice : une infirmerie bien remplie avant la reprise"},"content":{"rendered":"<p data-start=\"234\" data-end=\"537\"><strong>\u00c0 l\u2019approche de la<br \/>\nreprise du championnat, l\u2019OGC Nice figure parmi les clubs les plus<br \/>\ntouch\u00e9s par les absences. Entre blessures, suspensions, arr\u00eats de<br \/>\ntravail et d\u00e9parts \u00e0 la CAN, le Gym devra composer avec un effectif<br \/>\ntr\u00e8s amoindri pour la 17e journ\u00e9e de Ligue 1 (3-4<br \/>\njanvier).<\/strong><\/p>\n<p>Les absents et incertains de<br \/>\nl\u2019OGC Nice<\/p>\n<p data-start=\"584\" data-end=\"652\">Voici le point complet sur les<br \/>\njoueurs indisponibles ou incertains :<\/p>\n<ul>\n<li data-start=\"656\" data-end=\"716\"><strong data-start=\"656\" data-end=\"678\">Mohamed Abdelmonem<\/strong> \u2013 Genou (retour envisag\u00e9 : J17 ?)<\/li>\n<li data-start=\"719\" data-end=\"765\"><strong data-start=\"719\" data-end=\"731\">Ali Abdi<\/strong> \u2013 CAN (retour estim\u00e9 : J19 ?)<\/li>\n<li data-start=\"768\" data-end=\"827\"><strong data-start=\"768\" data-end=\"784\">J\u00e9r\u00e9mie Boga<\/strong> \u2013 Arr\u00eat de travail<br \/>\n(retour non d\u00e9fini)<\/li>\n<li data-start=\"830\" data-end=\"883\"><strong data-start=\"830\" data-end=\"847\">Mo\u00efse Bombito<\/strong> \u2013 Tibia (retour estim\u00e9 : J21 ?)<\/li>\n<li data-start=\"886\" data-end=\"939\"><strong data-start=\"886\" data-end=\"905\">Hicham Boudaoui<\/strong> \u2013 CAN (retour estim\u00e9 : J19 ?)<\/li>\n<li data-start=\"942\" data-end=\"989\"><strong data-start=\"942\" data-end=\"951\">Dante<\/strong> \u2013 Genou (retour envisag\u00e9 : J17 ?)<\/li>\n<li data-start=\"992\" data-end=\"1043\"><strong data-start=\"992\" data-end=\"1009\">Yehvann Diouf<\/strong> \u2013 CAN (retour estim\u00e9 : J19 ?)<\/li>\n<li data-start=\"1046\" data-end=\"1093\"><strong data-start=\"1046\" data-end=\"1061\">Tom Louchet<\/strong> \u2013 Suspension (retour : J18)<\/li>\n<li data-start=\"1096\" data-end=\"1147\"><strong data-start=\"1096\" data-end=\"1113\">Antoine Mendy<\/strong> \u2013 CAN (retour estim\u00e9 : J19 ?)<\/li>\n<li data-start=\"1150\" data-end=\"1208\"><strong data-start=\"1150\" data-end=\"1165\">Terem Moffi<\/strong> \u2013 Arr\u00eat de travail<br \/>\n(retour non d\u00e9fini)<\/li>\n<li data-start=\"1211\" data-end=\"1272\"><strong data-start=\"1211\" data-end=\"1236\">Youssouf Ndayishimiye<\/strong> \u2013 Genou<br \/>\n(retour estim\u00e9 : J20<br \/>\n?)<\/li>\n<li data-start=\"1275\" data-end=\"1326\"><strong data-start=\"1275\" data-end=\"1296\">Charles Vanhoutte<\/strong> \u2013 Suspension<br \/>\n(retour : J18)<\/li>\n<\/ul>\n<p>Un effectif ni\u00e7ois tr\u00e8s<br \/>\nimpact\u00e9<\/p>\n<p data-start=\"1365\" data-end=\"1672\">Avec <strong data-start=\"1370\" data-end=\"1417\">plus d\u2019une dizaine de joueurs<br \/>\nindisponibles<\/strong>, l\u2019OGC Nice aborde la reprise dans une<br \/>\nsituation particuli\u00e8rement d\u00e9licate. La d\u00e9fense est lourdement<br \/>\ntouch\u00e9e (Dante, Bombito, Abdelmonem, Ndayishimiye), tandis que le<br \/>\nmilieu et l\u2019attaque sont \u00e9galement affect\u00e9s par la CAN et plusieurs<br \/>\narr\u00eats de travail.<\/p>\n<p data-start=\"1674\" data-end=\"1852\">Le staff ni\u00e7ois devra faire<br \/>\npreuve d\u2019ing\u00e9niosit\u00e9 pour maintenir la comp\u00e9titivit\u00e9 de l\u2019\u00e9quipe<br \/>\nlors des premi\u00e8res journ\u00e9es de 2025, en attendant le retour<br \/>\nprogressif de ses cadres.<\/p>\n","protected":false},"excerpt":{"rendered":"\u00c0 l\u2019approche de la reprise du championnat, l\u2019OGC Nice figure parmi les clubs les plus touch\u00e9s par les&hellip;\n","protected":false},"author":2,"featured_media":625064,"comment_status":"","ping_status":"","sticky":false,"template":"","format":"standard","meta":{"footnotes":""},"categories":[2819],"tags":[1111,11,1777,674,1011,27,12,2401,882,25],"class_list":{"0":"post-625063","1":"post","2":"type-post","3":"status-publish","4":"format-standard","5":"has-post-thumbnail","7":"category-nice","8":"tag-actu","9":"tag-actualites","10":"tag-eu","11":"tag-europe","12":"tag-fr","13":"tag-france","14":"tag-news","15":"tag-nice","16":"tag-provence-alpes-cote-dazur","17":"tag-republique-francaise"},"share_on_mastodon":{"url":"https:\/\/pubeurope.com\/@fr\/115791129681133483","error":""},"_links":{"self":[{"href":"https:\/\/www.europesays.com\/fr\/wp-json\/wp\/v2\/posts\/625063","targetHints":{"allow":["GET"]}}],"collection":[{"href":"https:\/\/www.europesays.com\/fr\/wp-json\/wp\/v2\/posts"}],"about":[{"href":"https:\/\/www.europesays.com\/fr\/wp-json\/wp\/v2\/types\/post"}],"author":[{"embeddable":true,"href":"https:\/\/www.europesays.com\/fr\/wp-json\/wp\/v2\/users\/2"}],"replies":[{"embeddable":true,"href":"https:\/\/www.europesays.com\/fr\/wp-json\/wp\/v2\/comments?post=625063"}],"version-history":[{"count":0,"href":"https:\/\/www.europesays.com\/fr\/wp-json\/wp\/v2\/posts\/625063\/revisions"}],"wp:featuredmedia":[{"embeddable":true,"href":"https:\/\/www.europesays.com\/fr\/wp-json\/wp\/v2\/media\/625064"}],"wp:attachment":[{"href":"https:\/\/www.europesays.com\/fr\/wp-json\/wp\/v2\/media?parent=625063"}],"wp:term":[{"taxonomy":"category","embeddable":true,"href":"https:\/\/www.europesays.com\/fr\/wp-json\/wp\/v2\/categories?post=625063"},{"taxonomy":"post_tag","embeddable":true,"href":"https:\/\/www.europesays.com\/fr\/wp-json\/wp\/v2\/tags?post=625063"}],"curies":[{"name":"wp","href":"https:\/\/api.w.org\/{rel}","templated":true}]}}