{"id":625069,"date":"2025-12-27T10:50:28","date_gmt":"2025-12-27T10:50:28","guid":{"rendered":"https:\/\/www.europesays.com\/fr\/625069\/"},"modified":"2025-12-27T10:50:28","modified_gmt":"2025-12-27T10:50:28","slug":"tour-de-france-2026-parcours-profil-et-favoris-de-letape-7-hagetmau","status":"publish","type":"post","link":"https:\/\/www.europesays.com\/fr\/625069\/","title":{"rendered":"Tour de France 2026 : Parcours, profil et favoris de l&rsquo;\u00e9tape 7 Hagetmau"},"content":{"rendered":"<p>            <a href=\"https:\/\/todaycycling.com\/wp-content\/uploads\/2025\/12\/parcours-tour-de-france-2026-etape-7.jpg\" data-caption=\"Image : @ASO_letour_screenshot\" target=\"_blank\" rel=\"noopener\"><img loading=\"lazy\" decoding=\"async\" width=\"696\" height=\"459\" class=\"entry-thumb td-modal-image\" src=\"data:image\/svg+xml,%3Csvg%20xmlns=\" http:=\"\" data-lazy- data-lazy- alt=\"Parcours Tour de France 2026 \u00e9tape 7\" title=\"parcours-tour-de-france-2026-etape-7\" data-lazy-src=\"https:\/\/www.europesays.com\/fr\/wp-content\/uploads\/2025\/12\/parcours-tour-de-france-2026-etape-7-696x459.jpg\"\/><\/a>Image : @ASO_letour_screenshot<\/p>\n<p>Vendredi 10 juillet 2026, la Grande Boucle quitte les Pyr\u00e9n\u00e9es pour une longue ligne de 175 km vers l\u2019Atlantique. Entre Hagetmau et les quais de Bordeaux, le parcours, quasi int\u00e9gralement plat, est une promesse d\u2019explication \u00e0 haute vitesse. Un sc\u00e9nario \u00e9crit d\u2019avance pour les rois du sprint, ou une \u00e9tape \u00e0 surprises ?<\/p>\n<p>Lire aussi :\u00a0<a href=\"https:\/\/todaycycling.com\/tour-de-france-2026-pourquoi-ce-parcours-inedit-va-mettre-le-feu-au-classement-general-des-barcelone\/\" target=\"_blank\" rel=\"noreferrer noopener\">Tour de France 2026. Pourquoi ce parcours in\u00e9dit va mettre le feu au classement g\u00e9n\u00e9ral d\u00e8s Barcelone ?<\/a><\/p>\n<p>Le Tour de France 2026, apr\u00e8s les premiers soubresauts pyr\u00e9n\u00e9ens, va prendre son souffle. Mais pas son rythme. La 7e \u00e9tape, disput\u00e9e le vendredi 10 juillet, trace un trait de 175 kilom\u00e8tres entre Hagetmau, dans les Landes, et l\u2019embl\u00e9matique place des Quinconces \u00e0 Bordeaux. Un trac\u00e9 qui, sur le papier, est un cadeau aux formations des sprinteurs.<\/p>\n<p>Un sc\u00e9nario id\u00e9al pour les puncheurs sur bitume<\/p>\n<p>La philosophie de cette \u00e9tape est limpide. \u00ab Pour mettre le cap sur Bordeaux en quittant les Pyr\u00e9n\u00e9es, le peloton s\u2019offre une travers\u00e9e de la for\u00eat landaise qui laisse peu de prise \u00e0 des coureurs \u00e9chapp\u00e9s \u00bb confirme Christian Prudhomme, le directeur du Tour. Le profil est un long faux-plat descendant vers l\u2019ouest, traversant les pins et les villages landais comme Saint-Sever ou Mont-de-Marsan.<\/p>\n<p>L\u2019objectif est clair : une arriv\u00e9e group\u00e9e. \u00ab les coureurs arriveront \u00e0 l\u2019heure sur les quais de la Garonne pour une explication \u00e0 haute vitesse \u00bb, pr\u00e9dit Prudhomme. Une m\u00e9canique bien huil\u00e9e que les sp\u00e9cialistes connaissent par c\u0153ur.<\/p>\n<p>Un parcours qui rend hommage \u00e0 la Gironde<\/p>\n<p>Le trac\u00e9 n\u2019est pas une simple ligne droite. Il porte une dimension symbolique, notamment en Gironde. Apr\u00e8s avoir p\u00e9n\u00e9tr\u00e9 dans le d\u00e9partement par Saint-Symphorien, le peloton traversera d\u00e9lib\u00e9r\u00e9ment des communes marqu\u00e9es par les m\u00e9ga-incendies de 2022, telles que Landiras et Guillos. Un hommage silencieux \u00e0 la r\u00e9silience des territoires.<\/p>\n<p>La m\u00e9canique de course, elle, se jouera dans les 50 derniers kilom\u00e8tres. Le franchissement de la Garonne \u00e0 Cadillac signera le d\u00e9but des hostilit\u00e9s. La seule difficult\u00e9 r\u00e9pertori\u00e9e, la modeste c\u00f4te de B\u00e8gues (1,4 km \u00e0 3,7%), intervient juste apr\u00e8s. Trop courte pour cr\u00e9er une s\u00e9lection, elle servira plut\u00f4t de tremplin \u00e0 une \u00e9ventuelle attaque.<\/p>\n<p>La finale bordelaise : un sch\u00e9ma rod\u00e9<\/p>\n<p>\u00c0 partir de l\u00e0, le parcours \u00e9pouse un sch\u00e9ma \u00e9prouv\u00e9, similaire \u00e0 l\u2019\u00e9tape victorieuse de Jasper Philipsen en 2023. Les coureurs longeront la rive droite de la Garonne par une succession de villages (Langoiran, Cambes, Camblanes-et-Meynac) jusqu\u2019aux portes de l\u2019agglom\u00e9ration.<\/p>\n<p>L\u2019entr\u00e9e dans Bordeaux se fera par le nouveau pont Simone-Veil. S\u2019ensuivra une ligne droite finale de pr\u00e8s de trois kilom\u00e8tres le long des quais rive gauche. Une avenue parfaite pour les trains de sprint, qui devront se positionner dans les derniers virages avant de lancer leur v\u00e9lo vers la plus belle des enjeux.<\/p>\n<p>Les favoris pour la victoire \u00e0 Bordeaux<\/p>\n<p>Tous les regards se tourneront naturellement vers Jasper Philipsen. Le \u00ab B\u00e9liers d\u2019Alost \u00bb, maillot vert en 2023, avait r\u00e9gn\u00e9 sur ce m\u00eame final bordelais. Apr\u00e8s un abandon pr\u00e9coce en 2025, il aura une revanche \u00e0 prendre.<\/p>\n<p>Mais il ne sera pas seul. Face \u00e0 lui, une nouvelle g\u00e9n\u00e9ration de sprinteurs aguerris br\u00fble d\u2019\u00e9crire sa propre histoire. Biniam Girmay, toujours en qu\u00eate d\u2019une premi\u00e8re victoire d\u2019\u00e9tape sur le Tour, sera un adversaire de poids. <\/p>\n<p>Cette \u00e9tape repr\u00e9sente aussi un test crucial pour les \u00e9quipes. La ma\u00eetrise du train, la capacit\u00e9 \u00e0 placer son leader dans les 500 derniers m\u00e8tres seront les cl\u00e9s du succ\u00e8s. Une erreur de positionnement dans la longue ligne droite finale peut \u00eatre fatale.<\/p>\n<p>Bordeaux, l\u2019incontournable ville-\u00e9tape<\/p>\n<p>Avec cette 82e arriv\u00e9e ou \u00e9tape de son histoire, Bordeaux confirme son statut de passage presque oblig\u00e9 du Tour de France. La place des Quinconces, avec son cadre monumental et sa large avenue, est devenue un th\u00e9\u00e2tre classique pour les sprints du premier week-end.<\/p>\n<p>La 7e \u00e9tape du Tour 2026 s\u2019annonce donc comme un rendez-vous codifi\u00e9, mais jamais d\u00e9nu\u00e9 de suspense. Entre la puissance pure des sprinteurs, les tactiques d\u2019\u00e9quipe millim\u00e9tr\u00e9es et l\u2019hommage aux paysages landais et girondins, cette journ\u00e9e offre un condens\u00e9 de ce qui fait la richesse de la Grande Boucle. Une course dans la course, o\u00f9 chaque seconde perdue dans le vent ou chaque placement hasardeux peut sceller le destin d\u2019un favori. Rendez-vous le 10 juillet 2026 pour le verdict sur les quais.<\/p>\n","protected":false},"excerpt":{"rendered":"Image : @ASO_letour_screenshot Vendredi 10 juillet 2026, la Grande Boucle quitte les Pyr\u00e9n\u00e9es pour une longue ligne de&hellip;\n","protected":false},"author":2,"featured_media":625070,"comment_status":"","ping_status":"","sticky":false,"template":"","format":"standard","meta":{"footnotes":""},"categories":[2817],"tags":[5734,1111,11,1997,1777,674,1011,27,12,2219,25,210],"class_list":{"0":"post-625069","1":"post","2":"type-post","3":"status-publish","4":"format-standard","5":"has-post-thumbnail","7":"category-bordeaux","8":"tag-5734","9":"tag-actu","10":"tag-actualites","11":"tag-bordeaux","12":"tag-eu","13":"tag-europe","14":"tag-fr","15":"tag-france","16":"tag-news","17":"tag-nouvelle-aquitaine","18":"tag-republique-francaise","19":"tag-tour-de-france"},"share_on_mastodon":{"url":"https:\/\/pubeurope.com\/@fr\/115791149342732759","error":""},"_links":{"self":[{"href":"https:\/\/www.europesays.com\/fr\/wp-json\/wp\/v2\/posts\/625069","targetHints":{"allow":["GET"]}}],"collection":[{"href":"https:\/\/www.europesays.com\/fr\/wp-json\/wp\/v2\/posts"}],"about":[{"href":"https:\/\/www.europesays.com\/fr\/wp-json\/wp\/v2\/types\/post"}],"author":[{"embeddable":true,"href":"https:\/\/www.europesays.com\/fr\/wp-json\/wp\/v2\/users\/2"}],"replies":[{"embeddable":true,"href":"https:\/\/www.europesays.com\/fr\/wp-json\/wp\/v2\/comments?post=625069"}],"version-history":[{"count":0,"href":"https:\/\/www.europesays.com\/fr\/wp-json\/wp\/v2\/posts\/625069\/revisions"}],"wp:featuredmedia":[{"embeddable":true,"href":"https:\/\/www.europesays.com\/fr\/wp-json\/wp\/v2\/media\/625070"}],"wp:attachment":[{"href":"https:\/\/www.europesays.com\/fr\/wp-json\/wp\/v2\/media?parent=625069"}],"wp:term":[{"taxonomy":"category","embeddable":true,"href":"https:\/\/www.europesays.com\/fr\/wp-json\/wp\/v2\/categories?post=625069"},{"taxonomy":"post_tag","embeddable":true,"href":"https:\/\/www.europesays.com\/fr\/wp-json\/wp\/v2\/tags?post=625069"}],"curies":[{"name":"wp","href":"https:\/\/api.w.org\/{rel}","templated":true}]}}