{"id":625075,"date":"2025-12-27T10:56:56","date_gmt":"2025-12-27T10:56:56","guid":{"rendered":"https:\/\/www.europesays.com\/fr\/625075\/"},"modified":"2025-12-27T10:56:56","modified_gmt":"2025-12-27T10:56:56","slug":"simulateur-de-pilotage-davion-de-ligne-a320-a-lille-59-lesquin-date-horaires-tarifs","status":"publish","type":"post","link":"https:\/\/www.europesays.com\/fr\/625075\/","title":{"rendered":"Simulateur de pilotage d&rsquo;avion de ligne A320 \u00e0 Lille (59), Lesquin : date, horaires, tarifs"},"content":{"rendered":"<p class=\"fw-bold font-size-16 my-1\"> 730 Rue Maurice Herzog | <a href=\"https:\/\/www.jds.fr\/lille\/lesquin-24972_V\" target=\"_blank\" rel=\"noopener\">Lesquin<\/a><\/p>\n<p class=\"fw-bold font-size-16 my-1\"> Payant  (<a href=\"#tarifs\" class=\"js-scrollTo\">voir les d\u00e9tails<\/a>)<\/p>\n<ul class=\"list-unstyled d-flex flex-wrap mt-2\">\n<li class=\"me-2 mb-2\">sensationnel<\/li>\n<li class=\"me-2 mb-2\">immersif<\/li>\n<li class=\"me-2 mb-2\">\u00e9ducatif<\/li>\n<li class=\"me-2 mb-2\">adultes<\/li>\n<li class=\"me-2 mb-2\">couples<\/li>\n<li class=\"me-2 mb-2\">amis<\/li>\n<li class=\"me-2 mb-2\">payant<\/li>\n<li class=\"me-2 mb-2\">int\u00e9rieur<\/li>\n<li class=\"me-2 mb-2\">1h<\/li>\n<li class=\"me-2 mb-2\">2h-3h<\/li>\n<li class=\"me-2 mb-2\">technologie<\/li>\n<li class=\"me-2 mb-2\">Saint-Valentin<\/li>\n<li class=\"me-2 mb-2\">No\u00ebl<\/li>\n<li class=\"me-2 mb-2\">id\u00e9e cadeau<\/li>\n<\/ul>\n<p><a class=\"btn btn-lg shadow-lg btn-primary rounded-pill fnac_link\" data-fnac=\"haut\" href=\"https:\/\/lb.affilae.com\/r\/?p=5f7dd9b02760126e01e487b3&amp;af=628&amp;lp=https%3A%2F%2Fwww.funbooker.com%2Ffr%2Fannonce%2Fsimulateur-de-pilotage-davion-de-ligne-a-lille%2Fvoir%3Futm_source%3Daffilae%26utm_medium%3Djds\" target=\"_blank\" rel=\"nofollow noopener\"> Acheter des billets<\/a><\/p>\n<p>Au cours de cette activit\u00e9, vous prendrez place \u00e0 l\u2019int\u00e9rieur d\u2019un simulateur de vol professionnel et partirez \u00e0 la d\u00e9couverte d\u2019une ville. Guid\u00e9 par un instructeur-pilote professionnel, vous d\u00e9couvrirez le plaisir de voler et appr\u00e9henderez les principales techniques de pilotage\u00a0: d\u00e9collage, atterrissage et vol en altitude, avec de magnifiques paysages.<\/p>\n<p><a data-lightbox=\"article\" data-title=\"Simulateur de pilotage d&#039;avion de ligne A320 \u00e0 Lille (59) DR\" class=\"image detail fullwidth  position-relative d-block\" href=\"https:\/\/www.jds.fr\/medias\/image\/simulateur-de-pilotage-d-avion-de-ligne-a320-a-lil-806099-920-0-F.webp\" title=\"Simulateur de pilotage d&#039;avion de ligne A320 \u00e0 Lille (59) DR\" target=\"_blank\" rel=\"noopener\"><br \/>\n<img decoding=\"async\" loading=\"lazy\" src=\"https:\/\/www.europesays.com\/fr\/wp-content\/uploads\/2025\/12\/simulateur-de-pilotage-d-avion-de-ligne-a320-a-lil-806099-1200-0.webp.webp\"   width=\"685\" alt=\"Simulateur de pilotage d'avion de ligne A320 \u00e0 Lille (59)\" class=\"border\"\/><br \/>\nDR<br \/>\nSimulateur de pilotage d&rsquo;avion de ligne A320 \u00e0 Lille (59)<br \/>\n<\/a><\/p>\n<p><strong>Comment \u00e7a se passe\u00a0?<\/strong><br \/>\u00c0 votre arriv\u00e9e, vous enfilerez un casque avant d\u2019entrer dans le cockpit. Un instructeur vous pr\u00e9sentera l\u2019appareil et son fonctionnement, puis ce sera le moment de d\u00e9coller et de partir pour l\u2019une des 24 000 destinations propos\u00e9es.<\/p>\n<p><strong>Plusieurs formules sont propos\u00e9es\u00a0:<\/strong><\/p>\n<ul>\n<li><strong>Pack D\u00e9couverte<\/strong>\u00a0: 35 min de vol + 10 min de briefing<\/li>\n<li><strong>Pack \u00c9vasion<\/strong>\u00a0: 60 min de vol + 20 min de briefing<\/li>\n<li><strong>Pack Extra<\/strong>\u00a0: 100 min de vol + 20 min de briefing<\/li>\n<li><strong>Pack Duo<\/strong>\u00a0: 50 min de vol (25 min par personne) + 10 min de briefing<\/li>\n<li><strong>Pack Full Exp\u00e9rience<\/strong>\u00a0: 45 min aux commandes d\u2019un avion de ligne + 45 min aux commandes d\u2019un simulateur F-35<\/li>\n<\/ul>\n<p><strong>Le simulateur\u00a0:<\/strong> vous serez \u00e0 bord d\u2019un Airbus A320, accompagn\u00e9 d\u2019un pilote professionnel. Il reproduit \u00e0 l\u2019identique un v\u00e9ritable cockpit d\u2019avion de ligne. Vous serez dans le cockpit avec toutes les manettes n\u00e9cessaires au bon d\u00e9roulement du vol, ainsi que des \u00e9crans \u00e0 180\u00b0 en qualit\u00e9 HD.<\/p>\n<p>Que ce soit pour vous, ou \u00e0 offrir \u00e0 No\u00ebl, \u00e0 la Saint-Valentin, pour la f\u00eate des P\u00e8res ou des M\u00e8res, cette exp\u00e9rience de pilotage d\u2019un avion de type A320 procurera de superbes sensations\u00a0!<\/p>\n<p>            Renseignements<\/p>\n<p><strong class=\"font-size-18\">O\u00f9\u00a0:<\/strong><br \/> 730 Rue Maurice Herzog<a class=\"mt-1 d-block ps-4\" href=\"https:\/\/www.jds.fr\/lille\/lesquin-24972_V\" target=\"_blank\" rel=\"noopener\"> 59810 Lesquin<\/a><\/p>\n<p>Tarifs et billetterie\u00a0: <\/p>\n<p>Pack D\u00e9couverte, Prix \/ personne &#8211; 35 min de vol : 109\u00a0\u20ac<br \/>Pack Duo, Prix \/ 2 personnes &#8211; 50 min de vol (25 min \/ personne) : 169\u00a0\u20ac<br \/>Pack Full Exp\u00e9rience, Prix \/ personne &#8211; Avion de ligne &amp; avion de chasse : 189\u00a0\u20ac<br \/>Pack Evasion, Prix \/ personne &#8211; 60 min de vol : 189\u00a0\u20ac<br \/>Pack Extra, Prix \/ personne &#8211; 100 min de vol : 269\u00a0\u20ac<br \/>Option &#8211; 20 minutes de vol suppl\u00e9mentaires : 29\u00a0\u20ac<br \/>Option &#8211; Photo souvenir, Photo souvenir imprim\u00e9e : 10\u00a0\u20ac<\/p>\n<p>Dans la m\u00eame rubrique<\/p>\n<ul class=\"mt-3 list-unstyled list-articles-v2\" id=\"liste-dates-694f87d814a91\">\n<li class=\"col-12 pt-4\" data-view-id-type=\"1\" data-view-id=\"1246920\" data-view-bc=\"0\"><a class=\"d-block titre text-black mb-1 mb-md-2\" href=\"https:\/\/www.jds.fr\/lille\/activite-experience\/ateliers\/atelier-dessin-et-peinture-1246920_A\" target=\"_blank\" rel=\"noopener\">Atelier Dessin &amp; Peinture<\/a>Le 27\/12\/2025 LilleNouveaux cours de peinture et de dessin\u00a0!<br \/>\nChaque samedi, plongez dans une matin\u00e9e cr\u00e9ative autour de diff\u00e9rents th\u00e8mes et techniques de dessin.<br \/>\nAtelier avec jardin \u00e0 [\u2026]<a class=\"image\" href=\"https:\/\/www.jds.fr\/lille\/activite-experience\/ateliers\/atelier-dessin-et-peinture-1246920_A\" target=\"_blank\" rel=\"noopener\"><img decoding=\"async\" loading=\"lazy\" src=\"https:\/\/www.europesays.com\/fr\/wp-content\/uploads\/2025\/11\/ateliers-artistiques-peinture-pinceau-technique-ar-127061-180-180.webp.webp\" width=\"180\" height=\"180\" alt=\"Atelier Dessin &amp; Peinture\" class=\"border\"\/><\/a><\/li>\n<li class=\"col-12 pt-4\" data-view-id-type=\"1\" data-view-id=\"934796\" data-view-bc=\"0\"><a class=\"d-block titre text-black mb-1 mb-md-2\" href=\"https:\/\/www.jds.fr\/lille\/activite-experience\/visites\/villa-cavrois-934796_A\" target=\"_blank\" rel=\"noopener\">Villa Cavrois<\/a>Jusqu&rsquo;au 31\/12\/2025<a href=\"https:\/\/www.jds.fr\/lille\/croix\/patrimoine-historique\/villa-cavrois-19392_L\" class=\"lieu font-size-14 text-gray-700 d-block lh-sm my-1\" target=\"_blank\" rel=\"noopener\"> Villa Cavrois &#8211; Croix<\/a>Villa Cavrois, un \u00e9v\u00e9nement \u00e0 voir \u00e0 Lille (Villa Cavrois Croix), du 1 janvier 2024 au 31 d\u00e9cembre 2025. Toutes les informations pratiques (tarifs, billetterie, plan de salle) [\u2026]<a class=\"image\" href=\"https:\/\/www.jds.fr\/lille\/activite-experience\/visites\/villa-cavrois-934796_A\" target=\"_blank\" rel=\"noopener\"><img decoding=\"async\" loading=\"lazy\" src=\"https:\/\/www.europesays.com\/fr\/wp-content\/uploads\/2025\/12\/1766833004_856_\" width=\"180\" height=\"180\" alt=\"Villa Cavrois\"\/><\/a><\/li>\n<li class=\"li_gp_div\">\n<\/li>\n<li class=\"col-12 pt-4\" data-view-id-type=\"1\" data-view-id=\"891355\" data-view-bc=\"0\"><a class=\"image\" href=\"https:\/\/www.jds.fr\/lille\/activite-experience\/visites\/jeu-de-piste-decouverte-les-mysteres-de-lille-891355_A\" target=\"_blank\" rel=\"noopener\"><img decoding=\"async\" loading=\"lazy\" src=\"https:\/\/www.europesays.com\/fr\/wp-content\/uploads\/2025\/12\/0-16563100-1743243909-574104-180-180.webp.webp\" width=\"180\" height=\"180\" alt=\"Jeu de piste d\u00e9couverte Les myst\u00e8res de Lille\" class=\"border\"\/><\/a><\/li>\n<li class=\"col-12 pt-4\" data-view-id-type=\"1\" data-view-id=\"1266187\" data-view-bc=\"0\"><a class=\"image\" href=\"https:\/\/www.jds.fr\/lille\/activite-experience\/experiences-interactives-immersives\/aushopping-v2-devoile-noel-a-croquer-decor-enchanteur-et-fabrique-gourmande-1266187_A\" target=\"_blank\" rel=\"noopener\"><img decoding=\"async\" loading=\"lazy\" src=\"https:\/\/www.europesays.com\/fr\/wp-content\/uploads\/2025\/12\/0-13836800-1764342249-781326-180-180.webp.webp\" width=\"180\" height=\"180\" alt=\"Aushopping V2 d\u00e9voile \u201cNo\u00ebl \u00e0 croquer\u201d : d\u00e9cor enchanteur et fabrique gourmande\" class=\"border\"\/><\/a><\/li>\n<li class=\"col-12 pt-4\" data-view-id-type=\"1\" data-view-id=\"1289817\" data-view-bc=\"0\"><a class=\"d-block titre text-black mb-1 mb-md-2\" href=\"https:\/\/www.jds.fr\/lille\/activite-experience\/aventure\/inside-game-les-mondes-fantastiques-1289817_A\" target=\"_blank\" rel=\"noopener\">Inside Game\u00a0: Les Mondes Fantastiques <\/a>Jusqu&rsquo;au 30\/06\/2026 LilleL\u2019aventure immersive la plus magique de France revient \u00e0 Lille\u00a0!\u00a0. Apr\u00e8s le succ\u00e8s ph\u00e9nom\u00e9nal du D\u00e9fi des Sorciers, [\u2026]<a class=\"image\" href=\"https:\/\/www.jds.fr\/lille\/activite-experience\/aventure\/inside-game-les-mondes-fantastiques-1289817_A\" target=\"_blank\" rel=\"noopener\"><img decoding=\"async\" loading=\"lazy\" src=\"https:\/\/www.europesays.com\/fr\/wp-content\/uploads\/2025\/12\/0-07459200-1766070112-796641-180-180.webp.webp\" width=\"180\" height=\"180\" alt=\"Inside Game : Les Mondes Fantastiques \" class=\"border\"\/><\/a><\/li>\n<li class=\"li_gp_div li_gp_div_infeed\"\/>\n<li class=\"col-12 pt-4\" data-view-id-type=\"1\" data-view-id=\"1253913\" data-view-bc=\"0\"><a class=\"d-block titre text-black mb-1 mb-md-2\" href=\"https:\/\/www.jds.fr\/lille\/activite-experience\/ateliers\/stage-theatre-a-lille-1253913_A\" target=\"_blank\" rel=\"noopener\">Stage Th\u00e9\u00e2tre \u00e0 Lille <\/a>Jusqu&rsquo;au 31\/12\/2025 LilleCe stage est fait pour vous si\u00a0:&#13;<br \/>\nVous voulez d\u00e9couvrir le Cours Florent en participant au stage phare de l\u2019\u00e9cole\u00a0;. Vous souhaitez apprendre des [\u2026]<a class=\"image\" href=\"https:\/\/www.jds.fr\/lille\/activite-experience\/ateliers\/stage-theatre-a-lille-1253913_A\" target=\"_blank\" rel=\"noopener\"><img decoding=\"async\" loading=\"lazy\" src=\"https:\/\/www.europesays.com\/fr\/wp-content\/uploads\/2025\/12\/0-66912700-1763401813-773010-180-180.webp.webp\" width=\"180\" height=\"180\" alt=\"Stage Th\u00e9\u00e2tre \u00e0 Lille \" class=\"border\"\/><\/a><\/li>\n<li class=\"col-12 pt-4\" data-view-id-type=\"1\" data-view-id=\"895370\" data-view-bc=\"0\"><a class=\"image\" href=\"https:\/\/www.jds.fr\/lille\/activite-experience\/visites\/visite-lille-en-1913-entre-bourse-textiles-et-charbon-895370_A\" target=\"_blank\" rel=\"noopener\"><img decoding=\"async\" loading=\"lazy\" src=\"https:\/\/www.europesays.com\/fr\/wp-content\/uploads\/2025\/12\/0-28692500-1756929415-757841-180-180.webp.webp\" width=\"180\" height=\"180\" alt=\"Visite : Lille en 1913, entre Bourse, textiles et charbon\" class=\"border\"\/><\/a><\/li>\n<li class=\"col-12 pt-4\" data-view-id-type=\"1\" data-view-id=\"1260304\" data-view-bc=\"0\"><a class=\"image\" href=\"https:\/\/www.jds.fr\/lille\/activite-experience\/visites\/loisirs-11-17-ans-au-prj-laennec-vacances-fin-d-annee-2025-1260304_A\" target=\"_blank\" rel=\"noopener\"><img decoding=\"async\" loading=\"lazy\" src=\"https:\/\/www.europesays.com\/fr\/wp-content\/uploads\/2025\/06\/1750663687_222_visite-guidee-141572-180-180.webp.webp\" width=\"180\" height=\"180\" alt=\"Loisirs 11\/17 ans au PRJ Laennec (vacances fin d'ann\u00e9e 2025)\" class=\"border\"\/><\/a><\/li>\n<li class=\"col-12 pt-4\" data-view-id-type=\"1\" data-view-id=\"603968\" data-view-bc=\"0\"><a class=\"image\" href=\"https:\/\/www.jds.fr\/lille\/activite-experience\/ateliers\/cours-de-danse-flamenco-pena-estrella-lille-nord-pas-de-calais-picardie-hdf-603968_A\" target=\"_blank\" rel=\"noopener\"><img decoding=\"async\" loading=\"lazy\" src=\"https:\/\/www.europesays.com\/fr\/wp-content\/uploads\/2025\/12\/0-84729000-1756740994-706911-180-180.webp.webp\" width=\"180\" height=\"180\" alt=\"Cours de danse Flamenco Pe\u00f1a Estrella Lille Nord Pas de Calais Picardie HDF\" class=\"border\"\/><\/a><\/li>\n<li class=\"li_gp_div li_gp_div_infeed\"\/>\n<li class=\"col-12 pt-4\" data-view-id-type=\"1\" data-view-id=\"603997\" data-view-bc=\"0\"><a class=\"image\" href=\"https:\/\/www.jds.fr\/lille\/activite-experience\/ateliers\/flamencokids-cours-danse-flamenco-enfants-pena-estrella-lille-npdc-picardie-hdf-603997_A\" target=\"_blank\" rel=\"noopener\"><img decoding=\"async\" loading=\"lazy\" src=\"https:\/\/www.europesays.com\/fr\/wp-content\/uploads\/2025\/12\/0-88011000-1722867601-704118-180-180.webp.webp\" width=\"180\" height=\"180\" alt=\"FLAMENCOKIDS Cours Danse Flamenco Enfants Pe\u00f1a Estrella  Lille NPDC Picardie HDF\" class=\"border\"\/><\/a><\/li>\n<li class=\"col-12 pt-4\" data-view-id-type=\"1\" data-view-id=\"628911\" data-view-bc=\"0\"><a class=\"image\" href=\"https:\/\/www.jds.fr\/lille\/activite-experience\/ateliers\/flamencokids-cours-de-danse-flamenco-enfants-iberica-seclin-hauts-de-france-628911_A\" target=\"_blank\" rel=\"noopener\"><img decoding=\"async\" loading=\"lazy\" src=\"https:\/\/www.europesays.com\/fr\/wp-content\/uploads\/2025\/12\/0-35517000-1724768974-692650-180-180.webp.webp\" width=\"180\" height=\"180\" alt=\"FLAMENCOKIDS Cours de danse Flamenco enfants Ib\u00e9rica SECLIN Hauts de France\" class=\"border\"\/><\/a><\/li>\n<li class=\"col-12 pt-4\" data-view-id-type=\"1\" data-view-id=\"628942\" data-view-bc=\"0\"><a class=\"image\" href=\"https:\/\/www.jds.fr\/lille\/activite-experience\/ateliers\/flamenc-tonic-cours-cardio-flamenco-fitness-iberica-seclin-hauts-de-france-628942_A\" target=\"_blank\" rel=\"noopener\"><img decoding=\"async\" loading=\"lazy\" src=\"https:\/\/www.europesays.com\/fr\/wp-content\/uploads\/2025\/12\/0-39580100-1724777123-692653-180-180.webp.webp\" width=\"180\" height=\"180\" alt=\"Flamenc'tonic' Cours cardio Flamenco fitness Ib\u00e9rica Seclin Hauts de France\" class=\"border\"\/><\/a><\/li>\n<li class=\"col-12 pt-4\" data-view-id-type=\"1\" data-view-id=\"1116101\" data-view-bc=\"0\"><a class=\"d-block titre text-black mb-1 mb-md-2\" href=\"https:\/\/www.jds.fr\/lille\/activite-experience\/ateliers\/atelier-de-conversation-en-francais-1116101_A\" target=\"_blank\" rel=\"noopener\">Atelier de conversation en fran\u00e7ais<\/a>Du 08\/01\/2026 au 27\/06\/2026 Roubaix<br \/>\nVous souhaitez pratiquer le fran\u00e7ais pour \u00eatre plus \u00e0 l&rsquo;aise \u00e0 l&rsquo;oral\u00a0?<br \/>\nCet atelier de conversation est fait pour vous. Venez discuter en toute convivialit\u00e9 avec des [\u2026]<a class=\"image\" href=\"https:\/\/www.jds.fr\/lille\/activite-experience\/ateliers\/atelier-de-conversation-en-francais-1116101_A\" target=\"_blank\" rel=\"noopener\"><img decoding=\"async\" loading=\"lazy\" src=\"https:\/\/www.europesays.com\/fr\/wp-content\/uploads\/2025\/11\/ateliers-artistiques-peinture-pinceau-technique-ar-127061-180-180.webp.webp\" width=\"180\" height=\"180\" alt=\"Atelier de conversation en fran\u00e7ais\" class=\"border\"\/><\/a><\/li>\n<li class=\"li_gp_div li_gp_div_infeed\"\/>\n<li class=\"col-12 pt-4\" data-view-id-type=\"1\" data-view-id=\"628944\" data-view-bc=\"0\"><a class=\"image\" href=\"https:\/\/www.jds.fr\/lille\/activite-experience\/ateliers\/cours-de-portugais-iberica-seclin-lille-hauts-de-france-628944_A\" target=\"_blank\" rel=\"noopener\"><img decoding=\"async\" loading=\"lazy\" src=\"https:\/\/www.europesays.com\/fr\/wp-content\/uploads\/2025\/12\/0-84775500-1724778140-692681-180-180.webp.webp\" width=\"180\" height=\"180\" alt=\"Cours de Portugais Ib\u00e9rica Seclin Lille Hauts de France\" class=\"border\"\/><\/a><\/li>\n<li class=\"col-12 pt-4\" data-view-id-type=\"1\" data-view-id=\"1272057\" data-view-bc=\"0\"><a class=\"image\" href=\"https:\/\/www.jds.fr\/lille\/activite-experience\/ateliers\/atelier-calligraphie-au-musee-du-chateau-de-flers-1272057_A\" target=\"_blank\" rel=\"noopener\"><img decoding=\"async\" loading=\"lazy\" src=\"https:\/\/www.europesays.com\/fr\/wp-content\/uploads\/2025\/12\/0-26710700-1764859876-785296-180-180.webp.webp\" width=\"180\" height=\"180\" alt=\"Atelier calligraphie au Mus\u00e9e du Ch\u00e2teau de Flers\" class=\"border\"\/><\/a><\/li>\n<li class=\"col-12 pt-4\" data-view-id-type=\"1\" data-view-id=\"628922\" data-view-bc=\"0\"><a class=\"d-block titre text-black mb-1 mb-md-2\" href=\"https:\/\/www.jds.fr\/lille\/activite-experience\/ateliers\/stages-de-danse-flamenco-sevillanas-iberica-628922_A\" target=\"_blank\" rel=\"noopener\">Stages de danse Flamenco Sevillanas Ib\u00e9rica<\/a>Du 11\/01\/2026 au 17\/05\/2026 SeclinVenez apprendre las sevillanas, seul style du flamenco qui se pratique \u00e0 deux et est notamment pratiqu\u00e9 lors des f\u00e9rias.&#13;<br \/>\nLes cours de Danse flamenco sont sous [\u2026]<a class=\"image\" href=\"https:\/\/www.jds.fr\/lille\/activite-experience\/ateliers\/stages-de-danse-flamenco-sevillanas-iberica-628922_A\" target=\"_blank\" rel=\"noopener\"><img decoding=\"async\" loading=\"lazy\" src=\"https:\/\/www.europesays.com\/fr\/wp-content\/uploads\/2025\/12\/0-41367600-1755014864-692663-180-180.webp.webp\" width=\"180\" height=\"180\" alt=\"Stages de danse Flamenco Sevillanas Ib\u00e9rica\" class=\"border\"\/><\/a><\/li>\n<li class=\"col-12 pt-4\" data-view-id-type=\"1\" data-view-id=\"1177572\" data-view-bc=\"0\"><a class=\"d-block titre text-black mb-1 mb-md-2\" href=\"https:\/\/www.jds.fr\/lille\/activite-experience\/ateliers\/atelier-peinture-au-mini-lab-1177572_A\" target=\"_blank\" rel=\"noopener\">Atelier peinture au Mini-Lab<\/a>Le 11\/01\/2026 LilleVenez d\u00e9couvrir les techniques de la peinture acrylique avec Vincent Gav\u00e9riaux, illustrateur naturaliste du Mus\u00e9e d\u2019histoire naturelle de Lille. Chaque session vous offre [\u2026]<a class=\"image\" href=\"https:\/\/www.jds.fr\/lille\/activite-experience\/ateliers\/atelier-peinture-au-mini-lab-1177572_A\" target=\"_blank\" rel=\"noopener\"><img decoding=\"async\" loading=\"lazy\" src=\"https:\/\/www.europesays.com\/fr\/wp-content\/uploads\/2025\/11\/ateliers-artistiques-peinture-pinceau-technique-ar-127061-180-180.webp.webp\" width=\"180\" height=\"180\" alt=\"Atelier peinture au Mini-Lab\" class=\"border\"\/><\/a><\/li>\n<li class=\"li_gp_div li_gp_div_infeed\"\/>\n<li class=\"col-12 pt-4\" data-view-id-type=\"1\" data-view-id=\"1177582\" data-view-bc=\"0\"><a class=\"d-block titre text-black mb-1 mb-md-2\" href=\"https:\/\/www.jds.fr\/lille\/activite-experience\/ateliers\/atelier-gravure-au-mini-lab-1177582_A\" target=\"_blank\" rel=\"noopener\">Atelier gravure au Mini-Lab<\/a>Le 14\/01\/2026 Lille<br \/>\nEn se basant sur des mod\u00e8les d&rsquo;illustrations animali\u00e8res, chaque participant\u00b7e s\u00e9lectionnera une esp\u00e8ce \u00e0 styliser, gravera son dessin \u00e0 la pointe s\u00e8che sur sa plaque, [\u2026]<a class=\"image\" href=\"https:\/\/www.jds.fr\/lille\/activite-experience\/ateliers\/atelier-gravure-au-mini-lab-1177582_A\" target=\"_blank\" rel=\"noopener\"><img decoding=\"async\" loading=\"lazy\" src=\"https:\/\/www.europesays.com\/fr\/wp-content\/uploads\/2025\/11\/ateliers-artistiques-peinture-pinceau-technique-ar-127061-180-180.webp.webp\" width=\"180\" height=\"180\" alt=\"Atelier gravure au Mini-Lab\" class=\"border\"\/><\/a><\/li>\n<\/ul>\n<p><a href=\"https:\/\/www.jds.fr\/lille\/magazine\/\" class=\"btn btn-outline-primary py-2 px-4\" target=\"_blank\" rel=\"noopener\">Voir toutes les actualit\u00e9s \u00e0 Lille<\/a><\/p>\n<p class=\"mt-0 mb-3 h2\">Newsletter JDS Lille<\/p>\n<p class=\"font-size-18 fw-normal lh-sm\">Pr\u00eat pour un week-end de folie\u00a0? Chaque jeudi tous les bons plans sorties<\/p>\n","protected":false},"excerpt":{"rendered":"730 Rue Maurice Herzog | Lesquin Payant (voir les d\u00e9tails) sensationnel immersif \u00e9ducatif adultes couples amis payant int\u00e9rieur&hellip;\n","protected":false},"author":2,"featured_media":625076,"comment_status":"","ping_status":"","sticky":false,"template":"","format":"standard","meta":{"footnotes":""},"categories":[2815],"tags":[1111,11,1777,674,1011,27,811,1307,12,25],"class_list":{"0":"post-625075","1":"post","2":"type-post","3":"status-publish","4":"format-standard","5":"has-post-thumbnail","7":"category-lille","8":"tag-actu","9":"tag-actualites","10":"tag-eu","11":"tag-europe","12":"tag-fr","13":"tag-france","14":"tag-hauts-de-france","15":"tag-lille","16":"tag-news","17":"tag-republique-francaise"},"share_on_mastodon":{"url":"https:\/\/pubeurope.com\/@fr\/115791179113545132","error":""},"_links":{"self":[{"href":"https:\/\/www.europesays.com\/fr\/wp-json\/wp\/v2\/posts\/625075","targetHints":{"allow":["GET"]}}],"collection":[{"href":"https:\/\/www.europesays.com\/fr\/wp-json\/wp\/v2\/posts"}],"about":[{"href":"https:\/\/www.europesays.com\/fr\/wp-json\/wp\/v2\/types\/post"}],"author":[{"embeddable":true,"href":"https:\/\/www.europesays.com\/fr\/wp-json\/wp\/v2\/users\/2"}],"replies":[{"embeddable":true,"href":"https:\/\/www.europesays.com\/fr\/wp-json\/wp\/v2\/comments?post=625075"}],"version-history":[{"count":0,"href":"https:\/\/www.europesays.com\/fr\/wp-json\/wp\/v2\/posts\/625075\/revisions"}],"wp:featuredmedia":[{"embeddable":true,"href":"https:\/\/www.europesays.com\/fr\/wp-json\/wp\/v2\/media\/625076"}],"wp:attachment":[{"href":"https:\/\/www.europesays.com\/fr\/wp-json\/wp\/v2\/media?parent=625075"}],"wp:term":[{"taxonomy":"category","embeddable":true,"href":"https:\/\/www.europesays.com\/fr\/wp-json\/wp\/v2\/categories?post=625075"},{"taxonomy":"post_tag","embeddable":true,"href":"https:\/\/www.europesays.com\/fr\/wp-json\/wp\/v2\/tags?post=625075"}],"curies":[{"name":"wp","href":"https:\/\/api.w.org\/{rel}","templated":true}]}}