{"id":625077,"date":"2025-12-27T10:58:32","date_gmt":"2025-12-27T10:58:32","guid":{"rendered":"https:\/\/www.europesays.com\/fr\/625077\/"},"modified":"2025-12-27T10:58:32","modified_gmt":"2025-12-27T10:58:32","slug":"lounes-bachir-a-lille-2026","status":"publish","type":"post","link":"https:\/\/www.europesays.com\/fr\/625077\/","title":{"rendered":"Loun\u00e8s Bachir \u00e0 Lille 2026"},"content":{"rendered":"<p class=\"intro\">Loun\u00e8s Bachir investit la sc\u00e8ne du Spotlight \u00e0 Lille avec son spectacle d&rsquo;humour\u00a0\u00ab\u00a0Sous Rire\u00a0\u00bb le mercredi 20 mai 2026 \u00e0 21h. L&rsquo;humoriste livre un one-man-show sinc\u00e8re et engag\u00e9 qui explore les th\u00e8mes de l&rsquo;identit\u00e9, de la sant\u00e9 mentale et des relations familiales, m\u00ealant rire et r\u00e9flexion dans cette salle incontournable de l&rsquo;humour lillois. Les billets pour cette soir\u00e9e au c\u0153ur de la capitale des Flandres sont disponibles \u00e0 partir de 18\u00a0\u20ac. R\u00e9servez d\u00e8s maintenant vos places pour d\u00e9couvrir l&rsquo;univers authentique de cet artiste prometteur.<\/p>\n<p>Lille accueille l&rsquo;humour sinc\u00e8re de Loun\u00e8s Bachir au Spotlight<\/p>\n<p>\u00ab\u00a0<strong>Sous Rire<\/strong>\u00a0\u00bb r\u00e9v\u00e8le l&rsquo;univers personnel et engag\u00e9 de Loun\u00e8s Bachir, qui transforme ses questionnements intimes en moments de rire partag\u00e9. Ce spectacle explore avec sinc\u00e9rit\u00e9 les th\u00e8mes de l&rsquo;identit\u00e9, de la sant\u00e9 mentale et du d\u00e9terminisme social, tout en \u00e9voquant la transmission des peurs paternelles. L&rsquo;humoriste propose une approche authentique o\u00f9 chaque blague devient un moyen de r\u00e9sistance face aux \u00e9preuves de la vie.<\/p>\n<p><img decoding=\"async\" loading=\"lazy\" src=\"https:\/\/www.europesays.com\/fr\/wp-content\/uploads\/2025\/12\/lounes-bachir---sous-rire-tickets_489284_3890524_222x222.jpg\" alt=\"Lounes Bachir - Sous Rire\" class=\"border\"\/><\/p>\n<p>Le Spotlight de Lille, situ\u00e9 \u00e0 deux pas du th\u00e9\u00e2tre S\u00e9bastopol, offre un cadre intimiste de 150 places pour d\u00e9couvrir ce <strong>spectacle d&rsquo;humour<\/strong> dans la r\u00e9gion <strong>Nord-Pas-de-Calais<\/strong>. Cette salle d\u00e9di\u00e9e \u00e0 l&rsquo;humour, \u00e9quip\u00e9e d&rsquo;un bar convivial, permet au public de profiter pleinement de l&rsquo;atmosph\u00e8re chaleureuse qui caract\u00e9rise les <a href=\"https:\/\/www.jds.fr\/lille\/agenda\/sorties-culturelles-spectacles-expositions-cinema-470_B\" target=\"_blank\" rel=\"noopener\">spectacles lillois<\/a>.<\/p>\n<p>Billetterie pour Loun\u00e8s Bachir\u00a0\u00ab\u00a0Sous Rire\u00a0\u00bb au Spotlight<\/p>\n<p><a class=\"btn btn-lg shadow-lg btn-primary rounded-pill fnac_link\" data-fnac=\"in_article\" href=\"https:\/\/www.awin1.com\/pclick.php?p=43543885698&amp;a=634278&amp;m=12494&amp;clickref=in_article-A-desktop\" target=\"_blank\" rel=\"nofollow noopener\"> Acheter des billets<\/a><\/p>\n<p>Les <strong>billets<\/strong> pour cette soir\u00e9e d&rsquo;humour au Spotlight sont propos\u00e9s au <strong>prix<\/strong> de <strong>18\u00a0\u20ac<\/strong> minimum. L&rsquo;intimit\u00e9 de cette salle lilloise garantit une proximit\u00e9 exceptionnelle avec l&rsquo;artiste, permettant d&rsquo;appr\u00e9cier pleinement la sinc\u00e9rit\u00e9 et l&rsquo;engagement de ce spectacle. Les places \u00e9tant limit\u00e9es, il est recommand\u00e9 de <strong>r\u00e9server<\/strong> rapidement pour ne pas manquer cette rencontre authentique avec l&rsquo;humour de Loun\u00e8s Bachir.<\/p>\n<p>D\u00e9couvrez \u00e9galement <a href=\"https:\/\/www.jds.fr\/artistes\/lounes-bachir-25257_N\" target=\"_blank\" rel=\"noopener\">les autres repr\u00e9sentations de Loun\u00e8s Bachir<\/a> pour suivre l&rsquo;\u00e9volution de sa carri\u00e8re humoristique.<\/p>\n<p>Le parcours artistique de Loun\u00e8s Bachir<\/p>\n<p>Loun\u00e8s Bachir d\u00e9veloppe sa carri\u00e8re dans <strong>l&rsquo;univers de l&rsquo;humour et de la com\u00e9die<\/strong>, construisant progressivement son identit\u00e9 artistique sur sc\u00e8ne. Son approche se distingue par une volont\u00e9 de sinc\u00e9rit\u00e9 et d&rsquo;engagement, transformant ses exp\u00e9riences personnelles en mati\u00e8re comique accessible au public.<\/p>\n<p>Le spectacle <strong>\u00ab\u00a0Sous Rire\u00a0\u00bb<\/strong> repr\u00e9sente son activit\u00e9 sc\u00e9nique actuelle, t\u00e9moignant de sa capacit\u00e9 \u00e0 aborder des sujets profonds tout en conservant la dimension divertissante essentielle \u00e0 l&rsquo;art humoristique. Cette cr\u00e9ation confirme son positionnement d&rsquo;artiste qui privil\u00e9gie l&rsquo;authenticit\u00e9 dans ses prestations sc\u00e9niques.<\/p>\n<p>Comment acc\u00e9der au Spotlight de Lille\u00a0?<\/p>\n<p>Le <strong>m\u00e9tro ligne 1<\/strong> constitue le moyen de transport le plus pratique pour rejoindre <a href=\"https:\/\/www.jds.fr\/lille\/salle-de-concert-spectacle\/le-spotlight-15205_L\" target=\"_blank\" rel=\"noopener\">le Spotlight de Lille<\/a>, avec un arr\u00eat \u00e0 <strong>R\u00e9publique Beaux-Arts<\/strong> situ\u00e9 \u00e0 seulement 200 m\u00e8tres de la salle. Les lignes de bus L1, 18, CITL, L5 et N1 desservent \u00e9galement cet arr\u00eat, facilitant l&rsquo;acc\u00e8s depuis toute la m\u00e9tropole lilloise via le r\u00e9seau Il\u00e9via.<\/p>\n<p>Pour les automobilistes, plusieurs options de <strong>stationnement payant<\/strong> sont disponibles dans le centre-ville. Le <strong>Parking R\u00e9publique Beaux-Arts<\/strong> propose un forfait soir\u00e9e avantageux de 2,60\u00a0\u20ac de 19h00 \u00e0 01h00, situ\u00e9 \u00e0 5 minutes \u00e0 pied. Les parkings Th\u00e9\u00e2tre S\u00e9bastopol et March\u00e9 de Wazemmes offrent des alternatives similaires, tandis que des places en voirie restent accessibles dans les rues adjacentes.<\/p>\n<p class=\"mise_en_avant\">Notre conseil\u00a0: privil\u00e9giez le m\u00e9tro ligne 1 jusqu&rsquo;\u00e0 R\u00e9publique Beaux-Arts pour un acc\u00e8s direct et \u00e9cologique au Spotlight.<\/p>\n<p>Les amateurs d&rsquo;humour pourront \u00e9galement d\u00e9couvrir prochainement <a href=\"https:\/\/www.jds.fr\/lille\/spectacles\/humour\/chicandier-et-mathou-cann-interdit-au-public-1270288_A\" target=\"_blank\" rel=\"noopener\">le spectacle\u00a0\u00ab\u00a0Chicandier et Mathou Cann &#8211; Interdit au Public\u00a0\u00bb au Spotlight<\/a>, confirmant la programmation vari\u00e9e de cette salle d\u00e9di\u00e9e \u00e0 la com\u00e9die lilloise.<\/p>\n","protected":false},"excerpt":{"rendered":"Loun\u00e8s Bachir investit la sc\u00e8ne du Spotlight \u00e0 Lille avec son spectacle d&rsquo;humour\u00a0\u00ab\u00a0Sous Rire\u00a0\u00bb le mercredi 20 mai&hellip;\n","protected":false},"author":2,"featured_media":625078,"comment_status":"","ping_status":"","sticky":false,"template":"","format":"standard","meta":{"footnotes":""},"categories":[2815],"tags":[1111,11,1777,674,1011,27,811,1307,12,25],"class_list":{"0":"post-625077","1":"post","2":"type-post","3":"status-publish","4":"format-standard","5":"has-post-thumbnail","7":"category-lille","8":"tag-actu","9":"tag-actualites","10":"tag-eu","11":"tag-europe","12":"tag-fr","13":"tag-france","14":"tag-hauts-de-france","15":"tag-lille","16":"tag-news","17":"tag-republique-francaise"},"share_on_mastodon":{"url":"https:\/\/pubeurope.com\/@fr\/115791180860323152","error":""},"_links":{"self":[{"href":"https:\/\/www.europesays.com\/fr\/wp-json\/wp\/v2\/posts\/625077","targetHints":{"allow":["GET"]}}],"collection":[{"href":"https:\/\/www.europesays.com\/fr\/wp-json\/wp\/v2\/posts"}],"about":[{"href":"https:\/\/www.europesays.com\/fr\/wp-json\/wp\/v2\/types\/post"}],"author":[{"embeddable":true,"href":"https:\/\/www.europesays.com\/fr\/wp-json\/wp\/v2\/users\/2"}],"replies":[{"embeddable":true,"href":"https:\/\/www.europesays.com\/fr\/wp-json\/wp\/v2\/comments?post=625077"}],"version-history":[{"count":0,"href":"https:\/\/www.europesays.com\/fr\/wp-json\/wp\/v2\/posts\/625077\/revisions"}],"wp:featuredmedia":[{"embeddable":true,"href":"https:\/\/www.europesays.com\/fr\/wp-json\/wp\/v2\/media\/625078"}],"wp:attachment":[{"href":"https:\/\/www.europesays.com\/fr\/wp-json\/wp\/v2\/media?parent=625077"}],"wp:term":[{"taxonomy":"category","embeddable":true,"href":"https:\/\/www.europesays.com\/fr\/wp-json\/wp\/v2\/categories?post=625077"},{"taxonomy":"post_tag","embeddable":true,"href":"https:\/\/www.europesays.com\/fr\/wp-json\/wp\/v2\/tags?post=625077"}],"curies":[{"name":"wp","href":"https:\/\/api.w.org\/{rel}","templated":true}]}}