{"id":625079,"date":"2025-12-27T11:00:14","date_gmt":"2025-12-27T11:00:14","guid":{"rendered":"https:\/\/www.europesays.com\/fr\/625079\/"},"modified":"2025-12-27T11:00:14","modified_gmt":"2025-12-27T11:00:14","slug":"la-metropole-aix-marseille-porte-plainte-pour-diffamation-contre-le-candidat-lfi-aux-municipales-sebastien-delogu-actualites","status":"publish","type":"post","link":"https:\/\/www.europesays.com\/fr\/625079\/","title":{"rendered":"La M\u00e9tropole Aix-Marseille porte plainte pour diffamation contre le candidat LFI aux municipales, S\u00e9bastien Delogu : Actualit\u00e9s"},"content":{"rendered":"<p class=\"lead \"><strong>La M\u00e9tropole Aix-Marseille-Provence a lanc\u00e9 vendredi 26 d\u00e9cembre des poursuites judiciaires contre le d\u00e9put\u00e9 et candidat Insoumis aux municipales \u00e0 Marseille, rapporte La Marseillaise. La plainte fait suite \u00e0 une interview donn\u00e9e \u00e0 Ici Provence le 21 novembre dernier dans laquelle S\u00e9bastien Delogu \u00e9voque un \u201csyst\u00e8me client\u00e9laire corrompu\u201d dans la cit\u00e9 phoc\u00e9enne.<\/strong><\/p>\n<p class=\"lead \">\u00ab\u00a0C\u2019est tout le syst\u00e8me qui est corrompu\u00a0\u00bb martelait S\u00e9bastien Delogu le 21 novembre dernier dans une interview sur la radio locale <a href=\"https:\/\/www.francebleu.fr\/emissions\/l-invite-d-ici-matin-ici-provence\/sebastien-delogu-depute-et-candidat-lfi-a-la-mairie-de-marseille-8041030\" target=\"_blank\" rel=\"noopener\">Ici Provence<\/a> (ex-France Bleu). Des propos qui ne sont pas pass\u00e9s aupr\u00e8s de la M\u00e9tropole Aix-Marseille-Provence, dirig\u00e9e par Martine Vassal (DVD), qui a port\u00e9 plainte, vendredi 26 d\u00e9cembre, pour diffamation contre le d\u00e9put\u00e9 et candidat Insoumis aux municipales \u00e0 Marseille, selon les informations du journal <a href=\"https:\/\/www.lamarseillaise.fr\/politique\/accusee-de-clientelisme-la-metropole-poursuit-en-justice-sebastien-delogu-NO19358588\" target=\"_blank\" rel=\"noopener\">La Marseillaise<\/a>.<\/p>\n<p class=\"lead \">S\u00e9bastien Delogu explique qu&rsquo;\u00e0 Marseille \u00ab\u00a0pour avoir un appartement, il faut donner de l\u2019argent\u00a0\u00bb, m\u00eame chose \u00ab\u00a0pour avoir un travail \u00e0 la m\u00e9tropole ou \u00e0 la mairie\u00a0\u00bb il faut aussi d\u00a0\u00bbonner de l\u2019argent\u00a0\u00bb. Il pr\u00e9cise ne pas vouloir \u00ab\u00a0pointer du doigt quelqu\u2019un\u00a0\u00bb mais d\u00e9noncer \u00ab\u00a0tout le syst\u00e8me qui est corrompu\u00a0\u00bb. En r\u00e9ponse \u00e0 la plainte d\u00e9pos\u00e9e par la M\u00e9tropole, le d\u00e9put\u00e9 Insoumis a publi\u00e9 une vid\u00e9o sur ses r\u00e9seaux sociaux, ironisant sur le d\u00e9p\u00f4t de plainte.<\/p>\n<p>                                                                                                Critique du travail de la M\u00e9tropole<\/p>\n<p class=\"lead \">Dans le rapport \u00ab\u00a0Marseille en vrai\u00a0\u00bb r\u00e9alis\u00e9 par S\u00e9bastien Delogu et Manuel Bompard, les deux d\u00e9put\u00e9s de la France insoumise critiquent \u00e0 plusieurs reprises le travail de la M\u00e9tropole Aix-Marseille-Provence, pr\u00e9sid\u00e9e par Martine Vassal, que S\u00e9bastien Delogu consid\u00e8re comme une \u00ab\u00a0adversaire politique\u00a0\u00bb. Il promet davantage de transparence s\u2019il acc\u00e8de \u00e0 la mairie de Marseille, autant dans le secteur du logement, qu\u2019associatif ou culturel.<\/p>\n<p class=\"small font-weight-bold text-gray3 \"> publi\u00e9 le 27 d\u00e9cembre \u00e0 11h01, Camille Buonanno, 6Medias<\/p>\n<p>                             Partager<\/p>\n","protected":false},"excerpt":{"rendered":"La M\u00e9tropole Aix-Marseille-Provence a lanc\u00e9 vendredi 26 d\u00e9cembre des poursuites judiciaires contre le d\u00e9put\u00e9 et candidat Insoumis aux&hellip;\n","protected":false},"author":2,"featured_media":625080,"comment_status":"","ping_status":"","sticky":false,"template":"","format":"standard","meta":{"footnotes":""},"categories":[2814],"tags":[1111,11,1777,674,1011,27,884,12,882,25],"class_list":{"0":"post-625079","1":"post","2":"type-post","3":"status-publish","4":"format-standard","5":"has-post-thumbnail","7":"category-marseille","8":"tag-actu","9":"tag-actualites","10":"tag-eu","11":"tag-europe","12":"tag-fr","13":"tag-france","14":"tag-marseille","15":"tag-news","16":"tag-provence-alpes-cote-dazur","17":"tag-republique-francaise"},"share_on_mastodon":{"url":"https:\/\/pubeurope.com\/@fr\/115791188691792223","error":""},"_links":{"self":[{"href":"https:\/\/www.europesays.com\/fr\/wp-json\/wp\/v2\/posts\/625079","targetHints":{"allow":["GET"]}}],"collection":[{"href":"https:\/\/www.europesays.com\/fr\/wp-json\/wp\/v2\/posts"}],"about":[{"href":"https:\/\/www.europesays.com\/fr\/wp-json\/wp\/v2\/types\/post"}],"author":[{"embeddable":true,"href":"https:\/\/www.europesays.com\/fr\/wp-json\/wp\/v2\/users\/2"}],"replies":[{"embeddable":true,"href":"https:\/\/www.europesays.com\/fr\/wp-json\/wp\/v2\/comments?post=625079"}],"version-history":[{"count":0,"href":"https:\/\/www.europesays.com\/fr\/wp-json\/wp\/v2\/posts\/625079\/revisions"}],"wp:featuredmedia":[{"embeddable":true,"href":"https:\/\/www.europesays.com\/fr\/wp-json\/wp\/v2\/media\/625080"}],"wp:attachment":[{"href":"https:\/\/www.europesays.com\/fr\/wp-json\/wp\/v2\/media?parent=625079"}],"wp:term":[{"taxonomy":"category","embeddable":true,"href":"https:\/\/www.europesays.com\/fr\/wp-json\/wp\/v2\/categories?post=625079"},{"taxonomy":"post_tag","embeddable":true,"href":"https:\/\/www.europesays.com\/fr\/wp-json\/wp\/v2\/tags?post=625079"}],"curies":[{"name":"wp","href":"https:\/\/api.w.org\/{rel}","templated":true}]}}