{"id":625081,"date":"2025-12-27T11:02:39","date_gmt":"2025-12-27T11:02:39","guid":{"rendered":"https:\/\/www.europesays.com\/fr\/625081\/"},"modified":"2025-12-27T11:02:39","modified_gmt":"2025-12-27T11:02:39","slug":"nos-10-enquetes-marquantes-sur-lyon-et-sa-regionn-en-2025","status":"publish","type":"post","link":"https:\/\/www.europesays.com\/fr\/625081\/","title":{"rendered":"Nos 10 enqu\u00eates marquantes sur Lyon et sa r\u00e9gionn en 2025"},"content":{"rendered":"<p class=\"wp-block-post-excerpt__excerpt\">\u00c0 l\u2019heure du bilan de l\u2019ann\u00e9e 2025, on jette un coup d\u2019\u0153il dans le r\u00e9tro. Pas facile de s\u00e9lectionner les enqu\u00eates parues sur Rue89Lyon tant l\u2019ann\u00e9e fut riche\u2026 On a quand m\u00eame tent\u00e9 de vous dresser ce petit floril\u00e8ge. <\/p>\n<p class=\"font-sans\">\n\t\t\tCet article est en acc\u00e8s libre. Pour soutenir Rue89 Lyon,<br \/>\n\t\t\t<a class=\"underline\" href=\"https:\/\/www.rue89lyon.fr\/abonnement\/\" target=\"_blank\" rel=\"noopener\">abonnez-vous<\/a>.\n\t\t<\/p>\n<p>Pierre Lemerle<\/p>\n<p>Publi\u00e9 le 27 d\u00e9cembre 2025\u00a0\u00a0\u00b7\u00a0\u00a0<\/p>\n<p>Imprim\u00e9 le 27 d\u00e9cembre 2025 \u00e0 11h21\u00a0\u00a0\u00b7\u00a0\u00a0<\/p>\n<p>Modifi\u00e9 le 27 d\u00e9cembre 2025\u00a0\u00a0\u00b7\u00a0\u00a0<\/p>\n<p>\t\t\t\t\t7\u00a0minutes\n<\/p>\n<p>Le prix de l\u2019enqu\u00eate <\/p>\n<p>Dans cet article, vous trouverez des articles qui ont pris des semaines, des mois, voire presque une ann\u00e9e de travail. Ce temps, indispensable \u00e0 l\u2019enqu\u00eate, demande des moyens humains et financiers. Si cet engagement vous convainc et que vous en avez les moyens, faites un don \u00e0 un m\u00e9dia qui appartient \u00e0 ses journalistes, financ\u00e9 par ses lecteurs. Jusqu\u2019\u00e0 la fin de l\u2019ann\u00e9e, vous pouvez b\u00e9n\u00e9ficier de 66\u00a0% de d\u00e9duction d\u2019imp\u00f4t : sur un don de 100 euros, vous ne paierez que 34 euros. Alors, chiche\u00a0?<\/p>\n<p>Parue le 11 janvier, cette enqu\u00eate sur The Futur is Female, collectif organisateur de soir\u00e9es techno \u00e0 Lyon, a lanc\u00e9 l\u2019ann\u00e9e. Des r\u00e9v\u00e9lations, notamment sur la gestion des b\u00e9n\u00e9voles, qui nous ont valu un droit de r\u00e9ponse et un proc\u00e8s en diffamation. L\u2019enqu\u00eate, \u00e7a co\u00fbte aussi en frais judiciaire ! <\/p>\n<p>Sur Rue89Lyon<\/p>\n<p><img loading=\"lazy\" decoding=\"async\" width=\"792\" height=\"603\" src=\"https:\/\/www.europesays.com\/fr\/wp-content\/uploads\/2025\/12\/NO-GENDER1-792x603.png\" alt=\"Depuis 2021, les soir\u00e9es No Gender connaissent un v\u00e9ritable engouement dans le milieu techno. \u00a9Montage Rue89Lyon\" class=\"wp-image-227850\"  \/> Depuis 2021, les soir\u00e9es No Gender connaissent un v\u00e9ritable engouement dans le milieu techno.Photo\u00a0: Montage Rue89Lyon<\/p>\n<p>Parmi le floril\u00e8ge des enqu\u00eates publi\u00e9es cette ann\u00e9e sur les liens entre l\u2019extr\u00eame droite et des cathos un peu trop conciliants, il a \u00e9t\u00e9 difficile de trancher. Alors, on vous a mis en avant une enqu\u00eate consacr\u00e9e aux rassemblements entre proches d\u2019Alain Soral et complotistes en tout genre \u00e0 la fronti\u00e8re suisse, dans la salle paroissiale de Ferney Voltaire. Peut-\u00eatre parce que celle-ci n\u2019\u00e9tait pas rest\u00e9e sans r\u00e9action\u2026<\/p>\n<p>Apr\u00e8s la publication de l\u2019article, dans une conf\u00e9rence intitul\u00e9e\u00a0Le retour de la Barbarie, Sylvain Durain, \u00ab\u00a0reporter et analyste\u00a0\u00bb d\u2019extr\u00eame-droite, s\u2019en est pris \u00e0 notre m\u00e9dia. \u00ab\u00a0Le d\u00e9couragement, \u00e7a nous arrive \u00e0 tous. Rue89[Lyon, ndrl] est avant tout l\u00e0 pour nous d\u00e9courager. Le d\u00e9couragement, c\u2019est la ruse supr\u00eame du diable\u00a0\u00bb, a-t-il d\u00e9clar\u00e9. Eh bien, \u00e7a valait le coup de le rappeler.<\/p>\n<p><img loading=\"lazy\" decoding=\"async\" width=\"792\" height=\"603\" src=\"https:\/\/www.europesays.com\/fr\/wp-content\/uploads\/2025\/12\/Ferney-792x603.png\" alt=\"La salle paroissiale de Ferney-Voltaire a vu passer une galaxie de &quot;conf\u00e9renciers&quot; li\u00e9s \u00e0 Alain Soral ou la complosph\u00e8re. \u00a9Montage Rue89Lyon\" class=\"wp-image-228602\"  \/> La salle paroissiale de Ferney-Voltaire a vu passer une galaxie de \u00ab\u00a0conf\u00e9renciers\u00a0\u00bb li\u00e9s \u00e0 l\u2019extr\u00eame-droite, Alain Soral ou la complosph\u00e8re.Photo\u00a0: Montage Rue89Lyon<\/p>\n<p>Mais cette enqu\u00eate n\u2019a pas \u00e9t\u00e9 la seule (loin de l\u00e0) sur ce sujet. Dans cet encadr\u00e9, vous retrouverez nos recherches sur le Caf\u00e9 Simone ou encore sur les Nuits du bien commun de Pierre-\u00c9douard St\u00e9rin. Oui, c\u2019est dur de choisir.<\/p>\n<p>Pour aller plus loin<\/p>\n<p>Il a fallu plusieurs allers-retours, reportages, et rencontres pour se rendre compte de l\u2019\u00e9tonnant \u00e9quilibre en cours \u00e0 la plaine des jeux. Dans un domaine o\u00f9 la loi, contraignante, peut vite faire tomber les institutions et collectivit\u00e9s du c\u00f4t\u00e9 de l\u2019organisation de la prostitution (et du prox\u00e9n\u00e9tisme), un \u00e9quilibre semble avoir \u00e9t\u00e9 trouv\u00e9 pour permettre aux prostitu\u00e9es et travailleuses du sexe de rester un minimum dans le coin, sans provoquer l\u2019ire des parents de la plaine des jeux.<\/p>\n<p><img loading=\"lazy\" decoding=\"async\" width=\"792\" height=\"528\" src=\"https:\/\/www.europesays.com\/fr\/wp-content\/uploads\/2025\/12\/DSC_0075-792x528.jpg\" alt=\"Le secteur avec de la prostitution de Lyon\" class=\"wp-image-227012\"  \/> \u00c0 Lyon \u2013 Gerland, la pr\u00e9fecture a reconduit son arr\u00eat\u00e9 anti-camionette contre la prostitution.Photo\u00a0: PL\/Rue89Lyon.<\/p>\n<p>La question du logement va \u00eatre centrale \u00e0 Lyon pour les \u00e9lections municipales et m\u00e9tropolitaines (\u00e0 juste titre). Pour cette raison, on vous propose un retour sur une enqu\u00eate consacr\u00e9e \u00e0 Marc et Marie-Fran\u00e7oise Fayolle, un couple qui fait vivre ses locataires dans un environnement (tr\u00e8s) d\u00e9grad\u00e9 pour des loyers souvent \u00e9lev\u00e9s. De quoi alimenter (peut-\u00eatre) les programmes des futurs candidats. <\/p>\n<p><img loading=\"lazy\" decoding=\"async\" width=\"792\" height=\"528\" src=\"https:\/\/www.europesays.com\/fr\/wp-content\/uploads\/2025\/12\/montage-fayolle-792x528.png\" alt=\"Les d\u00e9sordres constat\u00e9s dans plusieurs appartements lou\u00e9s par le couple Fayolle \u00e0 Villeurbanne. Montage Rue89Lyon\" class=\"wp-image-234551\"  \/> Les d\u00e9sordres constat\u00e9s dans plusieurs appartements lou\u00e9s par le couple Fayolle \u00e0 Villeurbanne. Montage Rue89Lyon<\/p>\n<p>Au passage, on vous laisse une enqu\u00eate consacr\u00e9e au d\u00e9tournement de \u00ab\u00a0l\u2019encadrement des loyers\u00a0\u00bb par une agence immobili\u00e8re. Comme quoi, il n\u2019y pas que Jean-Michel Aulas qui veut \u00ab\u00a0d\u00e9sencadrer\u00a0\u00bb les loyers\u2026 <\/p>\n<p>\u00c0 lire sur Rue89Lyon<\/p>\n<p>Impossible de vous parler de nos enqu\u00eates de l\u2019ann\u00e9e sans vous parler de notre dossier sur l\u2019extr\u00eame droite \u00e0 Lyon. Durant six mois, notre r\u00e9daction a recens\u00e9 plus de 100 attaques commises par des militants identitaires, nationalistes (etc.) dans la capitale des Gaules. R\u00e9sultat : une enqu\u00eate en cinq volets \u00e0 retrouver ici.<\/p>\n<p>Retrouvez notre enqu\u00eate ici<\/p>\n<p><img loading=\"lazy\" decoding=\"async\" width=\"792\" height=\"351\" src=\"https:\/\/www.europesays.com\/fr\/wp-content\/uploads\/2025\/12\/r89lyon-illus-justice-final-format-ordi-1-792x351.jpg\" alt=\"\" class=\"wp-image-241013\"  \/> Institution, police, justice\u2026 Pourquoi et comment l\u2019extr\u00eame droite a-t-elle r\u00e9ussi \u00e0 se d\u00e9velopper en terres lyonnaises\u00a0? \u00a9Charlotte RousselPhoto\u00a0: Charlotte Rousselle<\/p>\n<p>\u00c0 lire aussi sur le sujet<\/p>\n<p>Vous allez me dire : \u00ab\u00a0Mais c\u2019est une enqu\u00eate de 2024 ?\u00a0\u00bb. Oui mais, pour le suivi qui a \u00e9t\u00e9 fait sur le dossier (et aussi pour le travail r\u00e9alis\u00e9 sur les affaires de la R\u00e9gion dans leur ensemble), il paraissait important de remettre un mot du spectacle Raconte-moi la France.<\/p>\n<p>En 2024, nous avions r\u00e9v\u00e9l\u00e9 que ce show r\u00e9ac\u2019 sauce Puy-du-Fou, grandement soutenu par Laurent Wauquiez (LR), avait b\u00e9n\u00e9fici\u00e9 de tr\u00e8s grosses sommes d\u2019argent publique (plus de 500 000 euros). Cette ann\u00e9e, nous avons r\u00e9v\u00e9l\u00e9 qu\u2019il n\u2019avait, finalement, pas \u00e9t\u00e9 programm\u00e9 (comme promis initialement) \u00e0 la LDLC Arena. Puis, que la soci\u00e9t\u00e9 avait \u00e9t\u00e9 plac\u00e9e en redressement judiciaire. Un travail qui montre la n\u00e9cessit\u00e9 de suivre les mouvements de l\u2019argent public\u2026 Jusqu\u2019au bout. <\/p>\n<p>\u00c0 lire sur Rue89Lyon<\/p>\n<p>\u201cBarabaar, l\u2019endroit id\u00e9al pour d\u00e9compresser et profiter de la vie\u201d peut-on lire dans la promo\u2019 de cette cha\u00eene de bar lyonnaise, install\u00e9e \u00e0 la Croix-Rousse et dans les 6e et 9e arrondissements. Peut-\u00eatre\u2026 Mais, visiblement, pas derri\u00e8re le comptoir. Nos r\u00e9v\u00e9lations sur les gestion de cette cha\u00eene lyonnaise par la famille Di Litta, qui compte une dizaine d\u2019\u00e9tablissements sur Lyon.<\/p>\n<p><img loading=\"lazy\" decoding=\"async\" width=\"792\" height=\"446\" src=\"https:\/\/www.europesays.com\/fr\/wp-content\/uploads\/2025\/12\/img-7948-792x446.jpg\" alt=\"Le Baraabar Lyon\" class=\"wp-image-239246\"  \/> \u00c0 Lyon, les patrons du Baraabar d\u00e9tiennent plusieurs bars, restaurants\u2026Photo\u00a0: ZB\/Rue89Lyon.<\/p>\n<p>Vous l\u2019avez s\u00fbrement remarqu\u00e9, il ne s\u2019agit pas de la seule enqu\u00eate consacr\u00e9e aux conditions de travail parue cette ann\u00e9e dans Rue89Lyon. Pour la route, on vous glisse \u00e9galement le travail r\u00e9alis\u00e9 pour mettre \u00e0 jour les techniques de management de Solutec, une entreprises des services du num\u00e9rique (ESN), forte de 1500 salari\u00e9s \u00e0 Lyon.<\/p>\n<p>\u00c0 lire sur Rue89Lyon<\/p>\n<p>Mais, sommes nous les seuls \u00e0 trouver cela bizarre\u00a0? Ancien d\u00e9put\u00e9 et \u00e9lu r\u00e9gional du Puy-de-D\u00f4me, Michel Fanget (Modem) a \u00e9cop\u00e9 d\u2019une peine d\u2019in\u00e9ligibilit\u00e9 de deux ans en 2022. <\/p>\n<p>Alors qu\u2019il aurait d\u00fb quitter son poste, il a conserv\u00e9 son mandat durant toute la dur\u00e9e de sa condamnation, car la pr\u00e9fecture de R\u00e9gion n\u2019a pas pris d\u2019arr\u00eat\u00e9 pour l\u2019y obliger. R\u00e9sultat, il a quand m\u00eame touch\u00e9 plus de 60 000 euros d\u2019indemnit\u00e9s, sans que personne ne lui dise rien\u2026 Une histoire r\u00e9v\u00e9l\u00e9e chez-nous, alors que l\u2019on suivait la piste <a href=\"https:\/\/www.rue89lyon.fr\/2025\/10\/29\/condamne-dans-laffaire-sarkozy-brice-hortefeux-est-il-toujours-conseiller-regional\/\" target=\"_blank\" rel=\"noreferrer noopener\">d\u2019un autre \u00e9lu r\u00e9gional condamn\u00e9, Brice Hortefeux (LR)<\/a>. C\u2019est fou comme on a parfois du mal \u00e0 faire appliquer certaines peines de justices.<\/p>\n<p><img loading=\"lazy\" decoding=\"async\" width=\"792\" height=\"603\" src=\"https:\/\/www.europesays.com\/fr\/wp-content\/uploads\/2025\/12\/visuel-michel-fanget-792x603.png\" alt=\"\" class=\"wp-image-243598\"  \/> L\u2019ancien d\u00e9put\u00e9 Michel Fanget aurait-il \u00e9t\u00e9 oubli\u00e9 par la Pr\u00e9fecture ?Photo\u00a0: Montage Rue89Lyon<\/p>\n<p>Il a fallu cravacher pour avoir des t\u00e9moignages dans cette enqu\u00eate. Car, le sujet est on ne peut plus touchy et peut mettre en danger des travailleurs. Pourtant, ce travail para\u00eet indispensable pour mettre en avant une r\u00e9alit\u00e9 souvent oubli\u00e9e : le travail des \u00ab\u00a0sans-papiers\u00a0\u00bb. Souvent, leurs conditions de travail sont consid\u00e9rablement d\u00e9grad\u00e9es (euph\u00e9misme). C\u2019est ce que prouve notre enqu\u00eate sur la soci\u00e9t\u00e9 de nettoyage de la m\u00e9tropole de Lyon, Many Clean.<\/p>\n<p><img loading=\"lazy\" decoding=\"async\" width=\"792\" height=\"522\" src=\"https:\/\/www.europesays.com\/fr\/wp-content\/uploads\/2025\/12\/1-1-792x522.jpg\" alt=\"Many Clean\" class=\"wp-image-241574\"  \/> \u00c0 Lyon, une soci\u00e9t\u00e9 de nettoyage profite de la pr\u00e9carit\u00e9 de sans-papiers.Photo\u00a0: Photomontage Rue89Lyon<\/p>\n<p>C\u2019est l\u2019une des derni\u00e8res investigations de l\u2019ann\u00e9e : notre enqu\u00eate consacr\u00e9e au groupe <a href=\"https:\/\/fr.wikipedia.org\/wiki\/Decitre\" target=\"_blank\" rel=\"noreferrer noopener\">Decitre<\/a>. Institution lyonnaise, celle-ci vient d\u2019essuyer deux plans sociaux en six ans. En interne, ses salari\u00e9s sont <a href=\"https:\/\/www.rue89lyon.fr\/2025\/12\/18\/lyon-spleen-decitre-institution-locale-prend-eau\/\" target=\"_blank\" rel=\"noopener\">proprement lessiv\u00e9s<\/a>. Tout le monde craint la chute prochaine de cette institution plus que centenaire.<\/p>\n<p><img loading=\"lazy\" decoding=\"async\" width=\"792\" height=\"528\" src=\"https:\/\/www.europesays.com\/fr\/wp-content\/uploads\/2025\/12\/dsc-0479-792x528.jpg\" alt=\"L'enseigne Decitre \u00e0 Lyon\" class=\"wp-image-244299\"  \/> L\u2019enseigne Decitre est en grande difficult\u00e9 \u00e0 Lyon.Photo\u00a0: PL\/Rue89Lyon.<\/p>\n<p>C\u2019est fini pour cette ann\u00e9e 2025. Si vous consid\u00e9rez ce travail comme d\u2019utilit\u00e9 publique, n\u2019h\u00e9sitez pas \u00e0 <a href=\"https:\/\/www.rue89lyon.fr\/abonnement\/\" target=\"_blank\" rel=\"noopener\">vous abonner \u00e0 Rue89lyon<\/a> ou \u00e0 faire <a href=\"https:\/\/www.rue89lyon.fr\/don-rue89lyon\/\" target=\"_blank\" rel=\"noopener\">un don<\/a> (avant le 31 d\u00e9cembre). Bonnes f\u00eates\u00a0!<\/p>\n","protected":false},"excerpt":{"rendered":"\u00c0 l\u2019heure du bilan de l\u2019ann\u00e9e 2025, on jette un coup d\u2019\u0153il dans le r\u00e9tro. Pas facile de&hellip;\n","protected":false},"author":2,"featured_media":625082,"comment_status":"","ping_status":"","sticky":false,"template":"","format":"standard","meta":{"footnotes":""},"categories":[1889],"tags":[1111,11,2430,1777,674,1076,1011,27,5639,2428,12,25,104,3847],"class_list":{"0":"post-625081","1":"post","2":"type-post","3":"status-publish","4":"format-standard","5":"has-post-thumbnail","7":"category-lyon","8":"tag-actu","9":"tag-actualites","10":"tag-auvergne-rhone-alpes","11":"tag-eu","12":"tag-europe","13":"tag-extreme-droite","14":"tag-fr","15":"tag-france","16":"tag-laurent-wauquiez","17":"tag-lyon","18":"tag-news","19":"tag-republique-francaise","20":"tag-societe","21":"tag-travail"},"share_on_mastodon":{"url":"https:\/\/pubeurope.com\/@fr\/115791198901125550","error":""},"_links":{"self":[{"href":"https:\/\/www.europesays.com\/fr\/wp-json\/wp\/v2\/posts\/625081","targetHints":{"allow":["GET"]}}],"collection":[{"href":"https:\/\/www.europesays.com\/fr\/wp-json\/wp\/v2\/posts"}],"about":[{"href":"https:\/\/www.europesays.com\/fr\/wp-json\/wp\/v2\/types\/post"}],"author":[{"embeddable":true,"href":"https:\/\/www.europesays.com\/fr\/wp-json\/wp\/v2\/users\/2"}],"replies":[{"embeddable":true,"href":"https:\/\/www.europesays.com\/fr\/wp-json\/wp\/v2\/comments?post=625081"}],"version-history":[{"count":0,"href":"https:\/\/www.europesays.com\/fr\/wp-json\/wp\/v2\/posts\/625081\/revisions"}],"wp:featuredmedia":[{"embeddable":true,"href":"https:\/\/www.europesays.com\/fr\/wp-json\/wp\/v2\/media\/625082"}],"wp:attachment":[{"href":"https:\/\/www.europesays.com\/fr\/wp-json\/wp\/v2\/media?parent=625081"}],"wp:term":[{"taxonomy":"category","embeddable":true,"href":"https:\/\/www.europesays.com\/fr\/wp-json\/wp\/v2\/categories?post=625081"},{"taxonomy":"post_tag","embeddable":true,"href":"https:\/\/www.europesays.com\/fr\/wp-json\/wp\/v2\/tags?post=625081"}],"curies":[{"name":"wp","href":"https:\/\/api.w.org\/{rel}","templated":true}]}}