{"id":625087,"date":"2025-12-27T11:07:17","date_gmt":"2025-12-27T11:07:17","guid":{"rendered":"https:\/\/www.europesays.com\/fr\/625087\/"},"modified":"2025-12-27T11:07:17","modified_gmt":"2025-12-27T11:07:17","slug":"profil-du-suspect-etat-des-victimes-reactions-ce-que-lon-sait-de-lagression-de-trois-femmes-dans-le-metro-parisien","status":"publish","type":"post","link":"https:\/\/www.europesays.com\/fr\/625087\/","title":{"rendered":"Profil du suspect, \u00e9tat des victimes, r\u00e9actions\u2026 Ce que l\u2019on sait de l\u2019agression de trois femmes dans le m\u00e9tro parisien"},"content":{"rendered":"<p class=\"paragraph text_align_left lp-f-body-02\">Le lendemain de No\u00ebl a \u00e9t\u00e9 marqu\u00e9 par une s\u00e9rie d\u2019agressions violentes dans <a href=\"https:\/\/www.leparisien.fr\/info-paris-ile-de-france-oise\/transports\/ratp\/\" target=\"_self\" rel=\"noopener\">le m\u00e9tro parisien<\/a>. En moins d\u2019une demi-heure, <a href=\"https:\/\/www.leparisien.fr\/faits-divers\/paris-trois-femmes-poignardees-dans-le-metro-par-un-homme-26-12-2025-6SINKZU5ZNDAJNV5OBXLQJIMWE.php\" target=\"_self\" rel=\"noopener\">trois femmes ont \u00e9t\u00e9 poignard\u00e9es<\/a> sur la ligne 3.<\/p>\n<p class=\"\">Gr\u00e2ce \u00e0 la vid\u00e9osurveillance, les enqu\u00eateurs ont pu identifier et interpeller rapidement le suspect. L\u2019homme, \u00e2g\u00e9 de 25 ans, a \u00e9t\u00e9 arr\u00eat\u00e9 le soir m\u00eame \u00e0 Sarcelles, <a href=\"https:\/\/www.leparisien.fr\/val-d-oise-95\/\" target=\"_self\" rel=\"noopener\">dans le Val-d\u2019Oise<\/a>. Les victimes sont hors de danger<\/p>\n<p>Que s\u2019est-il pass\u00e9 ?<\/p>\n<p class=\"\">Il est un peu plus de 16 heures ce vendredi apr\u00e8s-midi quand un homme \u00e2g\u00e9 de 25 ans agresse une premi\u00e8re victime. Il se trouve sur la ligne 3 du m\u00e9tro, lorsqu\u2019il sort pour la premi\u00e8re fois son couteau. Les agressions ont d\u00e9but\u00e9 vers 16h10 ou 16h15 <a href=\"https:\/\/www.leparisien.fr\/info-paris-ile-de-france-oise\/transports\/paris-larret-republique-de-la-ligne-8-du-metro-sera-ferme-pendant-neuf-mois-entre-2026-et-2027-01-12-2025-7IFVNCXJHRBFDHYYU2QQMHLZCQ.php\" target=\"_self\" rel=\"noopener\">\u00e0 la station R\u00e9publique<\/a>.<\/p>\n<p><img decoding=\"async\" class=\"image \" loading=\"lazy\" src=\"https:\/\/www.europesays.com\/fr\/wp-content\/uploads\/2025\/12\/VRFUDNFA3NAS3O3KX5ILCLYQWI.jpg\" alt=\"\" align=\"\" data-rubrique-principale=\"\" data-article-type=\"\" fetchpriority=\"auto\"\/><\/p>\n<p class=\"\">Quelques minutes plus tard, on retrouve le m\u00eame homme \u00e0 la station Arts-et-M\u00e9tiers, toujours sur la ligne 3. Il s\u2019en prend alors \u00e0 une deuxi\u00e8me usag\u00e8re du m\u00e9tro. \u00c0 nouveau, il la frappe avec son couteau et prend la fuite. En l\u2019espace de seulement 30 minutes, il fera une troisi\u00e8me victime, cette fois \u00e0 la station Op\u00e9ra, vers 16h45, selon la RATP. Puis il prendra la fuite en empruntant la ligne 8<\/p>\n<p>Le suspect a-t-il \u00e9t\u00e9 arr\u00eat\u00e9 ?<\/p>\n<p class=\"\">Oui, et tr\u00e8s rapidement. Les cam\u00e9ras de vid\u00e9osurveillance du r\u00e9seau permettent aux enqu\u00eateurs de la s\u00fbret\u00e9 r\u00e9gionale des transports (SRT) d\u2019identifier rapidement l\u2019auteur des faits. Une enqu\u00eate est imm\u00e9diatement ouverte pour tentative d\u2019homicide volontaire et violences avec arme, confirme le parquet de Paris.<\/p>\n<p class=\"\">Les policiers parviennent ensuite \u00e0 g\u00e9olocaliser le t\u00e9l\u00e9phone portable du suspect. La piste les m\u00e8ne jusqu\u2019\u00e0 son logement situ\u00e9 \u00e0 <a href=\"https:\/\/www.leparisien.fr\/val-d-oise-95\/sarcelles-95200\/\" target=\"_self\" rel=\"noopener\">Sarcelles<\/a> (Val-d\u2019Oise). L\u2019interpellation intervient \u00e0 18h40.<\/p>\n<p>Que sait-on suspect ?<\/p>\n<p class=\"\">Cet homme de 25 ans, n\u00e9 au Mali, n\u2019en est pas \u00e0 son premier d\u00e9m\u00eal\u00e9 avec la justice. Il \u00e9tait d\u00e9j\u00e0 connu de la police pour plusieurs infractions, notamment \u00ab pour destruction de biens sous l\u2019emprise de stup\u00e9fiants \u00bb, indique le minist\u00e8re de l\u2019Int\u00e9rieur. Ce dernier ajoute que l\u2019homme a \u00e9t\u00e9 \u00ab \u00e9crou\u00e9 en janvier 2024 pour vol aggrav\u00e9 et agression sexuelle apr\u00e8s avoir \u00e9t\u00e9 condamn\u00e9 p\u00e9nalement \u00bb. D\u2019apr\u00e8s une source polici\u00e8re, l\u2019homme serait un \u00ab d\u00e9s\u00e9quilibr\u00e9 \u00bb.<\/p>\n<p class=\"\">Lib\u00e9r\u00e9 en juillet, <a href=\"https:\/\/www.leparisien.fr\/faits-divers\/femmes-poignardees-dans-le-metro-le-suspect-condamne-pour-agression-sexuelle-avait-fait-lobjet-dune-oqtf-en-2025-27-12-2025-LJTQZV2GCBHPBJTDLUFPI4UMSE.php\" target=\"_self\" rel=\"noopener\">il s\u2019est vu notifier une obligation de quitter le territoire fran\u00e7ais (OQTF)<\/a>, puis plac\u00e9 en centre de r\u00e9tention administrative, toujours selon Beauvau. Mais son expulsion n\u2019a jamais pu \u00eatre ex\u00e9cut\u00e9e : le consulat malien n\u2019a pas d\u00e9livr\u00e9 de laissez-passer, faut de documents d\u2019identit\u00e9 valides. Apr\u00e8s le d\u00e9lai l\u00e9gal de 90 jours, l\u2019homme a \u00e9t\u00e9 lib\u00e9r\u00e9 avec assignation \u00e0 r\u00e9sidence. Le minist\u00e8re de l\u2019Int\u00e9rieur indique qu\u2019il \u00e9tait \u00ab actuellement sous mandat de recherche \u00bb.<\/p>\n<p>Dans quel \u00e9tat se trouvent les victimes ?<\/p>\n<p class=\"\">Aucune des trois femmes agress\u00e9es n\u2019est gri\u00e8vement atteinte. Elles ont \u00e9t\u00e9 touch\u00e9es au dos, et \u00e0 la cuisse pour deux d\u2019entre elles, dont l\u2019une est enceinte. Deux des \u00ab victimes ont \u00e9t\u00e9 prises en charge par les secours et transport\u00e9es en milieu hospitalier sans pronostic vital engag\u00e9 \u00bb , tandis que la troisi\u00e8me s\u2019est pr\u00e9sent\u00e9e elle-m\u00eame \u00e0 l\u2019h\u00f4pital, pr\u00e9cise la pr\u00e9fecture de police de <a href=\"https:\/\/www.leparisien.fr\/paris-75\/\" target=\"_self\" rel=\"noopener\">Paris<\/a>.<\/p>\n<p>Quelles sont les r\u00e9actions ?<\/p>\n<p class=\"\">L\u2019annonce de ces attaques a fait vivement r\u00e9agir la classe politique parisienne, et notamment <a href=\"https:\/\/www.leparisien.fr\/elections\/municipales\/municipales-paris\/\" target=\"_self\" rel=\"noopener\">les candidats \u00e0 la mairie de Paris<\/a>. Ainsi, la ministre de la Culture (LR) <a href=\"https:\/\/www.leparisien.fr\/politique\/rachida-dati\/\" target=\"_self\" rel=\"noopener\">Rachida Dati<\/a> a promis de mettre \u00ab fin au laxisme et au laisser-aller devenus la norme \u00bb, quand la candidate LFI <a href=\"https:\/\/www.leparisien.fr\/politique\/sophia-chikirou\/\" target=\"_self\" rel=\"noopener\">Sophia Chikirou<\/a> lui r\u00e9pond que \u00ab la s\u00e9curit\u00e9 dans les transports rel\u00e8ve de la S\u00fbret\u00e9 ferroviaire \u00bb et qu\u2019on \u00ab ne peut pas y envoyer la police municipale \u00bb.<\/p>\n<p class=\"\">\u00c0 gauche toujours, <a href=\"https:\/\/www.leparisien.fr\/politique\/emmanuel-gregoire\/\" target=\"_self\" rel=\"noopener\">Emmanuel Gr\u00e9goire<\/a> a adress\u00e9 ses \u00ab pens\u00e9es aux trois femmes victimes (\u2026) ainsi qu\u2019\u00e0 leurs proches \u00bb. De son c\u00f4t\u00e9, l\u2019\u00e9cologiste <a href=\"https:\/\/www.leparisien.fr\/politique\/david-belliard\/\" target=\"_self\" rel=\"noopener\">David Belliard<\/a> insiste sur le profil \u00ab d\u00e9s\u00e9quilibr\u00e9 \u00bb du suspect. \u00ab Renforcer la prise en charge des personnes psychologiquement fragiles est une urgence \u00bb, \u00e9crit-il sur X, quand le candidat Horizons Pierre-Yves Bournazel demande \u00e0 \u00ab renforcer la pr\u00e9sence polici\u00e8re \u00bb dans le m\u00e9tro.<\/p>\n","protected":false},"excerpt":{"rendered":"Le lendemain de No\u00ebl a \u00e9t\u00e9 marqu\u00e9 par une s\u00e9rie d\u2019agressions violentes dans le m\u00e9tro parisien. En moins&hellip;\n","protected":false},"author":2,"featured_media":625088,"comment_status":"","ping_status":"","sticky":false,"template":"","format":"standard","meta":{"footnotes":""},"categories":[1888],"tags":[1111,1928,11,1927,1777,674,118,1011,27,1944,12,1926,626,1925,25],"class_list":{"0":"post-625087","1":"post","2":"type-post","3":"status-publish","4":"format-standard","5":"has-post-thumbnail","7":"category-paris","8":"tag-actu","9":"tag-actu-paris","10":"tag-actualites","11":"tag-actualites-paris","12":"tag-eu","13":"tag-europe","14":"tag-faits-divers","15":"tag-fr","16":"tag-france","17":"tag-ma-ville","18":"tag-news","19":"tag-news-paris","20":"tag-paris","21":"tag-paris-news","22":"tag-republique-francaise"},"share_on_mastodon":{"url":"https:\/\/pubeurope.com\/@fr\/115791218196506458","error":""},"_links":{"self":[{"href":"https:\/\/www.europesays.com\/fr\/wp-json\/wp\/v2\/posts\/625087","targetHints":{"allow":["GET"]}}],"collection":[{"href":"https:\/\/www.europesays.com\/fr\/wp-json\/wp\/v2\/posts"}],"about":[{"href":"https:\/\/www.europesays.com\/fr\/wp-json\/wp\/v2\/types\/post"}],"author":[{"embeddable":true,"href":"https:\/\/www.europesays.com\/fr\/wp-json\/wp\/v2\/users\/2"}],"replies":[{"embeddable":true,"href":"https:\/\/www.europesays.com\/fr\/wp-json\/wp\/v2\/comments?post=625087"}],"version-history":[{"count":0,"href":"https:\/\/www.europesays.com\/fr\/wp-json\/wp\/v2\/posts\/625087\/revisions"}],"wp:featuredmedia":[{"embeddable":true,"href":"https:\/\/www.europesays.com\/fr\/wp-json\/wp\/v2\/media\/625088"}],"wp:attachment":[{"href":"https:\/\/www.europesays.com\/fr\/wp-json\/wp\/v2\/media?parent=625087"}],"wp:term":[{"taxonomy":"category","embeddable":true,"href":"https:\/\/www.europesays.com\/fr\/wp-json\/wp\/v2\/categories?post=625087"},{"taxonomy":"post_tag","embeddable":true,"href":"https:\/\/www.europesays.com\/fr\/wp-json\/wp\/v2\/tags?post=625087"}],"curies":[{"name":"wp","href":"https:\/\/api.w.org\/{rel}","templated":true}]}}