{"id":625091,"date":"2025-12-27T11:09:14","date_gmt":"2025-12-27T11:09:14","guid":{"rendered":"https:\/\/www.europesays.com\/fr\/625091\/"},"modified":"2025-12-27T11:09:14","modified_gmt":"2025-12-27T11:09:14","slug":"paris-deux-cambrioleuses-serbes-condamnees-apres-avoir-devalise-des-touristes-dans-le-quartier-des-champs-elysees","status":"publish","type":"post","link":"https:\/\/www.europesays.com\/fr\/625091\/","title":{"rendered":"Paris\u00a0: deux cambrioleuses serbes condamn\u00e9es apr\u00e8s avoir d\u00e9valis\u00e9 des touristes dans le quartier des Champs-\u00c9lys\u00e9es"},"content":{"rendered":"<p class=\"paragraph text_align_left lp-f-body-02\">Les vacances parisiennes de ces touristes mexicaines ont vir\u00e9 au cauchemar. Daniela N. et Milena P., deux cambrioleuses, \u00e2g\u00e9es de 23 et 42 ans, ont \u00e9t\u00e9 d\u00e9f\u00e9r\u00e9es le 15 d\u00e9cembre devant le <a href=\"https:\/\/www.leparisien.fr\/faits-divers\/immersion-a-la-section-p12-du-parquet-de-paris-le-coeur-de-la-justice-penale-durgence-11-01-2025-T2I7YGUXCBA6TJMCNUD43D3S2Y.php\" target=\"_self\" rel=\"noopener\">parquet de Paris.<\/a> Elles sont soup\u00e7onn\u00e9es d\u2019avoir commis, le 11 d\u00e9cembre, un cambriolage dans un logement Airbnb du <a href=\"https:\/\/www.leparisien.fr\/paris-75\/champs-elysees\/\" target=\"_self\" rel=\"noopener\">VIIIe arrondissement. <\/a>Le pr\u00e9judice est estim\u00e9 \u00e0 71 000 euros en bijoux, montres de luxe et maroquinerie de valeur.<\/p>\n<p class=\"\">Tout commence en pleine journ\u00e9e peu apr\u00e8s 13 heures. Ces femmes d\u2019origine serbe \u00e9cument les immeubles des beaux quartiers, en qu\u00eate d\u2019un mauvais coup. Elles jettent leur d\u00e9volu sur un appartement situ\u00e9 \u00e0 l\u2019int\u00e9rieur d\u2019un imposant b\u00e2timent de la rue Quentin-Bauchart.<\/p>\n","protected":false},"excerpt":{"rendered":"Les vacances parisiennes de ces touristes mexicaines ont vir\u00e9 au cauchemar. Daniela N. et Milena P., deux cambrioleuses,&hellip;\n","protected":false},"author":2,"featured_media":625092,"comment_status":"","ping_status":"","sticky":false,"template":"","format":"standard","meta":{"footnotes":""},"categories":[1888],"tags":[11,1777,674,118,1011,27,12,626,25],"class_list":{"0":"post-625091","1":"post","2":"type-post","3":"status-publish","4":"format-standard","5":"has-post-thumbnail","7":"category-paris","8":"tag-actualites","9":"tag-eu","10":"tag-europe","11":"tag-faits-divers","12":"tag-fr","13":"tag-france","14":"tag-news","15":"tag-paris","16":"tag-republique-francaise"},"share_on_mastodon":{"url":"","error":""},"_links":{"self":[{"href":"https:\/\/www.europesays.com\/fr\/wp-json\/wp\/v2\/posts\/625091","targetHints":{"allow":["GET"]}}],"collection":[{"href":"https:\/\/www.europesays.com\/fr\/wp-json\/wp\/v2\/posts"}],"about":[{"href":"https:\/\/www.europesays.com\/fr\/wp-json\/wp\/v2\/types\/post"}],"author":[{"embeddable":true,"href":"https:\/\/www.europesays.com\/fr\/wp-json\/wp\/v2\/users\/2"}],"replies":[{"embeddable":true,"href":"https:\/\/www.europesays.com\/fr\/wp-json\/wp\/v2\/comments?post=625091"}],"version-history":[{"count":0,"href":"https:\/\/www.europesays.com\/fr\/wp-json\/wp\/v2\/posts\/625091\/revisions"}],"wp:featuredmedia":[{"embeddable":true,"href":"https:\/\/www.europesays.com\/fr\/wp-json\/wp\/v2\/media\/625092"}],"wp:attachment":[{"href":"https:\/\/www.europesays.com\/fr\/wp-json\/wp\/v2\/media?parent=625091"}],"wp:term":[{"taxonomy":"category","embeddable":true,"href":"https:\/\/www.europesays.com\/fr\/wp-json\/wp\/v2\/categories?post=625091"},{"taxonomy":"post_tag","embeddable":true,"href":"https:\/\/www.europesays.com\/fr\/wp-json\/wp\/v2\/tags?post=625091"}],"curies":[{"name":"wp","href":"https:\/\/api.w.org\/{rel}","templated":true}]}}