{"id":625095,"date":"2025-12-27T11:11:20","date_gmt":"2025-12-27T11:11:20","guid":{"rendered":"https:\/\/www.europesays.com\/fr\/625095\/"},"modified":"2025-12-27T11:11:20","modified_gmt":"2025-12-27T11:11:20","slug":"lattaque-sur-kiev-montre-que-la-russie-ne-veut-pas-mettre-fin-a-la-guerre-selon-zelensky","status":"publish","type":"post","link":"https:\/\/www.europesays.com\/fr\/625095\/","title":{"rendered":"l&rsquo;attaque sur Kiev montre que la Russie \u00ab\u00a0ne veut pas mettre fin \u00e0 la guerre\u00a0\u00bb selon Zelensky"},"content":{"rendered":"<p class=\"article-p mdl\">Plusieurs centaines de drones et de missiles russes ont \u00e9t\u00e9 envoy\u00e9s sur la r\u00e9gion de Kiev, au cours de la nuit de vendredi 26 \u00e0 samedi 27 d\u00e9cembre. Les attaques, qui ont provoqu\u00e9 un incendie dans un immeuble r\u00e9sidentiel, ont fait au moins un mort et cinq bless\u00e9s, dont quatre ont \u00e9t\u00e9 hospitalis\u00e9s, selon le maire Vitali Klitschko. Le pr\u00e9sident ukrainien\u00a0<a class=\"link\" href=\"https:\/\/www.rtl.fr\/actu\/international\/volodymyr-zelensky-rencontrera-donald-trump-ce-dimanche-en-floride-7900582689\" title=\"Volodymyr Zelensky rencontrera Donald Trump ce dimanche en Floride\" target=\"_blank\" rel=\"noopener\">Volodymyr Zelensky<\/a>\u00a0d\u00e9nonce une attaque qui prouve que Moscou \u00ab\u00a0ne veut pas mettre fin \u00e0 la guerre\u00a0\u00bb.<\/p>\n<p class=\"article-p mdl\">\n<p>Les Russes \u00ab\u00a0cherchent \u00e0 saisir toutes les occasions d&rsquo;infliger \u00e0 l&rsquo;Ukraine des souffrances encore plus grandes et d&rsquo;accro\u00eetre leur pression sur d&rsquo;autres \u00e0 travers le monde\u00a0\u00bb, a d\u00e9clar\u00e9 le pr\u00e9sident ce samedi 27 d\u00e9cembre matin.<\/p>\n<p>            Une attaque la veille d&rsquo;une n\u00e9gociation importante<\/p>\n<p class=\"article-p mdl\">Ce dernier s&rsquo;est exprim\u00e9 juste avant\u00a0<a class=\"link\" href=\"https:\/\/www.rtl.fr\/actu\/international\/guerre-en-ukraine-la-russie-bombarde-kiev-a-quelques-heures-du-debut-des-negociations-entre-zelensky-et-trump-7900582760\" title=\"Guerre en Ukraine : la Russie bombarde Kiev \u00e0 quelques heures du d\u00e9but des n\u00e9gociations entre Zelensky et Trump\" target=\"_blank\" rel=\"noopener\">son d\u00e9part pour les \u00c9tats-Unis<\/a>, o\u00f9 il doit s&rsquo;entretenir avec Donald Trump pour discuter du plan visant \u00e0 mettre fin au conflit russo-ukrainien. Les pourparlers en vue d&rsquo;un r\u00e8glement du conflit se sont acc\u00e9l\u00e9r\u00e9s ces derni\u00e8res semaines, \u00e0 la suite de la pr\u00e9sentation d&rsquo;un plan d\u00e9voil\u00e9 par Donald Trump.\u00a0<\/p>\n<p class=\"article-p mdl\">Volodymyr Zelensky \u00ab\u00a0n&rsquo;a rien tant que je ne donne pas mon accord\u00a0\u00bb, a toutefois averti le pr\u00e9sident am\u00e9ricain. \u00ab\u00a0Donc nous verrons bien ce qu&rsquo;il a\u00a0\u00bb, a-t-il indiqu\u00e9 dans un entretien au site internet Politico. \u00ab\u00a0Je pense que \u00e7a se passera bien avec lui. Je pense que \u00e7a se passera bien avec Vladimir Poutine\u00a0\u00bb, avec lequel il pr\u00e9voit de s&rsquo;entretenir \u00ab\u00a0bient\u00f4t\u00a0\u00bb, a r\u00e9v\u00e9l\u00e9 Donald Trump.<\/p>\n<p class=\"article-p mdl\">\n<p>La derni\u00e8re version du plan am\u00e9ricain, un document en 20 points, propose notamment de geler les positions des deux camps sans r\u00e9pondre \u00e0 la demande russe d&rsquo;un retrait des forces ukrainiennes des quelque 20% de la r\u00e9gion de Donetsk &#8211; m\u00e9tropole du Donbass &#8211; qu&rsquo;elles contr\u00f4lent encore.<\/p>\n<p>    La r\u00e9daction vous recommande<\/p>\n<p class=\"s-newsletter__title\">\n                L\u2019actualit\u00e9 par la r\u00e9daction de RTL dans votre bo\u00eete mail.\n            <\/p>\n<p class=\"s-newsletter__subtitle\">\n                Gr\u00e2ce \u00e0 votre compte RTL abonnez-vous \u00e0 la newsletter RTL info pour suivre toute l&rsquo;actualit\u00e9 au quotidien\n            <\/p>\n<p>\n                                    Lire la suite\n                                <\/p>\n","protected":false},"excerpt":{"rendered":"Plusieurs centaines de drones et de missiles russes ont \u00e9t\u00e9 envoy\u00e9s sur la r\u00e9gion de Kiev, au cours&hellip;\n","protected":false},"author":2,"featured_media":625096,"comment_status":"","ping_status":"","sticky":false,"template":"","format":"standard","meta":{"footnotes":""},"categories":[1591],"tags":[11,75,1887,107,14,11229,12,1885,1886,132,135,134],"class_list":{"0":"post-625095","1":"post","2":"type-post","3":"status-publish","4":"format-standard","5":"has-post-thumbnail","7":"category-russie","8":"tag-actualites","9":"tag-donald-trump","10":"tag-federation-de-russie","11":"tag-fil-info","12":"tag-international","13":"tag-kiev","14":"tag-news","15":"tag-russia","16":"tag-russian-federation","17":"tag-russie","18":"tag-vladimir-poutine","19":"tag-volodymyr-zelensky"},"share_on_mastodon":{"url":"https:\/\/pubeurope.com\/@fr\/115791232309362556","error":""},"_links":{"self":[{"href":"https:\/\/www.europesays.com\/fr\/wp-json\/wp\/v2\/posts\/625095","targetHints":{"allow":["GET"]}}],"collection":[{"href":"https:\/\/www.europesays.com\/fr\/wp-json\/wp\/v2\/posts"}],"about":[{"href":"https:\/\/www.europesays.com\/fr\/wp-json\/wp\/v2\/types\/post"}],"author":[{"embeddable":true,"href":"https:\/\/www.europesays.com\/fr\/wp-json\/wp\/v2\/users\/2"}],"replies":[{"embeddable":true,"href":"https:\/\/www.europesays.com\/fr\/wp-json\/wp\/v2\/comments?post=625095"}],"version-history":[{"count":0,"href":"https:\/\/www.europesays.com\/fr\/wp-json\/wp\/v2\/posts\/625095\/revisions"}],"wp:featuredmedia":[{"embeddable":true,"href":"https:\/\/www.europesays.com\/fr\/wp-json\/wp\/v2\/media\/625096"}],"wp:attachment":[{"href":"https:\/\/www.europesays.com\/fr\/wp-json\/wp\/v2\/media?parent=625095"}],"wp:term":[{"taxonomy":"category","embeddable":true,"href":"https:\/\/www.europesays.com\/fr\/wp-json\/wp\/v2\/categories?post=625095"},{"taxonomy":"post_tag","embeddable":true,"href":"https:\/\/www.europesays.com\/fr\/wp-json\/wp\/v2\/tags?post=625095"}],"curies":[{"name":"wp","href":"https:\/\/api.w.org\/{rel}","templated":true}]}}