{"id":625097,"date":"2025-12-27T11:12:17","date_gmt":"2025-12-27T11:12:17","guid":{"rendered":"https:\/\/www.europesays.com\/fr\/625097\/"},"modified":"2025-12-27T11:12:17","modified_gmt":"2025-12-27T11:12:17","slug":"prisonniers-en-ukraine-deux-soldats-nord-coreens-revent-dune-nouvelle-vie-en-coree-du-sud-lexpress","status":"publish","type":"post","link":"https:\/\/www.europesays.com\/fr\/625097\/","title":{"rendered":"Prisonniers en Ukraine, deux soldats nord-cor\u00e9ens r\u00eavent d&rsquo;une \u00ab\u00a0nouvelle vie\u00a0\u00bb en Cor\u00e9e du Sud \u2013 L&rsquo;Express"},"content":{"rendered":"<p class=\"paragraph article-body-paragraph article__item   article-body-paragraph--first \"><a href=\"https:\/\/www.lexpress.fr\/monde\/asie\/en-russie-les-travailleurs-nord-coreens-envoyes-par-kim-jong-un-reduits-au-rang-de-quasi-esclaves-C65EF4LQNRAMHFSR32DZLI4ZFY\/\" target=\"_self\" rel=\"noopener\" title=\"https:\/\/www.lexpress.fr\/monde\/asie\/en-russie-les-travailleurs-nord-coreens-envoyes-par-kim-jong-un-reduits-au-rang-de-quasi-esclaves-C65EF4LQNRAMHFSR32DZLI4ZFY\/\">D\u00e9ploy\u00e9s aux c\u00f4t\u00e9s des Russes<\/a> sur le front ukrainien, bless\u00e9s au combat puis faits prisonniers, les deux soldats <a href=\"https:\/\/www.lexpress.fr\/monde\/asie\/premier-sous-marin-nucleaire-plus-de-missiles-les-ambitions-de-la-coree-du-nord-pour-2026-MGOHLDJFLVDC3CCF4FWYPBQIRQ\/\" target=\"_self\" rel=\"noopener\" title=\"https:\/\/www.lexpress.fr\/monde\/asie\/premier-sous-marin-nucleaire-plus-de-missiles-les-ambitions-de-la-coree-du-nord-pour-2026-MGOHLDJFLVDC3CCF4FWYPBQIRQ\/\">nord-cor\u00e9ens<\/a> captifs en Ukraine r\u00eavent \u00e0 pr\u00e9sent d&rsquo;une \u00ab\u00a0nouvelle vie\u00a0\u00bb en <a href=\"https:\/\/www.lexpress.fr\/monde\/asie\/coree-du-sud-et-a-la-fin-cest-la-democratie-qui-gagne-XJD6YVG75JCKFCWPRFOFEH3OBI\/\" target=\"_self\" rel=\"noopener\" title=\"https:\/\/www.lexpress.fr\/monde\/asie\/coree-du-sud-et-a-la-fin-cest-la-democratie-qui-gagne-XJD6YVG75JCKFCWPRFOFEH3OBI\/\">Cor\u00e9e du Sud<\/a>. Un souhait qu&rsquo;ils ont formul\u00e9 dans une lettre, pour la premi\u00e8re fois avec leurs mots. \u00ab\u00a0Gr\u00e2ce au soutien du peuple sud-cor\u00e9en, de nouveaux r\u00eaves et de nouvelles aspirations ont commenc\u00e9 \u00e0 prendre racine\u00a0\u00bb, expliquent-ils dans ce texte, dat\u00e9 de fin octobre et adress\u00e9 \u00e0 une ONG de S\u00e9oul qui l&rsquo;a transmis \u00e0 l&rsquo;AFP mercredi. D\u00e9but novembre, Gyeore-eol Nation United, un groupe d&rsquo;aide aux transfuges, avait d\u00e9j\u00e0 rapport\u00e9 que ces militaires voulaient faire d\u00e9fection en Cor\u00e9e du Sud. Cette fois en revanche, ils s&rsquo;expriment directement dans un \u00e9crit sign\u00e9 de leurs noms, qui sont gard\u00e9s secrets pour les prot\u00e9ger.<\/p>\n<p class=\"paragraph article-body-paragraph article__item   \">Les deux hommes, prisonniers depuis janvier apr\u00e8s avoir \u00e9t\u00e9 bless\u00e9s sur le champ de bataille, remercient ceux qui leur viennent en aide en les \u00ab\u00a0encourageant\u00a0\u00bb et en \u00ab\u00a0voyant cette situation non pas comme une trag\u00e9die, mais comme le d\u00e9but d&rsquo;une nouvelle vie\u00a0\u00bb. \u00ab\u00a0Nous croyons fermement que nous ne sommes jamais seuls et consid\u00e9rons les Sud-Cor\u00e9ens comme nos propres parents et fr\u00e8res et s\u0153urs, et nous avons d\u00e9cid\u00e9 de trouver leur \u00e9treinte\u00a0\u00bb, ajoutent les soldats.<\/p>\n<p><strong class=\"article-body-link-list__item text-gray-800 article-body-link-list__item--one-item\">LIRE AUSSI : <a class=\"article-body-link-list__item-link\" href=\"https:\/\/www.lexpress.fr\/idees-et-debats\/ce-que-les-nord-coreens-pensent-vraiment-de-kim-jong-un-les-revelations-de-victor-d-cha-JI5542XUTBFVJCXQPEMZEOSW6Q\/\" target=\"_blank\" rel=\"noopener\">\u00ab\u00a0Ce que les Nord-cor\u00e9ens pensent vraiment de Kim Jong-un\u00a0\u00bb : les r\u00e9v\u00e9lations de Victor D. Cha<\/a><\/strong><\/p>\n<p class=\"paragraph article-body-paragraph article__item   \">Du Sud ou du Nord, tous les Cor\u00e9ens sont consid\u00e9r\u00e9s comme des citoyens de Cor\u00e9e du Sud \u00e0 part enti\u00e8re, en vertu de la Constitution. M\u00eame si les deux Cor\u00e9es sont techniquement toujours en guerre, leur conflit s&rsquo;\u00e9tant sold\u00e9 en 1953 par un armistice et non un trait\u00e9 de paix. Les Nord-Cor\u00e9ens captifs ont remis leur lettre lors du tournage fin octobre d&rsquo;un entretien, co-organis\u00e9 par Gyeore-eol Nation United, pour un documentaire, en un lieu dont l&#8217;emplacement n&rsquo;est pas connu. \u00ab\u00a0Les deux ont demand\u00e9 au producteur, \u00e0 la fin de l&rsquo;interview, de les emmener au Sud\u00a0\u00bb, avait alors dit \u00e0 l&rsquo;AFP Jang Se-yul, directeur de Gyeore-eol Nation United. \u00ab\u00a0Ils ont suppli\u00e9 l&rsquo;intervieweuse de promettre qu&rsquo;elle reviendrait les chercher\u00a0\u00bb, avait poursuivi Jang Se-yul, qui a lui-m\u00eame fui la <a href=\"https:\/\/www.lexpress.fr\/idees-et-debats\/robert-a-manning-la-coree-du-nord-pourrait-etre-lallumette-qui-declenche-un-chaos-mondial-OBJSWD5R5ZCC5JKSYCICCFHBIU\/\" target=\"_self\" rel=\"noopener\" title=\"https:\/\/www.lexpress.fr\/idees-et-debats\/robert-a-manning-la-coree-du-nord-pourrait-etre-lallumette-qui-declenche-un-chaos-mondial-OBJSWD5R5ZCC5JKSYCICCFHBIU\/\">Cor\u00e9e du Nord<\/a> dans les ann\u00e9es 2000. La vid\u00e9o de cette interview n&rsquo;est pas encore disponible, mais devrait \u00eatre publi\u00e9e en janvier, selon Jang Se-yul.<\/p>\n<p>\u00ab\u00a0Condamnation \u00e0 mort\u00a0\u00bb<\/p>\n<p class=\"paragraph article-body-paragraph article__item   \">Le Nord a activement <a href=\"https:\/\/www.lexpress.fr\/monde\/asie\/coree-du-nord-kim-jong-un-rappelle-ses-officiers-deployes-en-russie-et-couvre-deloges-ses-troupes-7AOW2FDWTZEAVFFC3LD6P4NTVU\/\" target=\"_self\" rel=\"noopener\" title=\"https:\/\/www.lexpress.fr\/monde\/asie\/coree-du-nord-kim-jong-un-rappelle-ses-officiers-deployes-en-russie-et-couvre-deloges-ses-troupes-7AOW2FDWTZEAVFFC3LD6P4NTVU\/\">particip\u00e9 \u00e0 l&rsquo;effort de guerre de Moscou<\/a> depuis l&rsquo;invasion russe de l&rsquo;Ukraine en f\u00e9vrier 2022, fournissant du mat\u00e9riel \u00e0 son alli\u00e9 et, selon le renseignement sud-cor\u00e9en, quelque 10 000 troupes. Les soldats de Pyongyang ont notamment \u00e9t\u00e9 d\u00e9ploy\u00e9s dans la r\u00e9gion russe de Koursk, partiellement occup\u00e9e par les forces ukrainiennes entre ao\u00fbt 2024 et le printemps 2025.<\/p>\n<p class=\"paragraph article-body-paragraph article__item   \">Mi-d\u00e9cembre, l&rsquo;agence officielle de Pyongyang avait fait \u00e9tat de la mort de neuf soldats d&rsquo;une unit\u00e9 du g\u00e9nie militaire nord-cor\u00e9enne qui avait \u00e9t\u00e9 d\u00e9ploy\u00e9e pour d\u00e9miner la r\u00e9gion de Koursk. Mais au total, selon les estimations sud-cor\u00e9ennes, au moins 600 militaires nord-cor\u00e9ens sont morts et des milliers ont \u00e9t\u00e9 bless\u00e9s. Le renseignement de S\u00e9oul a de plus indiqu\u00e9 que les militaires de Pyongyang avaient pour ordre de se suicider afin d&rsquo;\u00e9viter d&rsquo;\u00eatre captur\u00e9s.<\/p>\n<p><strong class=\"article-body-link-list__item text-gray-800 article-body-link-list__item--one-item\">LIRE AUSSI : <a class=\"article-body-link-list__item-link\" href=\"https:\/\/www.lexpress.fr\/economie\/high-tech\/la-france-est-aussi-ciblee-les-hackers-nord-coreens-larmee-de-lombre-de-kim-jong-un-XHAJPWGOUNDUTL43WPZ5QPAIBY\/\" target=\"_blank\" rel=\"noopener\">\u00ab\u00a0La France est aussi cibl\u00e9e\u00a0\u00bb : les hackers nord-cor\u00e9ens, l&rsquo;arm\u00e9e de l\u2019ombre de Kim Jong-un<\/a><\/strong><\/p>\n<p class=\"paragraph article-body-paragraph article__item   \">Le parlementaire sud-cor\u00e9en Yu Yong-weon, qui a rendu visite aux prisonniers en Ukraine en f\u00e9vrier, a racont\u00e9 que les deux soldats avaient vu des camarades se faire exploser avec des grenades. Les renvoyer en Cor\u00e9e du Nord serait donc comme \u00ab\u00a0une condamnation \u00e0 mort\u00a0\u00bb, a-t-il pr\u00e9venu. A S\u00e9oul, le minist\u00e8re des Affaires \u00e9trang\u00e8res a appel\u00e9 l&rsquo;Ukraine \u00e0 ne pas \u00ab\u00a0rapatrier de force les prisonniers de guerre nord-cor\u00e9ens\u00a0\u00bb, et demand\u00e9 que leur volont\u00e9 de rallier le Sud soit respect\u00e9e.<\/p>\n<p class=\"paragraph article-body-paragraph article__item    article__text__endpicto\">Pyongyang n&rsquo;a reconnu avoir envoy\u00e9 des troupes en Russie qu&rsquo;en avril, et conc\u00e9d\u00e9 que certains \u00e9taient morts. Les analystes pensent que le Nord re\u00e7oit une aide financi\u00e8re, des technologies militaires et des livraisons de nourriture et d&rsquo;\u00e9nergie de la part de la Russie en \u00e9change de son appui.<\/p>\n","protected":false},"excerpt":{"rendered":"D\u00e9ploy\u00e9s aux c\u00f4t\u00e9s des Russes sur le front ukrainien, bless\u00e9s au combat puis faits prisonniers, les deux soldats&hellip;\n","protected":false},"author":2,"featured_media":625098,"comment_status":"","ping_status":"","sticky":false,"template":"","format":"standard","meta":{"footnotes":""},"categories":[1590],"tags":[11,1328,1777,674,74,12,220],"class_list":{"0":"post-625097","1":"post","2":"type-post","3":"status-publish","4":"format-standard","5":"has-post-thumbnail","7":"category-ukraine","8":"tag-actualites","9":"tag-asie-pacifique","10":"tag-eu","11":"tag-europe","12":"tag-monde","13":"tag-news","14":"tag-ukraine"},"share_on_mastodon":{"url":"https:\/\/pubeurope.com\/@fr\/115791235951696950","error":""},"_links":{"self":[{"href":"https:\/\/www.europesays.com\/fr\/wp-json\/wp\/v2\/posts\/625097","targetHints":{"allow":["GET"]}}],"collection":[{"href":"https:\/\/www.europesays.com\/fr\/wp-json\/wp\/v2\/posts"}],"about":[{"href":"https:\/\/www.europesays.com\/fr\/wp-json\/wp\/v2\/types\/post"}],"author":[{"embeddable":true,"href":"https:\/\/www.europesays.com\/fr\/wp-json\/wp\/v2\/users\/2"}],"replies":[{"embeddable":true,"href":"https:\/\/www.europesays.com\/fr\/wp-json\/wp\/v2\/comments?post=625097"}],"version-history":[{"count":0,"href":"https:\/\/www.europesays.com\/fr\/wp-json\/wp\/v2\/posts\/625097\/revisions"}],"wp:featuredmedia":[{"embeddable":true,"href":"https:\/\/www.europesays.com\/fr\/wp-json\/wp\/v2\/media\/625098"}],"wp:attachment":[{"href":"https:\/\/www.europesays.com\/fr\/wp-json\/wp\/v2\/media?parent=625097"}],"wp:term":[{"taxonomy":"category","embeddable":true,"href":"https:\/\/www.europesays.com\/fr\/wp-json\/wp\/v2\/categories?post=625097"},{"taxonomy":"post_tag","embeddable":true,"href":"https:\/\/www.europesays.com\/fr\/wp-json\/wp\/v2\/tags?post=625097"}],"curies":[{"name":"wp","href":"https:\/\/api.w.org\/{rel}","templated":true}]}}