{"id":625099,"date":"2025-12-27T11:13:25","date_gmt":"2025-12-27T11:13:25","guid":{"rendered":"https:\/\/www.europesays.com\/fr\/625099\/"},"modified":"2025-12-27T11:13:25","modified_gmt":"2025-12-27T11:13:25","slug":"des-milliers-de-vols-sont-annules-aux-etats-unis-en-raison-de-plusieurs-tempetes-hivernales","status":"publish","type":"post","link":"https:\/\/www.europesays.com\/fr\/625099\/","title":{"rendered":"Des milliers de vols sont annul\u00e9s aux Etats-Unis en raison de plusieurs temp\u00eates hivernales"},"content":{"rendered":"<p>Les compagnies a\u00e9riennes retardaient ou annulaient des milliers de vols aux \u00c9tats-Unis vendredi, en plein pic de trafic pour les f\u00eates de fin d&rsquo;ann\u00e9e, en raison de temp\u00eates, selon le site de suivi des vols FlightAware et les services m\u00e9t\u00e9orologiques am\u00e9ricains (NWS).<\/p>\n<p>De \u00ab\u00a0fortes chutes de neige\u00a0\u00bb sont notamment attendues dans la r\u00e9gion de New York en fin de journ\u00e9e vendredi et jusqu&rsquo;\u00e0 samedi matin, ainsi que sur les cha\u00eenes de montagne des Rocheuses et des Cascades (nord-est), a indiqu\u00e9 le NWS dans la matin\u00e9e. Des \u00ab\u00a0pluies vergla\u00e7antes\u00a0\u00bb et du \u00ab\u00a0gr\u00e9sil\u00a0\u00bb doivent par ailleurs toucher la zone des Grands Lacs.<\/p>\n<p>La \u00ab\u00a0rivi\u00e8re atmosph\u00e9rique\u00a0\u00bb, qui d\u00e9clenche depuis jeudi des pluies torrentielles, des crues soudaines et des alertes aux coul\u00e9es de d\u00e9bris dans le sud de la Californie, \u00ab\u00a0s&rsquo;att\u00e9nuera au fil de la journ\u00e9e\u00a0\u00bb, selon les services m\u00e9t\u00e9o.<\/p>\n<p>Plus de 1300 vols annul\u00e9s<\/p>\n<p>Au total, 1364 vols avaient \u00e9t\u00e9 annul\u00e9s et 4267 retard\u00e9s \u00e0 18h30 GMT (19h30 en Suisse), a comptabilis\u00e9 FlightAware, selon lequel les a\u00e9roports de New York et Chicago \u00e9taient parmi les plus affect\u00e9s.<\/p>\n<p>A New York et dans l&rsquo;Etat voisin du New Jersey, o\u00f9 sont attendus jusqu&rsquo;\u00e0 20 centim\u00e8tres de neige par endroits, les autorit\u00e9s ont appel\u00e9 les habitants \u00e0 \u00ab\u00a0limiter les d\u00e9placements\u00a0\u00bb.<\/p>\n<p class=\"sources\">ats\/mera<\/p>\n","protected":false},"excerpt":{"rendered":"Les compagnies a\u00e9riennes retardaient ou annulaient des milliers de vols aux \u00c9tats-Unis vendredi, en plein pic de trafic&hellip;\n","protected":false},"author":2,"featured_media":625100,"comment_status":"","ping_status":"","sticky":false,"template":"","format":"standard","meta":{"footnotes":""},"categories":[1589],"tags":[11,4732,8763,73448,36797,36798,6359,73,1866,73449,2487,74,10584,415,12,4459,7747,2445,800,1864,1865,1863,308],"class_list":{"0":"post-625099","1":"post","2":"type-post","3":"status-publish","4":"format-standard","5":"has-post-thumbnail","7":"category-etats-unis","8":"tag-actualites","9":"tag-catastrophe-naturelle","10":"tag-compagnie-aerienne","11":"tag-desastre-meteorologique","12":"tag-desastres","13":"tag-desastres-et-accidents","14":"tag-economie-et-finances","15":"tag-etats-unis","16":"tag-etats-unis-damerique","17":"tag-flightaware","18":"tag-meteo","19":"tag-monde","20":"tag-neige","21":"tag-new-york","22":"tag-news","23":"tag-pluie","24":"tag-tempete","25":"tag-transport-aerien","26":"tag-transports","27":"tag-united-states","28":"tag-united-states-of-america","29":"tag-us","30":"tag-usa"},"share_on_mastodon":{"url":"https:\/\/pubeurope.com\/@fr\/115791239916258205","error":""},"_links":{"self":[{"href":"https:\/\/www.europesays.com\/fr\/wp-json\/wp\/v2\/posts\/625099","targetHints":{"allow":["GET"]}}],"collection":[{"href":"https:\/\/www.europesays.com\/fr\/wp-json\/wp\/v2\/posts"}],"about":[{"href":"https:\/\/www.europesays.com\/fr\/wp-json\/wp\/v2\/types\/post"}],"author":[{"embeddable":true,"href":"https:\/\/www.europesays.com\/fr\/wp-json\/wp\/v2\/users\/2"}],"replies":[{"embeddable":true,"href":"https:\/\/www.europesays.com\/fr\/wp-json\/wp\/v2\/comments?post=625099"}],"version-history":[{"count":0,"href":"https:\/\/www.europesays.com\/fr\/wp-json\/wp\/v2\/posts\/625099\/revisions"}],"wp:featuredmedia":[{"embeddable":true,"href":"https:\/\/www.europesays.com\/fr\/wp-json\/wp\/v2\/media\/625100"}],"wp:attachment":[{"href":"https:\/\/www.europesays.com\/fr\/wp-json\/wp\/v2\/media?parent=625099"}],"wp:term":[{"taxonomy":"category","embeddable":true,"href":"https:\/\/www.europesays.com\/fr\/wp-json\/wp\/v2\/categories?post=625099"},{"taxonomy":"post_tag","embeddable":true,"href":"https:\/\/www.europesays.com\/fr\/wp-json\/wp\/v2\/tags?post=625099"}],"curies":[{"name":"wp","href":"https:\/\/api.w.org\/{rel}","templated":true}]}}