{"id":625101,"date":"2025-12-27T11:14:17","date_gmt":"2025-12-27T11:14:17","guid":{"rendered":"https:\/\/www.europesays.com\/fr\/625101\/"},"modified":"2025-12-27T11:14:17","modified_gmt":"2025-12-27T11:14:17","slug":"pres-d1-milliard-deuros-cest-la-somme-colossale-que-le-gouvernement-britannique-debloque-pour-assurer-lexposition-de-la-tapisserie-de-bayeux-a-londres","status":"publish","type":"post","link":"https:\/\/www.europesays.com\/fr\/625101\/","title":{"rendered":"Pr\u00e8s d\u20191\u00a0milliard d\u2019euros, c\u2019est la somme colossale que le gouvernement britannique d\u00e9bloque pour assurer l\u2019exposition de la tapisserie de Bayeux \u00e0 Londres"},"content":{"rendered":"<p><a href=\"https:\/\/www.sudouest.fr\/culture\/tapisserie-de-bayeux-le-transfert-prevu-jeudi-au-royaume-uni-reporte-a-cause-des-mobilisations-25968347.php\" target=\"_blank\" rel=\"noopener\">Depuis le 31\u00a0ao\u00fbt 2025,<\/a> cette toile de lin, expos\u00e9e en France au mus\u00e9e de la tapisserie de Bayeux, class\u00e9e par l\u2019Unesco, est rang\u00e9e dans un lieu tenu secret pendant un an, durant les travaux du mus\u00e9e, et avant de partir en Angleterre jusqu\u2019en 2027. La tapisserie de Bayeux n\u2019a \u00e9t\u00e9 expos\u00e9e que deux fois en dehors de Bayeux. informe le mus\u00e9e. La premi\u00e8re en 1803 \u00e0 la demande de Napol\u00e9on Bonaparte pour la montrer au tout Paris et la deuxi\u00e8me fois en 1945 au Louvre. <\/p>\n<p>Apr\u00e8s un accord conclu entre le Premier Ministre britannique et le pr\u00e9sident de la R\u00e9publique fran\u00e7aise, elle sera \u00e0 nouveau expos\u00e9e, outre-Manche, une premi\u00e8re, \u00e0 la <a href=\"https:\/\/www.britishmuseum.org\/about-us\/press\/press-releases\/bayeux-tapestry-displayed-british-museum\" target=\"_blank\" rel=\"nofollow noopener\">Sainsbury Exhibitions Gallery du British Museum<\/a> \u00e0 l\u2019automne 2026 et jusqu\u2019en juillet 2027.<\/p>\n<p>Pour un tel voyage, <a href=\"https:\/\/www.ft.com\/content\/ec9ac8eb-adce-43b1-914d-c2a7a381bf0d\" target=\"_blank\" rel=\"nofollow noopener\">\u00ab\u00a0The Financial Times\u00a0\u00bb r\u00e9v\u00e8le,<\/a> ce 26\u00a0d\u00e9cembre, que l\u2019artefact culturel, tr\u00e8s fragile, qui appartient \u00e0 l\u2019\u00c9tat fran\u00e7ais, sera assur\u00e9 \u00ab\u00a0par une garantie du Tr\u00e9sor britannique d\u2019environ 800\u00a0millions de livres sterling pendant son pr\u00eat au British Museum\u00a0\u00bb. Soit pr\u00e8s de 1\u00a0milliard d\u2019euros (917\u00a0120\u00a0euros, pr\u00e9cis\u00e9ment.) L\u2019assurance \u00ab\u00a0couvrira la tapisserie contre tout dommage ou perte lors de son transfert de Normandie \u00e0 Londres et pendant son exposition\u00a0\u00bb.<\/p>\n<p>Sous la Manche<\/p>\n<p>Ce montant repr\u00e9sente plus du double de la valeur de l\u2019\u0153uvre la plus ch\u00e8re jamais vendue aux ench\u00e8res, le<a href=\"https:\/\/www.sudouest.fr\/culture\/salvator-mundi-l-enigme-de-la-disparition-du-tableau-le-plus-cher-du-monde-2717644.php\" target=\"_blank\" rel=\"follow noopener\"> \u00ab\u00a0Salvator Mundi\u00a0\u00bb<\/a> de L\u00e9onard de Vinci, vendu par Christie\u2019s en 2017 pour 450\u00a0millions de dollars.<\/p>\n","protected":false},"excerpt":{"rendered":"Depuis le 31\u00a0ao\u00fbt 2025, cette toile de lin, expos\u00e9e en France au mus\u00e9e de la tapisserie de Bayeux,&hellip;\n","protected":false},"author":2,"featured_media":625102,"comment_status":"","ping_status":"","sticky":false,"template":"","format":"standard","meta":{"footnotes":""},"categories":[1588],"tags":[11,1777,674,12,473,1853,1851,1850,1852],"class_list":{"0":"post-625101","1":"post","2":"type-post","3":"status-publish","4":"format-standard","5":"has-post-thumbnail","7":"category-royaume-uni","8":"tag-actualites","9":"tag-eu","10":"tag-europe","11":"tag-news","12":"tag-royaume-uni","13":"tag-royaume-uni-de-grande-bretagne-et-dirlande-du-nord","14":"tag-uk","15":"tag-united-kingdom","16":"tag-united-kingdom-of-great-britain-and-northern-ireland"},"share_on_mastodon":{"url":"https:\/\/pubeurope.com\/@fr\/115791243822215025","error":""},"_links":{"self":[{"href":"https:\/\/www.europesays.com\/fr\/wp-json\/wp\/v2\/posts\/625101","targetHints":{"allow":["GET"]}}],"collection":[{"href":"https:\/\/www.europesays.com\/fr\/wp-json\/wp\/v2\/posts"}],"about":[{"href":"https:\/\/www.europesays.com\/fr\/wp-json\/wp\/v2\/types\/post"}],"author":[{"embeddable":true,"href":"https:\/\/www.europesays.com\/fr\/wp-json\/wp\/v2\/users\/2"}],"replies":[{"embeddable":true,"href":"https:\/\/www.europesays.com\/fr\/wp-json\/wp\/v2\/comments?post=625101"}],"version-history":[{"count":0,"href":"https:\/\/www.europesays.com\/fr\/wp-json\/wp\/v2\/posts\/625101\/revisions"}],"wp:featuredmedia":[{"embeddable":true,"href":"https:\/\/www.europesays.com\/fr\/wp-json\/wp\/v2\/media\/625102"}],"wp:attachment":[{"href":"https:\/\/www.europesays.com\/fr\/wp-json\/wp\/v2\/media?parent=625101"}],"wp:term":[{"taxonomy":"category","embeddable":true,"href":"https:\/\/www.europesays.com\/fr\/wp-json\/wp\/v2\/categories?post=625101"},{"taxonomy":"post_tag","embeddable":true,"href":"https:\/\/www.europesays.com\/fr\/wp-json\/wp\/v2\/tags?post=625101"}],"curies":[{"name":"wp","href":"https:\/\/api.w.org\/{rel}","templated":true}]}}