{"id":625103,"date":"2025-12-27T11:15:17","date_gmt":"2025-12-27T11:15:17","guid":{"rendered":"https:\/\/www.europesays.com\/fr\/625103\/"},"modified":"2025-12-27T11:15:17","modified_gmt":"2025-12-27T11:15:17","slug":"des-delits-de-fuite-en-augmentation","status":"publish","type":"post","link":"https:\/\/www.europesays.com\/fr\/625103\/","title":{"rendered":"des d\u00e9lits de fuite en augmentation"},"content":{"rendered":"<p>Dans plus d\u2019un accident sur cinq dans le Bade-Wurtemberg, les responsables prennent la fuite. Au cours des cinq derni\u00e8res ann\u00e9es, la proportion de d\u00e9lits de fuite par rapport au nombre total d\u2019accidents \u00e9tait d\u2019environ 22\u00a0%, selon les informations fournies par le minist\u00e8re de l\u2019Int\u00e9rieur au journal  Schw\u00e4bische Zeitung (\u00e9dition de samedi). \u00c0 titre de comparaison, ce pourcentage \u00e9tait d\u2018\u00e0 peine 19\u00a0% en Bavi\u00e8re.<\/p>\n<p>\u00ab\u00a0En chiffres absolus, les d\u00e9lits de fuite ont augment\u00e9 de mani\u00e8re constante, tout comme le nombre total d\u2019accidents de la route\u00a0\u00bb, poursuit le journal. Selon ces informations, la police du Bade-Wurtemberg a enregistr\u00e9 59\u00a0300 d\u00e9lits de fuite en 2020. L\u2019ann\u00e9e derni\u00e8re, ce chiffre s\u2019\u00e9levait \u00e0 68\u00a0600.<\/p>\n<p>  Des bless\u00e9s et des morts laiss\u00e9s sur place<\/p>\n<p>Au cours du premier semestre 2025, 33\u00a0500 d\u00e9lits de fuite ont \u00e9t\u00e9 enregistr\u00e9s dans le sud-ouest. Les d\u00e9g\u00e2ts ne se sont pas toujours limit\u00e9s \u00e0 des dommages mat\u00e9riels\u00a0: les auteurs des accidents ont laiss\u00e9 108 bless\u00e9s graves sur place. Dans six cas, des personnes ont perdu la vie dans de tels accidents. \u00ab\u00a0Nous devons faire preuve de consid\u00e9ration les uns envers les autres et adopter un comportement prudent sur la route\u00a0\u00bb, a rappel\u00e9 le ministre de l\u2019Int\u00e9rieur Thomas Strobl (CDU) dans le journal. \u00ab\u00a0Chacun et chacune d\u2019entre nous est concern\u00e9. Car dans le pire des cas, ces accidents ont des cons\u00e9quences tragiques pour les personnes impliqu\u00e9es.\u00a0\u00bb<\/p>\n","protected":false},"excerpt":{"rendered":"Dans plus d\u2019un accident sur cinq dans le Bade-Wurtemberg, les responsables prennent la fuite. Au cours des cinq&hellip;\n","protected":false},"author":2,"featured_media":625104,"comment_status":"","ping_status":"","sticky":false,"template":"","format":"standard","meta":{"footnotes":""},"categories":[1587],"tags":[119,11,672,2389,1804,1805,1803,1777,674,274,107,329,1801,12,1802,1806],"class_list":{"0":"post-625103","1":"post","2":"type-post","3":"status-publish","4":"format-standard","5":"has-post-thumbnail","7":"category-allemagne","8":"tag-accident","9":"tag-actualites","10":"tag-allemagne","11":"tag-alsace","12":"tag-bundesrepublik-deutschland","13":"tag-de","14":"tag-deutschland","15":"tag-eu","16":"tag-europe","17":"tag-faits-divers-justice","18":"tag-fil-info","19":"tag-france-monde","20":"tag-germany","21":"tag-news","22":"tag-republique-federale-dallemagne","23":"tag-rheinblick"},"share_on_mastodon":{"url":"https:\/\/pubeurope.com\/@fr\/115791248232356305","error":""},"_links":{"self":[{"href":"https:\/\/www.europesays.com\/fr\/wp-json\/wp\/v2\/posts\/625103","targetHints":{"allow":["GET"]}}],"collection":[{"href":"https:\/\/www.europesays.com\/fr\/wp-json\/wp\/v2\/posts"}],"about":[{"href":"https:\/\/www.europesays.com\/fr\/wp-json\/wp\/v2\/types\/post"}],"author":[{"embeddable":true,"href":"https:\/\/www.europesays.com\/fr\/wp-json\/wp\/v2\/users\/2"}],"replies":[{"embeddable":true,"href":"https:\/\/www.europesays.com\/fr\/wp-json\/wp\/v2\/comments?post=625103"}],"version-history":[{"count":0,"href":"https:\/\/www.europesays.com\/fr\/wp-json\/wp\/v2\/posts\/625103\/revisions"}],"wp:featuredmedia":[{"embeddable":true,"href":"https:\/\/www.europesays.com\/fr\/wp-json\/wp\/v2\/media\/625104"}],"wp:attachment":[{"href":"https:\/\/www.europesays.com\/fr\/wp-json\/wp\/v2\/media?parent=625103"}],"wp:term":[{"taxonomy":"category","embeddable":true,"href":"https:\/\/www.europesays.com\/fr\/wp-json\/wp\/v2\/categories?post=625103"},{"taxonomy":"post_tag","embeddable":true,"href":"https:\/\/www.europesays.com\/fr\/wp-json\/wp\/v2\/tags?post=625103"}],"curies":[{"name":"wp","href":"https:\/\/api.w.org\/{rel}","templated":true}]}}