{"id":625112,"date":"2025-12-27T11:20:19","date_gmt":"2025-12-27T11:20:19","guid":{"rendered":"https:\/\/www.europesays.com\/fr\/625112\/"},"modified":"2025-12-27T11:20:19","modified_gmt":"2025-12-27T11:20:19","slug":"entretien-enfant-jetais-plutot-du-genre-a-faire-le-pitre-fondateur-des-fous-rires-gascons-thomas-vautour-ahmed-rejoint-le-college-citoyen-de-france","status":"publish","type":"post","link":"https:\/\/www.europesays.com\/fr\/625112\/","title":{"rendered":"ENTRETIEN. \u00ab\u00a0Enfant, j\u2019\u00e9tais plut\u00f4t du genre \u00e0 faire le pitre\u00a0\u00bb: fondateur des Fous rires gascons, Thomas Vautour Ahmed rejoint le Coll\u00e8ge Citoyen de France"},"content":{"rendered":"<p>\n                                                                    l&rsquo;essentiel<br \/>\n                                                                Le Gersois Thomas Vautour Ahmed (Fous rires gascons) raconte son parcours d\u2019engagement, du Conseil d\u00e9partemental des jeunes \u00e0 sa r\u00e9cente s\u00e9lection au Coll\u00e8ge citoyen de France. Une premi\u00e8re pour le Gers.\n                            <\/p>\n<p>Fondateur du festival des Fous rires gascons, dont la 3e \u00e9dition se d\u00e9roulera du 10 au 18\u00a0avril 2026, Thomas Vautour Ahmed vient d\u2019\u00eatre s\u00e9lectionn\u00e9 au Coll\u00e8ge Citoyen de France, formation nationale d\u00e9di\u00e9e aux acteurs associatifs et citoyens engag\u00e9s. Habitant d\u2019Auch et engag\u00e9 localement, notamment dans le champ culturel et associatif, il repr\u00e9sentera l\u2019Occitanie au sein de sa 5e promotion. Entretien.<\/p>\n<p class=\"txt-question\">Qu\u2019est-ce que le Coll\u00e8ge Citoyen de France\u00a0?<\/p>\n<p>C\u2019est une initiative n\u00e9e pendant la p\u00e9riode du Covid. Elle vise \u00e0 former et accompagner chaque ann\u00e9e une quarantaine de responsables associatifs. L\u2019objectif est de leur permettre de mieux comprendre les institutions, de dialoguer plus efficacement avec elles et de saisir le fonctionnement politique, aussi bien localement que nationalement. Le projet a \u00e9t\u00e9 fond\u00e9 par un collectif d\u2019une dizaine de cofondateurs venus d\u2019horizons tr\u00e8s vari\u00e9s. Nous avons des interventions chaque semaine, anim\u00e9es par des experts, et des \u00ab\u00a0bootcamps\u00a0\u00bb, des sessions intensives de trois \u00e0 quatre jours. Nous en avons d\u00e9j\u00e0 eu \u00e0 Bordeaux et au\u00a0Havre, et le prochain aura lieu \u00e0 Paris.<\/p>\n<p class=\"std-elt__inline\">\n        <strong>\u00c0 lire aussi :<\/strong><br \/>\n        <a href=\"https:\/\/www.ladepeche.fr\/2021\/04\/20\/la-vie-publique-a-besoin-de-nouveaux-profils-qui-viennent-du-terrain-et-cest-le-but-du-college-citoyen-de-france-9499154.php\" target=\"_blank\" rel=\"noopener\">\u00ab\u00a0La vie publique a besoin de nouveaux profils qui viennent du terrain, et c&rsquo;est le but du Coll\u00e8ge citoyen de France\u00a0\u00bb<\/a>\n    <\/p>\n<p class=\"txt-question\">C\u2019est donc une formation r\u00e9partie sur tout le territoire\u00a0?<\/p>\n<p>Oui. Nous nous retrouvons pour les bootcamps dans diff\u00e9rentes villes. Pendant ces trois ou quatre jours, nous rencontrons des maires, des responsables d\u2019ONG, des journalistes,\u00a0etc. En parall\u00e8le, nous avons des formations en ligne chaque mardi soir. Cela nous permet de suivre le programme sur notre temps personnel, sans trop impacter nos activit\u00e9s associatives.<\/p>\n<p class=\"txt-question\">Ton engagement a commenc\u00e9 tr\u00e8s jeune, \u00e0 14 ans, avec le Conseil d\u00e9partemental des jeunes du Gers\u2026<\/p>\n<p>Oui. \u00c0 la base, je n\u2019\u00e9tais pas du tout engag\u00e9. Enfant, j\u2019\u00e9tais plut\u00f4t du genre \u00e0 faire le pitre. Mais j\u2019ai toujours aim\u00e9 f\u00e9d\u00e9rer, organiser des \u00e9v\u00e9nements, cr\u00e9er du lien. Une CPE m\u2019a parl\u00e9 du Conseil d\u00e9partemental des jeunes\u00a0: une r\u00e9union par mois, une demi-journ\u00e9e de cours en moins, et la possibilit\u00e9 de mener des projets concrets avec un budget. J\u2019ai trouv\u00e9 \u00e7a g\u00e9nial et je me suis lanc\u00e9, sans trop savoir dans quoi je m\u2019engageais. C\u2019est l\u00e0 que j\u2019ai d\u00e9couvert l\u2019envie d\u2019agir, de monter des projets et de trouver les moyens de les r\u00e9aliser. Ensuite, je me suis retrouv\u00e9 au P\u00f4le Nord avec Philippe Martin, alors pr\u00e9sident du D\u00e9partement. C\u2019\u00e9tait une exp\u00e9rience marquante.<\/p>\n<p class=\"std-elt__inline\">\n        <strong>\u00c0 lire aussi :<\/strong><br \/>\n        <a href=\"https:\/\/www.ladepeche.fr\/2025\/04\/29\/fous-rires-gascons-plein-dartistes-veulent-revenir-le-succes-de-la-2e-edition-compense-le-manque-de-subventions-12663722.php\" target=\"_blank\" rel=\"noopener\">Fous Rires Gascons\u00a0: \u00ab\u00a0Plein d\u2019artistes veulent revenir\u00a0\u00bb\u2026 Le succ\u00e8s de la 2e \u00e9dition compense le manque de subventions<\/a>\n    <\/p>\n<p class=\"txt-question\">D\u2019autres initiatives ont-elles suivi\u00a0?<\/p>\n<p>Oui. Avec plusieurs groupes de jeunes, nous avons cr\u00e9\u00e9 Youth for Climate. J\u2019ai rapidement \u00e9t\u00e9 responsable r\u00e9gional en Occitanie. L\u2019id\u00e9e \u00e9tait de prolonger les gr\u00e8ves pour le climat initi\u00e9es par Greta Thunberg, avec une premi\u00e8re manifestation le 15\u00a0mars 2019. Nous avons organis\u00e9 celle de Toulouse, en mobilisant dans les lyc\u00e9es et \u00e0 l\u2019universit\u00e9, avec un grand succ\u00e8s \u00e0 la cl\u00e9\u00a0: plus de 10\u00a0000 manifestants. Les m\u00e9dias ont pr\u00e9sent\u00e9 cette marche comme la plus grande mobilisation de jeunes pour le climat en dehors de Paris, et elle le reste encore aujourd\u2019hui.<\/p>\n<p class=\"std-elt__inline\">\n        <strong>\u00c0 lire aussi :<\/strong><br \/>\n        <a href=\"https:\/\/www.ladepeche.fr\/2025\/11\/04\/alex-vizorek-revient-a-lessentiel-un-micro-une-lumiere-et-le-rire-au-theatre-dauch-13032764.php\" target=\"_blank\" rel=\"noopener\">Alex Vizorek revient \u00e0 l\u2019essentiel\u00a0: un micro, une lumi\u00e8re et le rire au Th\u00e9\u00e2tre d\u2019Auch<\/a>\n    <\/p>\n<p class=\"txt-question\">Ton engagement associatif actuel, notamment avec ton festival d\u2019humour, a aussi compt\u00e9 dans ta s\u00e9lection\u00a0?<\/p>\n<p>Tout \u00e0 fait. L\u2019humour peut sembler anodin, mais ce n\u2019est pas le cas. C\u2019est souvent l\u2019un des derniers espaces o\u00f9 des personnes tr\u00e8s diff\u00e9rentes se retrouvent et partagent un moment commun. Quand j\u2019ai cr\u00e9\u00e9 le festival, je voulais qu\u2019il parle \u00e0 tout le monde, qu\u2019il rassemble tous les publics. Nous reversons 5\u00a0% des recettes \u00e0 des associations solidaires et permettons \u00e0 des b\u00e9n\u00e9ficiaires d\u2019assister aux spectacles. Nous allons aussi cr\u00e9er un comedy club caritatif. L\u2019id\u00e9e, c\u2019est de donner du sens \u00e0 ce que nous faisons tout en f\u00e9d\u00e9rant les gens. C\u2019est pour cela que nous programmons des artistes engag\u00e9s, d\u2019autres plus l\u00e9gers, avec des sensibilit\u00e9s vari\u00e9es, afin de toucher tout le monde, sans a priori.<\/p>\n","protected":false},"excerpt":{"rendered":"l&rsquo;essentiel Le Gersois Thomas Vautour Ahmed (Fous rires gascons) raconte son parcours d\u2019engagement, du Conseil d\u00e9partemental des jeunes&hellip;\n","protected":false},"author":2,"featured_media":625113,"comment_status":"","ping_status":"","sticky":false,"template":"","format":"standard","meta":{"footnotes":""},"categories":[4],"tags":[11,16802,872,1011,27,69124,11328,12,25],"class_list":{"0":"post-625112","1":"post","2":"type-post","3":"status-publish","4":"format-standard","5":"has-post-thumbnail","7":"category-france","8":"tag-actualites","9":"tag-auch","10":"tag-culture-et-loisirs","11":"tag-fr","12":"tag-france","13":"tag-fu00eates-et-festivals","14":"tag-gers","15":"tag-news","16":"tag-republique-francaise"},"share_on_mastodon":{"url":"https:\/\/pubeurope.com\/@fr\/115791267286804068","error":""},"_links":{"self":[{"href":"https:\/\/www.europesays.com\/fr\/wp-json\/wp\/v2\/posts\/625112","targetHints":{"allow":["GET"]}}],"collection":[{"href":"https:\/\/www.europesays.com\/fr\/wp-json\/wp\/v2\/posts"}],"about":[{"href":"https:\/\/www.europesays.com\/fr\/wp-json\/wp\/v2\/types\/post"}],"author":[{"embeddable":true,"href":"https:\/\/www.europesays.com\/fr\/wp-json\/wp\/v2\/users\/2"}],"replies":[{"embeddable":true,"href":"https:\/\/www.europesays.com\/fr\/wp-json\/wp\/v2\/comments?post=625112"}],"version-history":[{"count":0,"href":"https:\/\/www.europesays.com\/fr\/wp-json\/wp\/v2\/posts\/625112\/revisions"}],"wp:featuredmedia":[{"embeddable":true,"href":"https:\/\/www.europesays.com\/fr\/wp-json\/wp\/v2\/media\/625113"}],"wp:attachment":[{"href":"https:\/\/www.europesays.com\/fr\/wp-json\/wp\/v2\/media?parent=625112"}],"wp:term":[{"taxonomy":"category","embeddable":true,"href":"https:\/\/www.europesays.com\/fr\/wp-json\/wp\/v2\/categories?post=625112"},{"taxonomy":"post_tag","embeddable":true,"href":"https:\/\/www.europesays.com\/fr\/wp-json\/wp\/v2\/tags?post=625112"}],"curies":[{"name":"wp","href":"https:\/\/api.w.org\/{rel}","templated":true}]}}