{"id":625114,"date":"2025-12-27T11:22:12","date_gmt":"2025-12-27T11:22:12","guid":{"rendered":"https:\/\/www.europesays.com\/fr\/625114\/"},"modified":"2025-12-27T11:22:12","modified_gmt":"2025-12-27T11:22:12","slug":"alexandre-strehlau-quitte-le-tvb-pour-litalie","status":"publish","type":"post","link":"https:\/\/www.europesays.com\/fr\/625114\/","title":{"rendered":"Alexandre Strehlau quitte le TVB pour l\u2019Italie"},"content":{"rendered":"<p>C\u2019est un paquet que le Tours Volley-Ball n\u2019attendait pas forc\u00e9ment sous le sapin. Et dont il aurait s\u00fbrement pr\u00e9f\u00e9r\u00e9 se passer\u00a0! Alors que le club tourangeau a retrouv\u00e9 le chemin de l\u2019entra\u00eenement vendredi 26\u00a0d\u00e9cembre apr\u00e8s la tr\u00eave de No\u00ebl, et doit affronter Nice ce mardi\u00a030 \u00e0 Grenon, une information, <a target=\"_parent\" href=\"https:\/\/www.lequipe.fr\/Volley-ball\/Actualites\/Alexandre-strehlau-quitte-tours-et-la-marmara-spikeligue-pour-rejoindre-cuneo-en-italie\/1629597\" rel=\"noopener\">r\u00e9v\u00e9l\u00e9e par <\/a><a target=\"_parent\" href=\"https:\/\/www.lequipe.fr\/Volley-ball\/Actualites\/Alexandre-strehlau-quitte-tours-et-la-marmara-spikeligue-pour-rejoindre-cuneo-en-italie\/1629597\" rel=\"noopener\">L\u2019\u00c9quipe<\/a>\u00a0et que nous sommes en mesure de confirmer, est venue secouer le groupe\u00a0: Alexandre Strehlau va quitter le TVB.<\/p>\n<p>Le jeune r\u00e9ceptionneur-attaquant fran\u00e7ais a en effet d\u00e9cid\u00e9 d\u2019activer une clause de son contrat \u2013 qui le liait encore au TVB jusqu\u2019en 2027 \u2013 pour rejoindre, d\u00e8s cet hiver, le club italien de Cuneo.<\/p>\n<p>Un choix probablement motiv\u00e9 par son manque de temps de jeu du d\u00e9but d\u2019exercice, alors m\u00eame qu\u2019il sortait d\u2019une saison 2024-2025 particuli\u00e8rement r\u00e9ussie o\u00f9 il avait litt\u00e9ralement explos\u00e9 pour aider Tours a retrouv\u00e9 le titre de <a target=\"_self\" href=\"https:\/\/www.lanouvellerepublique.fr\/tours\/msl-un-10e-titre-si-singulier-pour-le-tours-vb-1747596709\" rel=\"noopener\">champion de France<\/a>, avant de se voir ouvrir les portes de l\u2019\u00e9quipe de France \u00e0 l\u2019occasion de la Ligue des nations estivale.<\/p>\n<p>L\u2019entourage du joueur a fait pencher la balance<\/p>\n<p>Pourtant, depuis le remplacement de Mladen Kasic par Igor Juricic sur le banc tourangeau, le joueur d\u00e9barqu\u00e9 de Tourcoing en 2023 avait <a target=\"_self\" href=\"https:\/\/www.lanouvellerepublique.fr\/tours\/volley-ball-alexandre-strehlau-a-retrouve-des-couleurs-en-ligue-des-champions-avec-le-tvb-1765447889\" rel=\"noopener\">regagn\u00e9 progressivement sa place dans le six titulaire<\/a>. Mais cela n\u2019a visiblement suffi aux yeux de l\u2019entourage du joueur, qui, selon nos informations, aurait pes\u00e9 dans la d\u00e9cision de partir, alors qu\u2019Alexandre Strehlau, d\u00e9j\u00e0 approch\u00e9 par P\u00e9rouse l\u2019an pass\u00e9, avait a priori l\u2019intention de finir la saison au d\u00e9part. C\u2019est donc finalement \u00e0 Cuneo qu\u2019Alexandre Strehlau va poursuivre l\u2019aventure.<\/p>\n<p>Un club aux ambitions sportives tout autre que le Tours VB\u00a0: fra\u00eechement promu en SuperLega, 10e\u00a0du classement, qui reste sur six d\u00e9faites de rang et va surtout se battre pour son maintien dans l\u2019\u00e9lite. Une situation qui pourrait, certes, permettre au Fran\u00e7ais de se faire une place sur le terrain, dans un effectif o\u00f9 il va retrouver une autre p\u00e9pite tricolore\u00a0: le pointu Nathan Feral, arriv\u00e9 de Toulouse \u00e0 l\u2019intersaison. Un nouveau bel exemple de l\u2019incapacit\u00e9 du volley fran\u00e7ais \u00e0 garder ses joueurs les plus prometteurs dans son championnat maison\u2026<\/p>\n","protected":false},"excerpt":{"rendered":"C\u2019est un paquet que le Tours Volley-Ball n\u2019attendait pas forc\u00e9ment sous le sapin. Et dont il aurait s\u00fbrement&hellip;\n","protected":false},"author":2,"featured_media":625115,"comment_status":"","ping_status":"","sticky":false,"template":"","format":"standard","meta":{"footnotes":""},"categories":[1417],"tags":[1392,1011,27,1387,1655,60,1390,1471,2767,1470,1469],"class_list":{"0":"post-625114","1":"post","2":"type-post","3":"status-publish","4":"format-standard","5":"has-post-thumbnail","7":"category-volley","8":"tag-a-la-une-local","9":"tag-fr","10":"tag-france","11":"tag-indre-et-loire","12":"tag-ligue-a","13":"tag-sports","14":"tag-tours","15":"tag-tours-volley-ball","16":"tag-tvb-37","17":"tag-volley","18":"tag-volleyball"},"share_on_mastodon":{"url":"https:\/\/pubeurope.com\/@fr\/115791275515029076","error":""},"_links":{"self":[{"href":"https:\/\/www.europesays.com\/fr\/wp-json\/wp\/v2\/posts\/625114","targetHints":{"allow":["GET"]}}],"collection":[{"href":"https:\/\/www.europesays.com\/fr\/wp-json\/wp\/v2\/posts"}],"about":[{"href":"https:\/\/www.europesays.com\/fr\/wp-json\/wp\/v2\/types\/post"}],"author":[{"embeddable":true,"href":"https:\/\/www.europesays.com\/fr\/wp-json\/wp\/v2\/users\/2"}],"replies":[{"embeddable":true,"href":"https:\/\/www.europesays.com\/fr\/wp-json\/wp\/v2\/comments?post=625114"}],"version-history":[{"count":0,"href":"https:\/\/www.europesays.com\/fr\/wp-json\/wp\/v2\/posts\/625114\/revisions"}],"wp:featuredmedia":[{"embeddable":true,"href":"https:\/\/www.europesays.com\/fr\/wp-json\/wp\/v2\/media\/625115"}],"wp:attachment":[{"href":"https:\/\/www.europesays.com\/fr\/wp-json\/wp\/v2\/media?parent=625114"}],"wp:term":[{"taxonomy":"category","embeddable":true,"href":"https:\/\/www.europesays.com\/fr\/wp-json\/wp\/v2\/categories?post=625114"},{"taxonomy":"post_tag","embeddable":true,"href":"https:\/\/www.europesays.com\/fr\/wp-json\/wp\/v2\/tags?post=625114"}],"curies":[{"name":"wp","href":"https:\/\/api.w.org\/{rel}","templated":true}]}}