{"id":625116,"date":"2025-12-27T11:23:32","date_gmt":"2025-12-27T11:23:32","guid":{"rendered":"https:\/\/www.europesays.com\/fr\/625116\/"},"modified":"2025-12-27T11:23:32","modified_gmt":"2025-12-27T11:23:32","slug":"sur-quelle-chaine-a-quelle-heure-et-avec-quelles-compositions-11","status":"publish","type":"post","link":"https:\/\/www.europesays.com\/fr\/625116\/","title":{"rendered":"sur quelle cha\u00eene, \u00e0 quelle heure et avec quelles compositions ?"},"content":{"rendered":"<p style=\"text-align: justify;\"><strong>D\u00e9couvrez l\u2019heure, la cha\u00eene TV et les compositions pour Racing 92-Montauban Rugby en Top 14. Toutes les infos essentielles pour suivre le match.<\/strong><\/p>\n<p style=\"text-align: justify;\">Le match de la 13\u00e8me journ\u00e9e de la phase r\u00e9guli\u00e8re du Top 14 entre le <a href=\"https:\/\/dicodusport.fr\/blog\/transferts-racing-92-2026-recrues-departs-et-prolongations\/\" target=\"_blank\" rel=\"noopener\"><strong>Racing 92<\/strong><\/a> et l\u2019<a href=\"https:\/\/dicodusport.fr\/blog\/transferts-montauban-2026-recrues-departs-et-prolongations\/\" target=\"_blank\" rel=\"noopener\"><b>US Montauban<\/b><\/a> aura lieu ce samedi 27 d\u00e9cembre 2025 \u00e0 14h00, \u00e0 La D\u00e9fense Arena de Nanterre.<\/p>\n<p>Contexte et enjeux du match Racing 92 \u2013 Montauban<\/p>\n<p style=\"text-align: justify;\">Actuellement dans le ventre mou en Top 14, le <strong>Racing 92<\/strong> a rat\u00e9 une belle occasion de s\u2019installer dans la zone des barragistes. Les Franciliens ont d\u00fb conc\u00e9der le nul \u00e0 la toute derni\u00e8re seconde contre le Stade Fran\u00e7ais dans le derby. Heureusement, le match de ce samedi est particuli\u00e8rement abordable, histoire de rester dans la course \u00e0 la qualification.<\/p>\n<p><a href=\"https:\/\/dicodusport.fr\/blog\/fin-de-match-irrespirable-dans-le-derby-le-stade-francais-sauve-le-nul-a-domicile-contre-le-racing-92\/\" class=\"vlp-link\" title=\"Fin de match irrespirable dans le derby : le Stade Fran\u00e7ais sauve le nul \u00e0 domicile contre le Racing 92\" target=\"_blank\" rel=\"noopener\"><img loading=\"lazy\" decoding=\"async\" style=\"max-width: 792px;\" width=\"792\" height=\"445\" class=\"attachment-800x445 size-800x445 perfmatters-lazy\" alt=\"Fin de match irrespirable dans le derby : le Stade Fran\u00e7ais sauve le nul \u00e0 domicile contre le Racing 92\" src=\"https:\/\/www.europesays.com\/fr\/wp-content\/uploads\/2025\/12\/Fin-de-match-irrespirable-dans-le-derby-le-Stade-Francais-sauve-le-nul-a-domicile-contre-le-Racing-9.png\"  data-\/><\/p>\n<p>Fin de match irrespirable dans le derby : le Stade Fran\u00e7ais sauve le nul \u00e0 domicile contre le Racing 92<\/p>\n<p>TOP 14 2025\/2026 &#8211; Le Stade Fran\u00e7ais a pr\u00e9serv\u00e9 son invincibilit\u00e9 \u00e0 domicile en arrachant le match nul face au Racing 92, 20-20.<\/p>\n<p>Lire l&rsquo;article<\/p>\n<p>dicodusport.fr<\/p>\n<p style=\"text-align: justify;\"><strong>Montauban<\/strong> a re\u00e7u une mauvaise nouvelle samedi dernier, avec la premi\u00e8re victoire de Perpignan cette saison, qui relance les d\u00e9bats pour la derni\u00e8re place. Les Tarn-et-Garonnais n\u2019ont plus que deux points d\u2019avance sur les Catalans, et la lutte pour le maintien s\u2019annonce serr\u00e9e jusqu\u2019au bout. Avant de retourner \u00e0 Sapiac, les promus esp\u00e8reront bien figurer ce samedi, et un point suffirait \u00e0 leur bonheur. Plus facile \u00e0 dire qu\u2019\u00e0 faire\u2026<\/p>\n<p><a href=\"https:\/\/dicodusport.fr\/blog\/perpignan-enfin-victorieux-montpellier-enchaine-dans-la-douleur-le-resume-du-multirugby-de-la-12eme-journee-de-top-14\/\" class=\"vlp-link\" title=\"Perpignan enfin victorieux, Montpellier encha\u00eene dans la douleur : le r\u00e9sum\u00e9 du multirugby de la 12\u00e8me journ\u00e9e de Top 14\" target=\"_blank\" rel=\"noopener\"><img loading=\"lazy\" decoding=\"async\" style=\"max-width: 792px;\" width=\"792\" height=\"445\" class=\"attachment-800x445 size-800x445 perfmatters-lazy\" alt=\"Perpignan enfin victorieux, Montpellier encha\u00eene dans la douleur le r\u00e9sum\u00e9 du multirugby de la 12\u00e8me journ\u00e9e de Top 14\" src=\"https:\/\/www.europesays.com\/fr\/wp-content\/uploads\/2025\/12\/1766684841_903_Perpignan-enfin-victorieux-Montpellier-enchaine-dans-la-douleur-le-resume-du-multirugby-de-la-12eme-.png\"  data-\/><\/p>\n<p>Perpignan enfin victorieux, Montpellier encha\u00eene dans la douleur : le r\u00e9sum\u00e9 du multirugby de la 12\u00e8me journ\u00e9e de Top 14<\/p>\n<p>TOP 14 2025-2026 &#8211; Perpignan a remport\u00e9 sa premi\u00e8re victoire contre Clermont, tandis que Montpellier a remport\u00e9 sa troisi\u00e8me victoire cons\u00e9cutive face \u00e0 Castres.<\/p>\n<p>Lire l&rsquo;article<\/p>\n<p>dicodusport.fr<\/p>\n<p style=\"text-align: justify;\">Les deux \u00e9quipes se sont crois\u00e9es pour la derni\u00e8re fois lors de la saison 2009-2010 de Pro D2, quand chacun \u00e9tait rest\u00e9 ma\u00eetre chez soi. Chez les bookmakers, le Racing est l\u2019immense favori de ce match d\u2019ouverture de la 13\u00e8me journ\u00e9e de Top 14.<\/p>\n<p>Racing 92 \u2013 Montauban : \u00c0 quelle heure et sur quelle cha\u00eene TV suivre le match ?<\/p>\n<p style=\"text-align: justify;\">Le match <b>Racing 92 \u2013 Montauban <\/b>est \u00e0 suivre ce <strong>samedi 27 d\u00e9cembre 2025 \u00e0 14h00<\/strong>, sur <b>Canal +<\/b>.<\/p>\n<p>Les compositions officielles de Racing 92 \u2013 Montauban<br \/>\nLa composition du Racing 92<\/p>\n<p style=\"text-align: justify;\"><strong>XV de d\u00e9part<\/strong> : 15. Prisciantelli ; 14. Ravutaumada, 13. Ashvetia, 12. Tuisova, 11. Hulleu\u2005; 10. Seunes, 9. Carbonneau\u2005; 7. Tagitagivalu, 8. Manyarara, 6. Baudonne\u2005; 5. Sanconnie, 4. Lainault ; 3. Bamba, 2. Escobar, 1. Kolingar.<\/p>\n<p>\n<a href=\"https:\/\/dicodusport.fr\/blog\/offres\/abonnements-sans-pub\/\" target=\"_blank\" rel=\"noopener\"><img loading=\"lazy\" decoding=\"async\" class=\"alignnone size-full wp-image-501284 perfmatters-lazy\" alt=\"\" width=\"1200\" height=\"200\" src=\"https:\/\/www.europesays.com\/fr\/wp-content\/uploads\/2025\/04\/Abonnements-sans-pubs-Dicodusport.png\"\/><\/a><\/p>\n<p style=\"text-align: justify;\"><strong>Les rempla\u00e7ants<\/strong> : 16. Basse, 17. Jabea, 18. Hughes, 19. Taofifenua, 20. Zinzen, 21. Gibert, 22. Habosi, 23. Tupou.<\/p>\n<p>La composition de Montauban<\/p>\n<p style=\"text-align: justify;\"><strong>XV de d\u00e9part<\/strong> : 15. Mouchous\u2005; 14. Vici, 13. Espeut, 12. Jackson, 11. Vall\u00e9e\u2005; 10. Fortunel, 9. Zabalza ; 7. Ringuet, 8. Viiga, 6. Notsche\u2005; 5. Ma\u2019afu, 4. Bitz\u2005; 3. Pomponio, 2. Firmin, 1. Bu\u00e9.<\/p>\n<p>\n<a href=\"https:\/\/dicodusport.fr\/blog\/offres\/abonnements-sans-pub\/\" target=\"_blank\" rel=\"noopener\"><img loading=\"lazy\" decoding=\"async\" class=\"alignnone size-full wp-image-501296 perfmatters-lazy\" alt=\"\" width=\"400\" height=\"400\" src=\"https:\/\/www.europesays.com\/fr\/wp-content\/uploads\/2025\/04\/Abonnements-sans-pubs-Dicodusport-mobile.png\"\/><\/a><\/p>\n<p style=\"text-align: justify;\"><strong>Les rempla\u00e7ants<\/strong> : 16. Maurouard, 17. Somkishvili, 18. Kanika, 19. Fifita, 20. Wilkins, 21. Castel, 22. Fonnicola, 23. Mafile\u2019o.<\/p>\n<p>Les cotes de Racing 92 \u2013 Montauban<\/p>\n<tr style=\"height: 16px;\">\n<td style=\"background-color: #404040; text-align: left; border-color: #ededed; width: 500px;\" colspan=\"3\">Samedi 27 d\u00e9cembre 2025, 14h00<\/td>\n<\/tr>\n<tr style=\"height: 24px;\">\n<td style=\"background-color: #ffffff; border-color: #ededed; vertical-align: middle; text-align: center; width: 266px;\"><b>Racing 92<br \/><\/b><a href=\"https:\/\/www.winamax.fr\/paris-sportifs\/match\/62109256?banid=33423\" class=\"su-button su-button-style-flat su-button-wide\" style=\"color:#fff;background-color:#000;border-color:#000000;border-radius:5px\" target=\"_blank\" rel=\"noopener noreferrer\"> 1.01<\/a><\/td>\n<td style=\"background-color: #ffffff; border-color: #ededed; vertical-align: middle; text-align: center; width: 266px;\"><strong>Match nul<\/strong><br \/><a href=\"https:\/\/www.winamax.fr\/paris-sportifs\/match\/62109256?banid=33423\" class=\"su-button su-button-style-flat su-button-wide\" style=\"color:#fff;background-color:#000;border-color:#000000;border-radius:5px\" target=\"_blank\" rel=\"noopener noreferrer\"> 30<\/a><\/td>\n<td style=\"background-color: #ffffff; border-color: #ededed; vertical-align: middle; text-align: center; width: 266px;\"><b>Montauban<\/b><br \/><a href=\"https:\/\/www.winamax.fr\/paris-sportifs\/match\/62109256?banid=33423\" class=\"su-button su-button-style-flat su-button-wide\" style=\"color:#fff;background-color:#000;border-color:#000000;border-radius:5px\" target=\"_blank\" rel=\"noopener noreferrer\"> 15<\/a><\/td>\n<\/tr>\n<p style=\"text-align: justify;\">Tentez votre chance en profitant de votre <a href=\"https:\/\/www.winamax.fr\/registration\/landing\/affiliation_Bonus100?banid=33423\" target=\"_blank\" rel=\"noopener\">1er d\u00e9p\u00f4t doubl\u00e9 jusqu\u2019\u00e0 100 \u20ac<\/a> direct en paris gratuits sur Winamax !<\/p>\n","protected":false},"excerpt":{"rendered":"D\u00e9couvrez l\u2019heure, la cha\u00eene TV et les compositions pour Racing 92-Montauban Rugby en Top 14. Toutes les infos&hellip;\n","protected":false},"author":2,"featured_media":625117,"comment_status":"","ping_status":"","sticky":false,"template":"","format":"standard","meta":{"footnotes":""},"categories":[1416],"tags":[2113,1011,27,19054,5421,479,1468,60,478],"class_list":{"0":"post-625116","1":"post","2":"type-post","3":"status-publish","4":"format-standard","5":"has-post-thumbnail","7":"category-rugby","8":"tag-breve","9":"tag-fr","10":"tag-france","11":"tag-montauban","12":"tag-racing-92","13":"tag-rugby","14":"tag-rugby-football","15":"tag-sports","16":"tag-top-14"},"share_on_mastodon":{"url":"https:\/\/pubeurope.com\/@fr\/115791280471278981","error":""},"_links":{"self":[{"href":"https:\/\/www.europesays.com\/fr\/wp-json\/wp\/v2\/posts\/625116","targetHints":{"allow":["GET"]}}],"collection":[{"href":"https:\/\/www.europesays.com\/fr\/wp-json\/wp\/v2\/posts"}],"about":[{"href":"https:\/\/www.europesays.com\/fr\/wp-json\/wp\/v2\/types\/post"}],"author":[{"embeddable":true,"href":"https:\/\/www.europesays.com\/fr\/wp-json\/wp\/v2\/users\/2"}],"replies":[{"embeddable":true,"href":"https:\/\/www.europesays.com\/fr\/wp-json\/wp\/v2\/comments?post=625116"}],"version-history":[{"count":0,"href":"https:\/\/www.europesays.com\/fr\/wp-json\/wp\/v2\/posts\/625116\/revisions"}],"wp:featuredmedia":[{"embeddable":true,"href":"https:\/\/www.europesays.com\/fr\/wp-json\/wp\/v2\/media\/625117"}],"wp:attachment":[{"href":"https:\/\/www.europesays.com\/fr\/wp-json\/wp\/v2\/media?parent=625116"}],"wp:term":[{"taxonomy":"category","embeddable":true,"href":"https:\/\/www.europesays.com\/fr\/wp-json\/wp\/v2\/categories?post=625116"},{"taxonomy":"post_tag","embeddable":true,"href":"https:\/\/www.europesays.com\/fr\/wp-json\/wp\/v2\/tags?post=625116"}],"curies":[{"name":"wp","href":"https:\/\/api.w.org\/{rel}","templated":true}]}}