{"id":625120,"date":"2025-12-27T11:28:13","date_gmt":"2025-12-27T11:28:13","guid":{"rendered":"https:\/\/www.europesays.com\/fr\/625120\/"},"modified":"2025-12-27T11:28:13","modified_gmt":"2025-12-27T11:28:13","slug":"cr4c-roanne-leffectif-2026-actualite","status":"publish","type":"post","link":"https:\/\/www.europesays.com\/fr\/625120\/","title":{"rendered":"CR4C Roanne : L\u2019effectif 2026 &#8211; Actualit\u00e9"},"content":{"rendered":"<p dir=\"ltr\">Le <strong><a href=\"https:\/\/www.directvelo.com\/equipe\/26\/cr4c-roanne\" target=\"_blank\" rel=\"noopener\">CR4C Roanne<\/a><\/strong> poss\u00e8de un effectif de quatorze \u00e9l\u00e9ments pour la saison 2026. Le club de la Loire enregistre quatre arriv\u00e9es. En 2025, le CR4C Roanne a termin\u00e9 5e du Challenge DirectVelo des N2 et 9e de la Coupe de France N2.<\/p>\n<p dir=\"ltr\"><strong>L\u2019effectif du CR4C Roanne :<\/strong> <br \/>Cameron Beaumont, 21 ans (Nouvelle-Z\u00e9lande)<br \/>C\u00f4me Bouchet, 19 ans<br \/>Lo\u00efs Buffin, 25 ans <br \/>Hugo Buisson, 25 ans <br \/>Jules Cretin, 21 ans\u00a0 <br \/>Louka Ducruet, 20 ans <br \/>Toby Evans, 21 ans <br \/>Cl\u00e9ment Ferry, 21 ans <br \/>Hugo Harter, 19 ans <br \/>Sloan Horny, 24 ans <br \/>Alex Job, 22 ans (GSC Blagnac VS 31)<br \/>Mathieu Lambert, 24 ans (AVC Aix Provence Dole)<br \/>Liam Manzanares, 19 ans<br \/>Thibaud Przybylski, 18 ans (EC Saint-Etienne Loire)<\/p>\n<p>Les principaux d\u00e9parts : Th\u00e9o Derrieu (Antibes-Alpes-Maritimes), Tom Giordanengo (AC Bisontine), Edgar Jorge (Bourg-en-Bresse Ain Cyclisme) et David Menut (Creuse Oxyg\u00e8ne Gu\u00e9ret).<\/p>\n","protected":false},"excerpt":{"rendered":"Le CR4C Roanne poss\u00e8de un effectif de quatorze \u00e9l\u00e9ments pour la saison 2026. Le club de la Loire&hellip;\n","protected":false},"author":2,"featured_media":625121,"comment_status":"","ping_status":"","sticky":false,"template":"","format":"standard","meta":{"footnotes":""},"categories":[1411],"tags":[834,828,836,829,837,827,83,826,824,823,1154,207,814,817,815,816,822,821,832,211,839,1011,27,820,818,819,835,831,830,833,838,60,212,208,825],"class_list":{"0":"post-625120","1":"post","2":"type-post","3":"status-publish","4":"format-standard","5":"has-post-thumbnail","7":"category-cyclisme","8":"tag-attaque","9":"tag-belgique","10":"tag-braquet","11":"tag-bretagne","12":"tag-chute","13":"tag-competition","14":"tag-coupe-de-france","15":"tag-coureur","16":"tag-course-cyclisme","17":"tag-course-cycliste","18":"tag-cycling","19":"tag-cyclisme","20":"tag-direct","21":"tag-direct-velo","22":"tag-directvelo","23":"tag-directvelo-com","24":"tag-epreuve","25":"tag-epreuve-cycliste","26":"tag-federation-francaise-de-cyclisme","27":"tag-ffc","28":"tag-flandres","29":"tag-fr","30":"tag-france","31":"tag-live","32":"tag-live-course","33":"tag-live-epreuve","34":"tag-peloton","35":"tag-radio-peloton","36":"tag-radio-tour","37":"tag-ravitaillement","38":"tag-relance","39":"tag-sports","40":"tag-uci","41":"tag-velo","42":"tag-velos"},"share_on_mastodon":{"url":"https:\/\/pubeurope.com\/@fr\/115791299135644252","error":""},"_links":{"self":[{"href":"https:\/\/www.europesays.com\/fr\/wp-json\/wp\/v2\/posts\/625120","targetHints":{"allow":["GET"]}}],"collection":[{"href":"https:\/\/www.europesays.com\/fr\/wp-json\/wp\/v2\/posts"}],"about":[{"href":"https:\/\/www.europesays.com\/fr\/wp-json\/wp\/v2\/types\/post"}],"author":[{"embeddable":true,"href":"https:\/\/www.europesays.com\/fr\/wp-json\/wp\/v2\/users\/2"}],"replies":[{"embeddable":true,"href":"https:\/\/www.europesays.com\/fr\/wp-json\/wp\/v2\/comments?post=625120"}],"version-history":[{"count":0,"href":"https:\/\/www.europesays.com\/fr\/wp-json\/wp\/v2\/posts\/625120\/revisions"}],"wp:featuredmedia":[{"embeddable":true,"href":"https:\/\/www.europesays.com\/fr\/wp-json\/wp\/v2\/media\/625121"}],"wp:attachment":[{"href":"https:\/\/www.europesays.com\/fr\/wp-json\/wp\/v2\/media?parent=625120"}],"wp:term":[{"taxonomy":"category","embeddable":true,"href":"https:\/\/www.europesays.com\/fr\/wp-json\/wp\/v2\/categories?post=625120"},{"taxonomy":"post_tag","embeddable":true,"href":"https:\/\/www.europesays.com\/fr\/wp-json\/wp\/v2\/tags?post=625120"}],"curies":[{"name":"wp","href":"https:\/\/api.w.org\/{rel}","templated":true}]}}