{"id":625124,"date":"2025-12-27T11:30:16","date_gmt":"2025-12-27T11:30:16","guid":{"rendered":"https:\/\/www.europesays.com\/fr\/625124\/"},"modified":"2025-12-27T11:30:16","modified_gmt":"2025-12-27T11:30:16","slug":"the-cure-en-deuil-le-groupe-de-robert-smith-annonce-la-mort-du-guitariste-perry-bamonte","status":"publish","type":"post","link":"https:\/\/www.europesays.com\/fr\/625124\/","title":{"rendered":"The Cure en deuil, le groupe de Robert Smith annonce la mort du guitariste Perry Bamonte"},"content":{"rendered":"<p>Les membres et les fans de The Cure sont en deuil. Perry Bamonte, guitariste, bassiste et clavi\u00e9riste du groupe de Robert Smith, est mort le jour de No\u00ebl, \u00e0 l\u2019\u00e2ge de 65 ans. Ses anciens camarades lui ont rendu hommage.<\/p>\n<p>Les larmes et le deuil ont pris le pas sur la f\u00e9erie dans le c\u0153ur des membres et des fans de<a href=\"https:\/\/www.programme-tv.net\/news\/musique\/226905-the-cure-andy-anderson-lex-batteur-du-groupe-est-mort\/\" data-api-deeplink=\"teleloisirs:\/\/news\/226905\" target=\"_blank\" rel=\"noopener\"> The Cure<\/a>. Vendredi 26 d\u00e9cembre 2025, le groupe de rock britannique a annonc\u00e9, dans un <a href=\"https:\/\/www.thecure.com\/news\/2025\/12\/perry-archangelo-bamonte-1960-2025\/\" target=\"_blank\" rel=\"noopener\">communiqu\u00e9<\/a>, la mort de Perry Bamonte, guitariste, bassiste et clavi\u00e9riste. \u00ab\u00a0Avec une immense tristesse\u00a0\u00bb, les rockeurs expliquent que leur comparse \u00ab\u00a0est mort apr\u00e8s une courte maladie, chez lui, \u00e0 No\u00ebl\u00a0\u00bb. Il avait 65 ans. Les auteurs et interpr\u00e8tes de Boys don\u2019t cry, Just like heaven ou A forest se souviennent de celui qu\u2019ils surnommaient Teddy et qui avait rejoint The Cure sur le tard. Perry Bamonte avait en effet rencontr\u00e9 Robert Smith, le fondateur en 1978 et membre originel du groupe, et les autres musiciens de The Cure en 1984. Il avait alors fait partie de l\u2019\u00e9quipe technique, notamment gr\u00e2ce \u00e0 sa connaissance des guitares. C\u2019est en 1990, lors du d\u00e9part du clavi\u00e9riste Roger O\u2019Donnell, que Perry Bamonte avait enfin eu la chance de devenir membre du groupe.<\/p>\n<p>                        Perry Bamonte \u00e9tait devenu un membre \u00e0 part enti\u00e8re de The Cure apr\u00e8s avoir \u00e9t\u00e9 assistant technique<\/p>\n<p>Gr\u00e2ce \u00e0 ses talents de musicien, Perry Bamonte a particip\u00e9 aux albums Wish, Wild Mood Swings, Bloodflowers et The Cure. Il a \u00e9galement jou\u00e9 lors de plus de 400 concerts du groupe. En 2005, parce que Robert Smith voulait r\u00e9duire la formation en un trio, le musicien a \u00e9t\u00e9 \u00e9cart\u00e9 de The Cure. Cela ne l\u2019a pas emp\u00each\u00e9 de rester en bons termes avec le fondateur. Perry Bamonte avait profit\u00e9 de cette s\u00e9paration pour participer \u00e0 un autre groupe de rock, d\u00e8s 2012. Il \u00e9tait en effet le bassiste de Love Amongst Ruin, un groupe form\u00e9 par l\u2019ex-batteur de Placebo, Steve Hewitt. Mais c\u2019est bel et bien en tant que musicien de The Cure que Perry Bamonte avait \u00e9t\u00e9 applaudi et reconnu par la sc\u00e8ne musicale. En 2019, il a \u00e9t\u00e9 intronis\u00e9 au Rock and Roll Hall of Fame. En 2022, Robert Smith lui avait demand\u00e9 de revenir dans The Cure pour faire partie de la tourn\u00e9e Shows of a lost world. Une tourn\u00e9e de 90 dates termin\u00e9e en d\u00e9cembre 2024.<\/p>\n<p>\u00ab\u00a0Discret, intense, intuitif, constant et d&rsquo;une immense cr\u00e9ativit\u00e9, Teddy \u00e9tait un c\u0153ur chaleureux et une part essentielle de l&rsquo;histoire de The Cure. (&#8230;) Il nous manquera \u00e9norm\u00e9ment\u00a0\u00bb, \u00e9crivent les membres du groupe dans le communiqu\u00e9. Lol Tolhurst, batteur du groupe entre 1978 et 1989, a \u00e9galement partag\u00e9 sa tristesse, sur Instagram : \u00ab\u00a0Mes condol\u00e9ances \u00e0 tous ceux qui le connaissaient. Adieu Teddy.\u00a0\u00bb<\/p>\n<blockquote class=\"instagram-media\" data-instgrm-captioned=\"\" data-instgrm-permalink=\"https:\/\/www.instagram.com\/p\/DSvOp4Vko2R\/?utm_source=ig_embed&amp;utm_campaign=loading\" data-instgrm-version=\"14\" style=\" background:#FFF; border:0; border-radius:3px; box-shadow:0 0 1px 0 rgba(0,0,0,0.5),0 1px 10px 0 rgba(0,0,0,0.15); margin: 1px; max-width:658px; min-width:326px; padding:0; width:99.375%; width:-webkit-calc(100% - 2px); width:calc(100% - 2px);\"\/>\n<p>Article \u00e9crit en collaboration avec 6M\u00e9dias<\/p>\n<p>        <script async src=\"\/\/www.instagram.com\/embed.js\"><\/script><\/p>\n","protected":false},"excerpt":{"rendered":"Les membres et les fans de The Cure sont en deuil. Perry Bamonte, guitariste, bassiste et clavi\u00e9riste du&hellip;\n","protected":false},"author":2,"featured_media":625125,"comment_status":"","ping_status":"","sticky":false,"template":"","format":"standard","meta":{"footnotes":""},"categories":[1359],"tags":[1409,244,73450,58,59,1011,27,18,873,973,7040],"class_list":{"0":"post-625124","1":"post","2":"type-post","3":"status-publish","4":"format-standard","5":"has-post-thumbnail","7":"category-people","8":"tag-bande-annonce","9":"tag-commentaire","10":"tag-disintegration-un-album-un-groupe-une-gu00e9nu00e9ration-1172025-1030-pm-arte","11":"tag-divertissement","12":"tag-entertainment","13":"tag-fr","14":"tag-france","15":"tag-mort","16":"tag-musique","17":"tag-people","18":"tag-rock"},"share_on_mastodon":{"url":"https:\/\/pubeurope.com\/@fr\/115791306692665704","error":""},"_links":{"self":[{"href":"https:\/\/www.europesays.com\/fr\/wp-json\/wp\/v2\/posts\/625124","targetHints":{"allow":["GET"]}}],"collection":[{"href":"https:\/\/www.europesays.com\/fr\/wp-json\/wp\/v2\/posts"}],"about":[{"href":"https:\/\/www.europesays.com\/fr\/wp-json\/wp\/v2\/types\/post"}],"author":[{"embeddable":true,"href":"https:\/\/www.europesays.com\/fr\/wp-json\/wp\/v2\/users\/2"}],"replies":[{"embeddable":true,"href":"https:\/\/www.europesays.com\/fr\/wp-json\/wp\/v2\/comments?post=625124"}],"version-history":[{"count":0,"href":"https:\/\/www.europesays.com\/fr\/wp-json\/wp\/v2\/posts\/625124\/revisions"}],"wp:featuredmedia":[{"embeddable":true,"href":"https:\/\/www.europesays.com\/fr\/wp-json\/wp\/v2\/media\/625125"}],"wp:attachment":[{"href":"https:\/\/www.europesays.com\/fr\/wp-json\/wp\/v2\/media?parent=625124"}],"wp:term":[{"taxonomy":"category","embeddable":true,"href":"https:\/\/www.europesays.com\/fr\/wp-json\/wp\/v2\/categories?post=625124"},{"taxonomy":"post_tag","embeddable":true,"href":"https:\/\/www.europesays.com\/fr\/wp-json\/wp\/v2\/tags?post=625124"}],"curies":[{"name":"wp","href":"https:\/\/api.w.org\/{rel}","templated":true}]}}