{"id":625126,"date":"2025-12-27T11:31:29","date_gmt":"2025-12-27T11:31:29","guid":{"rendered":"https:\/\/www.europesays.com\/fr\/625126\/"},"modified":"2025-12-27T11:31:29","modified_gmt":"2025-12-27T11:31:29","slug":"trouble-dans-nos-identites-et-reve-dimmortalite-a-montricher-la-plasticienne-stephanie-solinas-leve-le-voile-sur-la-fabrique-de-notre-moi","status":"publish","type":"post","link":"https:\/\/www.europesays.com\/fr\/625126\/","title":{"rendered":"Trouble dans nos identit\u00e9s et r\u00eave d\u2019immortalit\u00e9: \u00e0 Montricher, la plasticienne St\u00e9phanie Solinas l\u00e8ve le voile sur la fabrique de notre \u00abmoi\u00bb"},"content":{"rendered":"<p>\u00abJe est un autre\u00bb, \u00e9crivait Rimbaud. Mais qu\u2019est-ce qui constitue, \u00abobjectivement\u00bb, notre identit\u00e9? Ce questionnement est au c\u0153ur de l\u2019\u0153uvre de St\u00e9phanie Solinas depuis vingt ans. La plasticienne nous accueille devant une curieuse galerie de portraits, la famille Brils, qui ouvre l\u2019exposition Jouer le je, pr\u00e9sent\u00e9e \u00e0 la fondation Michalski, \u00e0 Montricher. Que voit-on, dans ces \u00e9l\u00e9gants cadres en bois? Les nombrils d\u2019un couple et de leurs deux enfants, moul\u00e9s en silicone, avec leurs poils synth\u00e9tiques (pour le portrait de Monsieur). Et si, au lieu de notre visage, notre nombril figurait sur nos papiers d\u2019identit\u00e9?<\/p>\n<p>Apr\u00e8s avoir \u00e9tudi\u00e9 les sciences sociales et la statistique, poursuivi sa formation par un dipl\u00f4me en photographie et un doctorat en arts plastiques, St\u00e9phanie Solinas m\u00e8ne des enqu\u00eates en parall\u00e8le dans quatre \u00abterrains\u00bb: la France, le Vatican, l\u2019Islande et l\u2019Ouest am\u00e9ricain, en particulier la Silicon Valley. Elle s\u2019attache aux zones de frottement entre science et croyance, visible et invisible, algorithmes et r\u00eaves d\u2019immortalit\u00e9. L\u2019exposition\u00a0Jouer le je\u00a0constitue une travers\u00e9e de son travail en onze \u0153uvres cl\u00e9s.<\/p>\n","protected":false},"excerpt":{"rendered":"\u00abJe est un autre\u00bb, \u00e9crivait Rimbaud. Mais qu\u2019est-ce qui constitue, \u00abobjectivement\u00bb, notre identit\u00e9? Ce questionnement est au c\u0153ur&hellip;\n","protected":false},"author":2,"featured_media":625127,"comment_status":"","ping_status":"","sticky":false,"template":"","format":"standard","meta":{"footnotes":""},"categories":[1358],"tags":[1348,1384,1385,8981,251,1386,58,59,1011,27,14022,301],"class_list":{"0":"post-625126","1":"post","2":"type-post","3":"status-publish","4":"format-standard","5":"has-post-thumbnail","7":"category-arts-et-design","8":"tag-arts","9":"tag-arts-and-design","10":"tag-arts-et-design","11":"tag-arts-plastiques","12":"tag-culture","13":"tag-design","14":"tag-divertissement","15":"tag-entertainment","16":"tag-fr","17":"tag-france","18":"tag-musees-et-expositions","19":"tag-premium"},"share_on_mastodon":{"url":"https:\/\/pubeurope.com\/@fr\/115791310541121900","error":""},"_links":{"self":[{"href":"https:\/\/www.europesays.com\/fr\/wp-json\/wp\/v2\/posts\/625126","targetHints":{"allow":["GET"]}}],"collection":[{"href":"https:\/\/www.europesays.com\/fr\/wp-json\/wp\/v2\/posts"}],"about":[{"href":"https:\/\/www.europesays.com\/fr\/wp-json\/wp\/v2\/types\/post"}],"author":[{"embeddable":true,"href":"https:\/\/www.europesays.com\/fr\/wp-json\/wp\/v2\/users\/2"}],"replies":[{"embeddable":true,"href":"https:\/\/www.europesays.com\/fr\/wp-json\/wp\/v2\/comments?post=625126"}],"version-history":[{"count":0,"href":"https:\/\/www.europesays.com\/fr\/wp-json\/wp\/v2\/posts\/625126\/revisions"}],"wp:featuredmedia":[{"embeddable":true,"href":"https:\/\/www.europesays.com\/fr\/wp-json\/wp\/v2\/media\/625127"}],"wp:attachment":[{"href":"https:\/\/www.europesays.com\/fr\/wp-json\/wp\/v2\/media?parent=625126"}],"wp:term":[{"taxonomy":"category","embeddable":true,"href":"https:\/\/www.europesays.com\/fr\/wp-json\/wp\/v2\/categories?post=625126"},{"taxonomy":"post_tag","embeddable":true,"href":"https:\/\/www.europesays.com\/fr\/wp-json\/wp\/v2\/tags?post=625126"}],"curies":[{"name":"wp","href":"https:\/\/api.w.org\/{rel}","templated":true}]}}