{"id":625128,"date":"2025-12-27T11:33:37","date_gmt":"2025-12-27T11:33:37","guid":{"rendered":"https:\/\/www.europesays.com\/fr\/625128\/"},"modified":"2025-12-27T11:33:37","modified_gmt":"2025-12-27T11:33:37","slug":"jacques-legros-cecile-de-menibus-lorie-bonjour-fait-le-plein-de-nouveaux-chroniqueurs-pour-sa-nouvelle-formule-avec-christophe-beaugrand-sur-tf1","status":"publish","type":"post","link":"https:\/\/www.europesays.com\/fr\/625128\/","title":{"rendered":"Jacques Legros, C\u00e9cile de M\u00e9nibus, Lorie\u2026 \u00ab\u00a0Bonjour !\u00a0\u00bb fait le plein de nouveaux chroniqueurs pour sa nouvelle formule avec Christophe Beaugrand sur TF1"},"content":{"rendered":"<p>                <img loading=\"lazy\" decoding=\"async\" src=\"https:\/\/www.europesays.com\/fr\/wp-content\/uploads\/2025\/04\/91f0667af8d5f95d-35x35-1.png\" class=\"author-article-picture\" width=\"35\" height=\"35\"\/><\/p>\n<p>                    Par<\/p>\n<p>                                            <a class=\"author-article-bio-link\" href=\"https:\/\/www.ozap.com\/auteur\/raphael-gioia_a93\" target=\"_blank\" rel=\"noopener\">Rapha\u00ebl Gioia<\/a><\/p>\n<p>                    |<\/p>\n<p>                                            Journaliste<\/p>\n<p>\n                Des go\u00fbters devant le Club Doroth\u00e9e aux soir\u00e9es pizza\/\u00a0\u00bbKoh-Lanta\u00a0\u00bb, il y a quelques pas de c\u00f4t\u00e9 que cet enfant du bitume a effectu\u00e9 pour transformer un rituel sacr\u00e9 en piges passionn\u00e9es.\n            <\/p>\n<p>\n    Pour \u00e9toffer la troupe de sa matinale qui gagnera une heure suppl\u00e9mentaire \u00e0 la rentr\u00e9e, Bruce Toussaint a fait appel \u00e0 de nouveaux visages.\n<\/p>\n<p>                            <img loading=\"lazy\" decoding=\"async\" class=\"player-thumbnail\" src=\"https:\/\/www.europesays.com\/fr\/wp-content\/uploads\/2025\/12\/985049d501ce4a57-580x326-1.jpg\" width=\"580\" height=\"326\"\/><\/p>\n<p>                            Le g\u00e9n\u00e9rique de \u00ab\u00a0Bonjour !\u00a0\u00bb le mardi 9 juillet 2024 sur TF1. \u00a9 TF1<\/p>\n<p>La suite apr\u00e8s la publicit\u00e9<\/p>\n<p>Le mois de janvier sera synonyme de changement pour les \u00e9quipes de \u00ab\u00a0Bonjour!\u00a0\u00bb. \u00c0 partir du lundi 19, la matinale de TF1 <a href=\"https:\/\/www.ozap.com\/actu\/bonjour-rallonge-dune-heure-en-2026-apres-larret-du-teleshopping-sur-tf1-christophe-beaugrand-choisi-pour-animer-la-derniere-partie\/652531\" target=\"_blank\" rel=\"noopener\">gagnera une heure d&rsquo;antenne suppl\u00e9mentaire<\/a> en raison du choix de la cha\u00eene d&rsquo;arr\u00eater son <a href=\"https:\/\/www.ozap.com\/actu\/apres-38-ans-dantenne-tf1-annonce-larret-definitif-de-teleshopping\/650755\" target=\"_blank\" rel=\"noopener\">\u00ab\u00a0T\u00e9l\u00e9shopping\u00a0\u00bb apr\u00e8s 38 ans d&rsquo;existence<\/a>. Elle sera d\u00e9sormais propos\u00e9e de 7h \u00e0 11h, et scind\u00e9e en deux parties distinctes : une premi\u00e8re partie historique toujours assur\u00e9e par <a href=\"https:\/\/www.ozap.com\/personnalite\/bruce-toussaint_e1277\" target=\"_blank\" rel=\"noopener\">Bruce Toussaint<\/a> et ses chroniqueurs jusqu&rsquo;\u00e0 10h, puis une seconde qui prendra des airs de \u00ab\u00a0talk-show \u00e0 la fran\u00e7aise\u00a0\u00bb avec <a href=\"https:\/\/www.ozap.com\/personnalite\/christophe-beaugrand_e264366\" target=\"_blank\" rel=\"noopener\">Christophe Beaugrand <\/a>aux manettes. Ce nouveau rendez-vous se poursuivra dans le m\u00eame d\u00e9cor mais s&rsquo;orientera vers un format tr\u00e8s magazine, s&rsquo;int\u00e9ressant \u00ab\u00a0\u00e0 tous les sujets, avec du fond, qu\u2019il s\u2019agisse de sujets de soci\u00e9t\u00e9, de vie quotidienne, comme l\u2019interdiction des portables \u00e0 l\u2019\u00e9cole, la malbouffe, de sant\u00e9, de bien-\u00eatre, de cuisine, de tendances, ou encore de culture, mais trait\u00e9 avec s\u00e9rieux, espi\u00e8glerie et bonne humeur\u00a0\u00bb, comme l&rsquo;avait r\u00e9v\u00e9l\u00e9 au \u00ab\u00a0Figaro\u00a0\u00bb le patron de l\u2019info du groupe TF1,\u00a0Thierry Thuillier.<\/p>\n<p>TF1 mise sur des visages bien connus<\/p>\n<p>Plusieurs intervenants connus des fid\u00e8les de \u00ab\u00a0Bonjour!\u00a0\u00bb mais aussi des \u00ab\u00a0fortes personnalit\u00e9s\u00a0\u00bb participeront \u00e0 cette \u00ab\u00a0suite\u00a0\u00bb dont le nom n&rsquo;a pas encore fuit\u00e9. \u00ab\u00a0Le Parisien\u00a0\u00bb rapporte ainsi que Jacques Legros, <a href=\"https:\/\/www.ozap.com\/actu\/tu-ne-pleures-pas-hein-jacques-legros-emu-aux-larmes-pour-ses-adieux-au-13-heures-de-tf1\/649845\" target=\"_blank\" rel=\"noopener\">fra\u00eechement retrait\u00e9 du \u00ab\u00a013 Heures\u00a0\u00bb<\/a>, prendra place autour de la table \u00e0 raison de quatre jours par semaine. L&rsquo;ex-pr\u00e9sentateur effectuera donc son grand retour sur la Une, lui qui n&rsquo;a jamais \u00e9t\u00e9 aussi actif depuis son d\u00e9part entre ses interventions dans \u00ab\u00a0Estelle Midi\u00a0\u00bb et <a href=\"https:\/\/www.ozap.com\/actu\/rmc-story-relance-plein-les-yeux-et-reconstitue-lancien-binome-de-tf1-carole-rousseau-et-jacques-legros\/651659\" target=\"_blank\" rel=\"noopener\">la relance de \u00ab\u00a0Plein les yeux\u00a0\u00bb<\/a> sur RMC Story. Il sera accompagn\u00e9 dans cette nouvelle aventure par une autre ancienne figure famili\u00e8re de TF1, <a href=\"https:\/\/www.ozap.com\/personnalite\/cecile-de-menibus_e1057\" target=\"_blank\" rel=\"noopener\">C\u00e9cile de M\u00e9nibus<\/a>, connue pour son espi\u00e8glerie dans \u00ab\u00a0La M\u00e9thode Cauet\u00a0\u00bb (2023-2008) et actuelle voix de Sud Radio. Les journalistes Julie Tome\u00ef, collaboratrice sur \u00ab\u00a050&prime; inside\u00a0\u00bb, et B\u00e9n\u00e9dicte Le Chatelier, \u00e0 la t\u00eate du \u00ab\u00a015-18h\u00a0\u00bb sur LCI, gonfleront \u00e9galement les rangs en apportant leur expertise sur les d\u00e9bats du jour.<\/p>\n<p>Bruce Toussaint se voit, lui aussi, assign\u00e9 d&rsquo;un nouvel \u00e9l\u00e9ment de choix en la personne de <a href=\"https:\/\/www.ozap.com\/actu\/lorie-pester-demain-nous-appartient-et-gary-guenaire-un-si-grand-soleil-bientot-reunis-sur-france-3\/583040\" target=\"_blank\" rel=\"noopener\">Lorie Pester<\/a>. La chanteuse de 43 ans, \u00e9galement au casting du feuilleton \u00ab\u00a0Demain nous appartient\u00a0\u00bb sur la Une, rejoindra l&rsquo;\u00e9quipe d\u00e8s le lundi 5 janvier en tant qu&rsquo;intervenante dans la partie magazine (9h-10h) chaque lundi. La m\u00e8re d&rsquo;une petite fille tiendra une chronique sur la parentalit\u00e9 et les questions familiales.<\/p>\n<p>\u00ab\u00a0Bonjour\u00a0\u00bb tout sourire<\/p>\n<p>Avec sa matinale, TF1 est en train d&rsquo;atteindre son objectif. Alors que \u00ab\u00a0Bonjour!\u00a0\u00bb f\u00eatera ses deux ans d&rsquo;existence le 8 janvier prochain, les dirigeants de la premi\u00e8re cha\u00eene peuvent se f\u00e9liciter des scores d&rsquo;audience enregistr\u00e9s par le concurrent de \u00ab\u00a0T\u00e9l\u00e9matin\u00a0\u00bb. Avec 12,5% d\u2019audience entre septembre et novembre \u00e0 date, la deuxi\u00e8me matinale de France a permis \u00e0 la case de progresser de 8 points compar\u00e9 \u00e0 la m\u00eame p\u00e9riode en 2023, avant l\u2019arriv\u00e9e de l\u2019\u00e9mission. En rempla\u00e7ant \u00ab\u00a0T\u00e9l\u00e9shopping\u00a0\u00bb, dont les audiences d\u00e9clinaient au fil des ann\u00e9es, par une version XXL d&rsquo;un programme sur une dynamique positive, la Une esp\u00e8re \u00ab\u00a0continuer \u00e0 consolider l\u2019audience de la journ\u00e9e\u00a0\u00bb de la cha\u00eene, explique Thierry Thuillier.\u00a0<\/p>\n<p>Pour le seul mois de d\u00e9cembre, \u00ab\u00a0Bonjour !\u00a0\u00bb affiche m\u00eame 13,5 % de PDA de moyenne. \u00ab\u00a0On est au-del\u00e0 de nos objectifs et \u00e9videmment ravi de ces r\u00e9sultats\u00a0\u00bb, se f\u00e9licite le dirigeant, tr\u00e8s satisfait \u00e9galement des progr\u00e8s effectu\u00e9s sur les cibles principales.<\/p>\n<p>        <img decoding=\"async\" class=\"thumb-img-100 thumb-img\" src=\"https:\/\/www.europesays.com\/fr\/wp-content\/uploads\/2025\/12\/3497f0c06cc7786a-320x180-1.jpg\" alt=\"Audiences : 3 mois apr\u00e8s la rentr\u00e9e, quel bilan pour les versions rallong\u00e9es de &quot;Bonjour !&quot; sur TF1 et &quot;T\u00e9l\u00e9matin&quot; sur France 2 ?\" width=\"320\" height=\"180\" loading=\"lazy\" role=\"presentation\"\/><\/p>\n<p>                                            Audiences : 3 mois apr\u00e8s la rentr\u00e9e, quel bilan pour les versions rallong\u00e9es de \u00ab\u00a0Bonjour !\u00a0\u00bb sur TF1 et \u00ab\u00a0T\u00e9l\u00e9matin\u00a0\u00bb sur France 2 ?<\/p>\n<p>        <img decoding=\"async\" class=\"thumb-img-100 thumb-img\" src=\"https:\/\/www.europesays.com\/fr\/wp-content\/uploads\/2025\/12\/0eebb896428dafcb-320x180-1.jpg\" alt=\"&quot;Nous avons des obligations li\u00e9es aux dessins anim\u00e9s&quot; : Bruce Toussaint explique pourquoi &quot;Bonjour!&quot; n'est pas diffus\u00e9e le week-end\" width=\"320\" height=\"180\" loading=\"lazy\" role=\"presentation\"\/><\/p>\n<p>                                            \u00ab\u00a0Nous avons des obligations li\u00e9es aux dessins anim\u00e9s\u00a0\u00bb : Bruce Toussaint explique pourquoi \u00ab\u00a0Bonjour!\u00a0\u00bb n&rsquo;est pas diffus\u00e9e le week-end<\/p>\n<p>        <img decoding=\"async\" class=\"thumb-img-100 thumb-img\" src=\"https:\/\/www.europesays.com\/fr\/wp-content\/uploads\/2025\/12\/f29e6e18f24f5fe6-320x180-1.jpg\" alt=\"Un an apr\u00e8s son d\u00e9part, Karima Charni annonce son retour dans &quot;Bonjour !&quot; sur TF1 pour un nouveau rendez-vous\" width=\"320\" height=\"180\" loading=\"lazy\" role=\"presentation\"\/><\/p>\n<p>                                            Un an apr\u00e8s son d\u00e9part, Karima Charni annonce son retour dans \u00ab\u00a0Bonjour !\u00a0\u00bb sur TF1 pour un nouveau rendez-vous<\/p>\n","protected":false},"excerpt":{"rendered":"Par Rapha\u00ebl Gioia | Journaliste Des go\u00fbters devant le Club Doroth\u00e9e aux soir\u00e9es pizza\/\u00a0\u00bbKoh-Lanta\u00a0\u00bb, il y a quelques&hellip;\n","protected":false},"author":2,"featured_media":625129,"comment_status":"","ping_status":"","sticky":false,"template":"","format":"standard","meta":{"footnotes":""},"categories":[1356],"tags":[58,59,1011,27,252,1364],"class_list":{"0":"post-625128","1":"post","2":"type-post","3":"status-publish","4":"format-standard","5":"has-post-thumbnail","7":"category-television","8":"tag-divertissement","9":"tag-entertainment","10":"tag-fr","11":"tag-france","12":"tag-television","13":"tag-tv"},"share_on_mastodon":{"url":"https:\/\/pubeurope.com\/@fr\/115791320551897998","error":""},"_links":{"self":[{"href":"https:\/\/www.europesays.com\/fr\/wp-json\/wp\/v2\/posts\/625128","targetHints":{"allow":["GET"]}}],"collection":[{"href":"https:\/\/www.europesays.com\/fr\/wp-json\/wp\/v2\/posts"}],"about":[{"href":"https:\/\/www.europesays.com\/fr\/wp-json\/wp\/v2\/types\/post"}],"author":[{"embeddable":true,"href":"https:\/\/www.europesays.com\/fr\/wp-json\/wp\/v2\/users\/2"}],"replies":[{"embeddable":true,"href":"https:\/\/www.europesays.com\/fr\/wp-json\/wp\/v2\/comments?post=625128"}],"version-history":[{"count":0,"href":"https:\/\/www.europesays.com\/fr\/wp-json\/wp\/v2\/posts\/625128\/revisions"}],"wp:featuredmedia":[{"embeddable":true,"href":"https:\/\/www.europesays.com\/fr\/wp-json\/wp\/v2\/media\/625129"}],"wp:attachment":[{"href":"https:\/\/www.europesays.com\/fr\/wp-json\/wp\/v2\/media?parent=625128"}],"wp:term":[{"taxonomy":"category","embeddable":true,"href":"https:\/\/www.europesays.com\/fr\/wp-json\/wp\/v2\/categories?post=625128"},{"taxonomy":"post_tag","embeddable":true,"href":"https:\/\/www.europesays.com\/fr\/wp-json\/wp\/v2\/tags?post=625128"}],"curies":[{"name":"wp","href":"https:\/\/api.w.org\/{rel}","templated":true}]}}