{"id":625130,"date":"2025-12-27T11:34:16","date_gmt":"2025-12-27T11:34:16","guid":{"rendered":"https:\/\/www.europesays.com\/fr\/625130\/"},"modified":"2025-12-27T11:34:16","modified_gmt":"2025-12-27T11:34:16","slug":"celine-dion-signe-la-meilleure-video-de-lannee-en-parodiant-le-grinch-2","status":"publish","type":"post","link":"https:\/\/www.europesays.com\/fr\/625130\/","title":{"rendered":"C\u00e9line Dion signe \u00ab la meilleure vid\u00e9o de l\u2019ann\u00e9e \u00bb en parodiant le Grinch"},"content":{"rendered":"<p class=\"mb-4 text-lg md:leading-8 break-words\"><a data-i13n=\"cpos:1;pos:1\" href=\"https:\/\/www.20minutes.fr\/arts-stars\/culture\/musique\/4174650-20250923-generation-celine-celine-dion-toujours-fait-partie-vie-confie-catherine-pearson?at_medium=RSS%20feed&amp;at_campaign=ynews&amp;utm_source=yahoo&amp;utm_medium=rss&amp;utm_campaign=news_feed&amp;utm_content=in_article_link\" rel=\"nofollow noopener\" target=\"_blank\" data-ylk=\"slk:C\u00e9line Dion;cpos:1;pos:1;elm:context_link;itc:0;sec:content-canvas\" class=\"link \">C\u00e9line Dion<\/a> est de retour. On est tellement contents (\u00e0 prononcer avec l\u2019accent canadien, sinon c\u2019est pas dr\u00f4le). La star a publi\u00e9 une vid\u00e9o hilarante sur <a data-i13n=\"cpos:2;pos:1\" href=\"https:\/\/www.instagram.com\/reel\/DSp1aT5ESGA\/?at_medium=RSS%20feed&amp;at_campaign=ynews&amp;utm_source=yahoo&amp;utm_medium=rss&amp;utm_campaign=news_feed&amp;utm_content=in_article_link\" rel=\"nofollow noopener\" target=\"_blank\" data-ylk=\"slk:son compte Instagram;cpos:2;pos:1;elm:context_link;itc:0;sec:content-canvas\" class=\"link \">son compte Instagram<\/a>, pliant clairement le game des cartes virtuelles de <a data-i13n=\"cpos:3;pos:1\" href=\"https:\/\/www.20minutes.fr\/noel\/?at_medium=RSS%20feed&amp;at_campaign=ynews&amp;utm_source=yahoo&amp;utm_medium=rss&amp;utm_campaign=news_feed&amp;utm_content=in_article_link\" rel=\"nofollow noopener\" target=\"_blank\" data-ylk=\"slk:No\u00ebl;cpos:3;pos:1;elm:context_link;itc:0;sec:content-canvas\" class=\"link \">No\u00ebl<\/a>. M\u00e9tamorphos\u00e9e en Grinch, mais reconnaissable \u00e0 sa voix unique, la chanteuse canadienne livre une parodie du c\u00e9l\u00e8bre film de No\u00ebl Le Grinch, initialement interpr\u00e9t\u00e9 par <a data-i13n=\"cpos:4;pos:1\" href=\"https:\/\/www.20minutes.fr\/arts-stars\/cinema\/cesars\/4176421-20251001-cesar-2026-comedien-americain-jim-carrey-va-recevoir-trophee-honneur?at_medium=RSS%20feed&amp;at_campaign=ynews&amp;utm_source=yahoo&amp;utm_medium=rss&amp;utm_campaign=news_feed&amp;utm_content=in_article_link\" rel=\"nofollow noopener\" target=\"_blank\" data-ylk=\"slk:Jim Carrey;cpos:4;pos:1;elm:context_link;itc:0;sec:content-canvas\" class=\"link \">Jim Carrey<\/a>.<\/p>\n<p class=\"mb-4 text-lg md:leading-8 break-words\">\u00ab All by myself, don\u2019t wanna be, all by myself \u00bb\u2026 C\u2019est en fredonnant son tube plan\u00e9taire que C\u00e9line Dion d\u00e9bute cette vid\u00e9o de No\u00ebl. Grim\u00e9e en vert, elle appara\u00eet devant un immense sapin illumin\u00e9, face \u00e0 un brasero, <a data-i13n=\"cpos:5;pos:1\" href=\"https:\/\/www.20minutes.fr\/tempo\/style\/4183927-20251108-rue-vetements-deco-pourquoi-teckel-partout?at_medium=RSS%20feed&amp;at_campaign=ynews&amp;utm_source=yahoo&amp;utm_medium=rss&amp;utm_campaign=news_feed&amp;utm_content=in_article_link\" rel=\"nofollow noopener\" target=\"_blank\" data-ylk=\"slk:un petit chien;cpos:5;pos:1;elm:context_link;itc:0;sec:content-canvas\" class=\"link \">un petit chien<\/a> dans les bras &#8211; presque comme dans Le Grinch. Puis elle entame l\u2019une des sc\u00e8nes cultes du film de No\u00ebl.<\/p>\n<p class=\"mb-4 text-lg md:leading-8 break-words\">\u00ab Quel culot ! M\u2019inviter \u00e0 la derni\u00e8re minute ! M\u00eame si j\u2019avais envie d\u2019y aller, mon emploi du temps ne me le permettrait pas ! \u00bb, commence l\u2019interpr\u00e8te de Pour que tu m\u2019aimes encore. Vous avez reconnu le monologue du monstre de No\u00ebl ? Et d\u2019encha\u00eener : \u00ab 16 heures, travailler ma voix. 16h30, r\u00e9veiller mes enfants. 17 heures, \u00e9radiquer la faim dans le monde. 17h30, s\u00e9ance de jazzercise. 18h30, d\u00eener avec moi. Impossible d\u2019annuler \u00e7a. 19 heures, explorer mes id\u00e9es. \u00bb Bref, tout le monologue y passe et &#8211; il faut le reconna\u00eetre &#8211; c\u2019est tr\u00e8s dr\u00f4le.<\/p>\n<p class=\"mb-4 text-lg md:leading-8 break-words\">Et la magie op\u00e8re. Vue pr\u00e8s de 2 millions de fois, la vid\u00e9o a r\u00e9gal\u00e9 les fans de C\u00e9line Dion. \u00ab Je pleure \u00bb, \u00ab C\u00e9lrinch Dion \u00bb, \u00ab \u00c7a m\u00e9rite de gagner(&#8230;)<\/p>\n<p class=\"mb-4 text-lg md:leading-8 break-words\"><a data-i13n=\"cpos:6;pos:1\" href=\"https:\/\/www.20minutes.fr\/arts-stars\/people\/4193290-20251226-celine-dion-signe-meilleure-video-annee-parodiant-grinch?at_medium=RSS%20feed&amp;at_campaign=ynews&amp;utm_source=yahoo&amp;utm_medium=rss&amp;utm_campaign=news_feed&amp;utm_content=read_more_link%22\" rel=\"nofollow noopener\" target=\"_blank\" data-ylk=\"slk:Lire la suite sur 20minutes;cpos:6;pos:1;elm:context_link;itc:0;sec:content-canvas\" class=\"link \">Lire la suite sur 20minutes<\/a><\/p>\n<p class=\"mb-4 text-lg md:leading-8 break-words\">\u00c0 lire aussi :<\/p>\n<p class=\"mb-4 text-lg md:leading-8 break-words\"><a data-i13n=\"cpos:7;pos:1\" href=\"https:\/\/www.20minutes.fr\/arts-stars\/culture\/musique\/4174650-20250923-generation-celine-celine-dion-toujours-fait-partie-vie-confie-catherine-pearson?at_medium=RSS%20feed&amp;at_campaign=ynews&amp;utm_source=yahoo&amp;utm_medium=rss&amp;utm_campaign=news_feed&amp;utm_content=related_content_link\" rel=\"nofollow noopener\" target=\"_blank\" data-ylk=\"slk:\u00ab G\u00e9n\u00e9ration C\u00e9line \u00bb : \u00ab C\u00e9line Dion a toujours fait partie de ma vie \u00bb, confie Catherine Pearson;cpos:7;pos:1;elm:context_link;itc:0;sec:content-canvas\" class=\"link \">\u00ab G\u00e9n\u00e9ration C\u00e9line \u00bb : \u00ab C\u00e9line Dion a toujours fait partie de ma vie \u00bb, confie Catherine Pearson<\/a><\/p>\n<p class=\"mb-4 text-lg md:leading-8 break-words\"><a data-i13n=\"cpos:8;pos:1\" href=\"https:\/\/www.20minutes.fr\/arts-stars\/people\/4143927-20250317-gardez-espoir-message-soutien-celine-dion-malades-syndrome-homme-raide?at_medium=RSS%20feed&amp;at_campaign=ynews&amp;utm_source=yahoo&amp;utm_medium=rss&amp;utm_campaign=news_feed&amp;utm_content=related_content_link\" rel=\"nofollow noopener\" target=\"_blank\" data-ylk=\"slk:\u00ab Gardez espoir \u00bb... Le message de C\u00e9line Dion aux malades du syndrome de l\u2019homme raide;cpos:8;pos:1;elm:context_link;itc:0;sec:content-canvas\" class=\"link \">\u00ab Gardez espoir \u00bb&#8230; Le message de C\u00e9line Dion aux malades du syndrome de l\u2019homme raide<\/a><\/p>\n<p><script async src=\"\/\/www.instagram.com\/embed.js\"><\/script><\/p>\n","protected":false},"excerpt":{"rendered":"C\u00e9line Dion est de retour. On est tellement contents (\u00e0 prononcer avec l\u2019accent canadien, sinon c\u2019est pas dr\u00f4le).&hellip;\n","protected":false},"author":2,"featured_media":625131,"comment_status":"","ping_status":"","sticky":false,"template":"","format":"standard","meta":{"footnotes":""},"categories":[1355],"tags":[7043,58,59,73451,1011,27,73453,1361,873,133,73452],"class_list":{"0":"post-625130","1":"post","2":"type-post","3":"status-publish","4":"format-standard","5":"has-post-thumbnail","7":"category-musique","8":"tag-celine-dion","9":"tag-divertissement","10":"tag-entertainment","11":"tag-film-de-noel","12":"tag-fr","13":"tag-france","14":"tag-le-grinch","15":"tag-music","16":"tag-musique","17":"tag-video","18":"tag-video-hilarante"},"share_on_mastodon":{"url":"https:\/\/pubeurope.com\/@fr\/115791322530303715","error":""},"_links":{"self":[{"href":"https:\/\/www.europesays.com\/fr\/wp-json\/wp\/v2\/posts\/625130","targetHints":{"allow":["GET"]}}],"collection":[{"href":"https:\/\/www.europesays.com\/fr\/wp-json\/wp\/v2\/posts"}],"about":[{"href":"https:\/\/www.europesays.com\/fr\/wp-json\/wp\/v2\/types\/post"}],"author":[{"embeddable":true,"href":"https:\/\/www.europesays.com\/fr\/wp-json\/wp\/v2\/users\/2"}],"replies":[{"embeddable":true,"href":"https:\/\/www.europesays.com\/fr\/wp-json\/wp\/v2\/comments?post=625130"}],"version-history":[{"count":0,"href":"https:\/\/www.europesays.com\/fr\/wp-json\/wp\/v2\/posts\/625130\/revisions"}],"wp:featuredmedia":[{"embeddable":true,"href":"https:\/\/www.europesays.com\/fr\/wp-json\/wp\/v2\/media\/625131"}],"wp:attachment":[{"href":"https:\/\/www.europesays.com\/fr\/wp-json\/wp\/v2\/media?parent=625130"}],"wp:term":[{"taxonomy":"category","embeddable":true,"href":"https:\/\/www.europesays.com\/fr\/wp-json\/wp\/v2\/categories?post=625130"},{"taxonomy":"post_tag","embeddable":true,"href":"https:\/\/www.europesays.com\/fr\/wp-json\/wp\/v2\/tags?post=625130"}],"curies":[{"name":"wp","href":"https:\/\/api.w.org\/{rel}","templated":true}]}}