{"id":625137,"date":"2025-12-27T11:39:19","date_gmt":"2025-12-27T11:39:19","guid":{"rendered":"https:\/\/www.europesays.com\/fr\/625137\/"},"modified":"2025-12-27T11:39:19","modified_gmt":"2025-12-27T11:39:19","slug":"top-2025-notre-selection-des-dix-meilleurs-films-de-lannee","status":"publish","type":"post","link":"https:\/\/www.europesays.com\/fr\/625137\/","title":{"rendered":"Top 2025: notre s\u00e9lection des dix meilleurs films de l&rsquo;ann\u00e9e"},"content":{"rendered":"<p>Journaliste sp\u00e9cialiste du 7e art \u00e0 la RTS, Rafael Wolf livre son best-of cin\u00e9ma de l&rsquo;ann\u00e9e. Portraits d&rsquo;une Am\u00e9rique fractur\u00e9e, d&rsquo;une jeunesse en qu\u00eate de libert\u00e9 ou road-trip techno dans le d\u00e9sert marocain, d\u00e9couvrez dix films qui ne vous laisseront pas indiff\u00e9rents.<\/p>\n<p>\u00ab\u00a0Une bataille apr\u00e8s l&rsquo;autre\u00a0\u00bb (\u00ab\u00a0One Battle After Another\u00a0\u00bb) de Paul Thomas Anderson<\/p>\n<p>En orchestrant, sur plus de deux heures trente sid\u00e9rantes de tension, la course-poursuite burlesque entre un ancien r\u00e9volutionnaire d\u00e9sabus\u00e9, un militaire raciste et la fille m\u00e9tisse de l&rsquo;un ou de l&rsquo;autre, Paul Thomas Anderson brosse le portrait le plus jubilatoire de l&rsquo;ann\u00e9e d&rsquo;une Am\u00e9rique tiraill\u00e9e entre ses pulsions fascisantes et ses id\u00e9aux progressistes.<\/p>\n<p>Ou quand le cin\u00e9ma se hisse \u00e0 son firmament.<\/p>\n<p>Contenu externe<\/p>\n<p> Ce contenu externe ne peut pas \u00eatre affich\u00e9 car il est susceptible de collecter des donn\u00e9es personnelles. Pour voir ce contenu vous devez autoriser la cat\u00e9gorie <strong>R\u00e9seaux sociaux<\/strong>. <\/p>\n<p> Accepter Plus d&rsquo;info <\/p>\n<p><strong class=\"inline-title\">&gt;&gt; A lire, la critique du film \u00a0: <\/strong><a href=\"https:\/\/www.rts.ch\/info\/culture\/cinema\/2025\/article\/dicaprio-et-penn-s-affrontent-dans-une-bataille-apres-l-autre-de-anderson-29009192.html\" data-item-id=\"richtext_link\" target=\"_blank\" rel=\"noopener\">\u00ab\u00a0Une bataille apr\u00e8s l&rsquo;autre\u00a0\u00bb de Paul Thomas Anderson, g\u00e9niale fable politique et familiale<\/a><\/p>\n<p>\u00ab\u00a0Mektoub, My Love: Canto Due\u00a0\u00bb d&rsquo;Abdellatif Kechiche<\/p>\n<p>Apr\u00e8s un premier volet d&rsquo;une beaut\u00e9 \u00e9poustouflante et un second rendu invisible \u00e0 cause du scandale qu&rsquo;il a provoqu\u00e9, Abdellatif Kechiche \u00e9vite les sc\u00e8nes sexuelles (trop) attendues et se concentre sur l&rsquo;essentiel, l&rsquo;instant, l&rsquo;ici et le maintenant. Sa cam\u00e9ra filme \u00e0 fleur de peau, capte le moindre fr\u00e9missement des visages et magnifie une jeunesse qui palpite de libert\u00e9.<\/p>\n<p>Plus que virtuose: miraculeux.<\/p>\n<p> &gt;&gt; A \u00e9couter, le film \u00ab\u00a0Mektoub, My Love: Canto Due\u00a0\u00bb en d\u00e9bat dans l&rsquo;\u00e9mission Vertigo\u00a0:    En d\u00e9bat : \u00ab\u00a0Mektoub, My Love\u00a0: Canto Due\u00a0\u00bb d&rsquo;Abdellatif Kechiche \/ Vertigo \/ 5 min. \/ le 3 d\u00e9cembre 2025 <\/p>\n<p><strong class=\"inline-title\">&gt;&gt; A lire aussi\u00a0: <\/strong><a href=\"https:\/\/www.rts.ch\/info\/culture\/cinema\/2025\/article\/kechiche-devoile-mektoub-my-love-canto-due-suite-controversee-et-sensuelle-29080106.html\" data-item-id=\"richtext_link\" target=\"_blank\" rel=\"noopener\">\u00ab\u00a0Mektoub My Love: Canto Due\u00a0\u00bb d&rsquo;Abdellatif Kechiche, la fin de l&rsquo;innocence<\/a><\/p>\n<p>\u00ab\u00a0Oui\u00a0\u00bb de Nadav Lapid<\/p>\n<p>Apr\u00e8s son estomaquant \u00ab\u00a0Genou d&rsquo;Ahed\u00a0\u00bb, le plus critique des cin\u00e9astes isra\u00e9liens revient sur l\u2019apr\u00e8s 7 octobre 2023 et s\u2019interroge sur les fondations m\u00eames de son pays \u00e0 travers un couple de Tel-Aviv lamin\u00e9 par la vulgarit\u00e9 des \u00e9lites.<\/p>\n<p>Un tourbillon enrag\u00e9, \u00e9puisant, d\u00e9senchant\u00e9 o\u00f9 la folie du cin\u00e9ma est seule capable de rendre compte de la folie du monde.<\/p>\n<p> &gt;&gt; A \u00e9couter, un entretien avec Nadav Lapid \u00e0 propos de son film \u00ab\u00a0Oui\u00a0\u00bb\u00a0:   <img decoding=\"async\" class=\"embed-responsive-item\" loading=\"lazy\" src=\"https:\/\/www.europesays.com\/fr\/wp-content\/uploads\/2025\/12\/kc676k-29019017.image\" alt=\"Entretien avec le r\u00e9alisateur et cin\u00e9aste Nadav Lapid\"\/>    Entretien avec le r\u00e9alisateur et cin\u00e9aste Nadav Lapid \/ 19h30 \/ 5 min. \/ le 5 octobre 2025 <\/p>\n<p><strong class=\"inline-title\">&gt;&gt; A lire aussi\u00a0: <\/strong><a href=\"https:\/\/www.rts.ch\/info\/culture\/cinema\/2025\/article\/nadav-lapid-son-film-oui-secoue-les-ames-face-a-l-horreur-en-israel-29019064.html\" data-item-id=\"richtext_link\" target=\"_blank\" rel=\"noopener\">Nadav Lapid: \u00ab\u00a0Avec son bruit et sa fureur, je pense que &lsquo;Oui&rsquo; est fait pour secouer des \u00e2mes\u00a0\u00bb<\/a><\/p>\n<p>\u00ab\u00a0Eddington\u00a0\u00bb d&rsquo;Ari Aster<\/p>\n<p>Cousin d\u00e9g\u00e9n\u00e9r\u00e9 du film \u00ab\u00a0Une bataille apr\u00e8s l&rsquo;autre\u00a0\u00bb, \u00ab\u00a0Eddington\u00a0\u00bb (rest\u00e9 in\u00e9dit en Suisse romande) fait bouillir, dans un lent crescendo, la marmite explosive d&rsquo;une Am\u00e9rique o\u00f9 tout le monde s&rsquo;invective au c\u0153ur d&rsquo;une petite ville en pleine pand\u00e9mie.<\/p>\n<p>Une satire tr\u00e8s cynique, volontairement grotesque, joyeusement foutraque, chant d\u2019adieu \u00e0 une humanit\u00e9 en stade terminal.<\/p>\n<p>Contenu externe<\/p>\n<p> Ce contenu externe ne peut pas \u00eatre affich\u00e9 car il est susceptible de collecter des donn\u00e9es personnelles. Pour voir ce contenu vous devez autoriser la cat\u00e9gorie <strong>R\u00e9seaux sociaux<\/strong>. <\/p>\n<p> Accepter Plus d&rsquo;info <\/p>\n<p>    \u00ab\u00a0Un simple accident\u00a0\u00bb de Jafar Panahi<\/p>\n<p>Palme d\u2019or 2025 au Festival de Cannes, le film de Jafar Panahi r\u00e9ussit \u00e0 livrer un t\u00e9moignage douloureux des horreurs commises au nom de la R\u00e9publique islamique \u00e0 travers un r\u00e9cit \u00e0 la tension digne d\u2019un thriller.\u00a0<\/p>\n<p>Passionnant de bout en bout, le film impose une complexit\u00e9 morale \u00e9poustouflante et incarne ses questionnements dans une mosa\u00efque de personnages \u00e9crits avec une pr\u00e9cision extraordinaire.<\/p>\n<p> &gt;&gt; A voir, un sujet du 19h30 sur le film \u00ab\u00a0Un simple accident\u00a0\u00bb\u00a0:   <img decoding=\"async\" class=\"embed-responsive-item\" loading=\"lazy\" src=\"https:\/\/www.europesays.com\/fr\/wp-content\/uploads\/2025\/12\/erzxy3-29014119.image\" alt=\"&quot;Un simple accident&quot; de Jafar Panahi, palme d'or, un film politique et audacieux\"\/>    \u00ab\u00a0Un simple accident\u00a0\u00bb de Jafar Panahi, palme d&rsquo;or, un film politique et audacieux \/ 19h30 \/ 2 min. \/ le 30 septembre 2025 <\/p>\n<p><strong class=\"inline-title\">&gt;&gt; A lire, la critique du film\u00a0: <\/strong><a href=\"https:\/\/www.rts.ch\/info\/culture\/cinema\/2025\/article\/jafar-panahi-un-simple-accident-thriller-iranien-prime-a-cannes-29013690.html\" data-item-id=\"richtext_link\" target=\"_blank\" rel=\"noopener\">Avec \u00ab\u00a0Un simple accident\u00a0\u00bb, Jafar Panahi transforme un petit incident en thriller haletant<\/a><\/p>\n<p>\u00ab\u00a0Sir\u0101t\u00a0\u00bb d&rsquo;Oliver Laxe<\/p>\n<p>Accompagn\u00e9 par son jeune fils, un p\u00e8re qui recherche sa fille a\u00een\u00e9e croise un groupe de ravers et embarque pour un road trip dans le d\u00e9sert marocain.<\/p>\n<p>Envo\u00fbtant, planant, hypnotique, quelque part entre \u00ab\u00a0Le convoi de la peur\u00a0\u00bb et \u00ab\u00a0Mad Max: Fury Road\u00a0\u00bb, \u00ab\u00a0Sirat\u00a0\u00bb, Prix du jury \u00e0 Cannes, \u00ab\u00a0Sir\u0101t\u00a0\u00bb adopte des airs de transe mystique au milieu d\u2019un paysage calcaire, ultime danse, rythm\u00e9e par la musique \u00e9lectronique, d\u2019une humanit\u00e9 qui roule vers nulle part.<\/p>\n<p> &gt;&gt; A voir, un sujet du 19h30 sur le film \u00ab\u00a0Sir\u00e2t\u00a0\u00bb\u00a0:   <img decoding=\"async\" class=\"embed-responsive-item\" loading=\"lazy\" src=\"https:\/\/www.europesays.com\/fr\/wp-content\/uploads\/2025\/12\/x03up-28996878.image\" alt=\"&quot;Sir\u00e2t&quot;, le prix du jury \u00e0 Cannes, le film choc de la rentr\u00e9e\"\/>    \u00ab\u00a0Sir\u00e2t\u00a0\u00bb, le prix du jury \u00e0 Cannes, le film choc de la rentr\u00e9e \/ 19h30 \/ 1 min. \/ le 12 septembre 2025 <\/p>\n<p><strong class=\"inline-title\">&gt;&gt; A lire, la critique du film\u00a0: <\/strong><a href=\"https:\/\/www.rts.ch\/info\/culture\/cinema\/2025\/article\/sirat-road-trip-mystique-dans-le-desert-marocain-recompense-a-cannes-28994302.html\" data-item-id=\"richtext_link\" target=\"_blank\" rel=\"noopener\">\u00ab\u00a0Sir\u00e2t\u00a0\u00bb d\u2019Oliver Laxe, un road-trip mystique dans le d\u00e9sert marocain<\/a><\/p>\n<p>\u00ab\u00a0Nouvelle vague\u00a0\u00bb de Richard Linklater<\/p>\n<p>En reconstituant tr\u00e8s librement le tournage du mythique \u00ab\u00a0A bout de souffle\u00a0\u00bb de Jean-Luc Godard, le r\u00e9alisateur Richard Linklater \u00e9vite autant le mim\u00e9tisme que l&rsquo;hommage poussi\u00e9reux.<\/p>\n<p>Un film en \u00e9tat de gr\u00e2ce, port\u00e9 par des com\u00e9diens merveilleux de fra\u00eecheur, qui s\u2019affirme comme une d\u00e9claration de foi vibrante et sublime \u00e0 l\u2019instantan\u00e9it\u00e9, \u00e0 l\u2019audace et \u00e0 la libert\u00e9 du cin\u00e9ma dans sa forme la plus pure.<\/p>\n<p> &gt;&gt; A \u00e9couter, le film \u00ab\u00a0Nouvelle vague\u00a0\u00bb en d\u00e9bat dans l&rsquo;\u00e9mission Vertigo\u00a0:    Nouvelle vague de Richard Linklater \/ Vertigo \/ 5 min. \/ le 8 octobre 2025 <\/p>\n<p><strong class=\"inline-title\">&gt;&gt; A lire aussi\u00a0: <\/strong><a href=\"https:\/\/www.rts.ch\/info\/culture\/cinema\/2025\/article\/nouvelle-vague-linklater-ressuscite-godard-et-le-paris-de-1959-au-cinema-29021015.html\" data-item-id=\"richtext_link\" target=\"_blank\" rel=\"noopener\">Godard ressuscit\u00e9 dans le fascinant \u00ab\u00a0Nouvelle vague\u00a0\u00bb du r\u00e9alisateur Richard Linklater<\/a><\/p>\n<p>\u00ab\u00a0La chambre d&rsquo;\u00e0 c\u00f4t\u00e9\u00a0\u00bb de Pedro Almod\u00f3var<\/p>\n<p>Pour son premier film tourn\u00e9 en anglais, Pedro Almod\u00f3var r\u00e9unit Julianne Moore et Tilda Swinton dans un r\u00e9cit de mort et d\u2019amiti\u00e9 d\u00e9lest\u00e9 de tout pathos.<\/p>\n<p>Un drame en sourdine, \u00e9pur\u00e9, habit\u00e9 par les tableaux d\u2019Edward Hopper et par \u00ab\u00a0Les gens de Dublin\u00a0\u00bb de James Joyce, dans lequel la vie et l\u2019art, le pass\u00e9 et le pr\u00e9sent, les vivants et les morts se confondent avec une gr\u00e2ce et une d\u00e9licatesse bouleversante.<\/p>\n<p>Contenu externe<\/p>\n<p> Ce contenu externe ne peut pas \u00eatre affich\u00e9 car il est susceptible de collecter des donn\u00e9es personnelles. Pour voir ce contenu vous devez autoriser la cat\u00e9gorie <strong>R\u00e9seaux sociaux<\/strong>. <\/p>\n<p> Accepter Plus d&rsquo;info <\/p>\n<p><strong class=\"inline-title\">&gt;&gt; A lire, la critique du film\u00a0: <\/strong><a href=\"https:\/\/www.rts.ch\/info\/culture\/cinema\/2025\/article\/almodovar-explore-la-mort-dans-la-chambre-d-a-cote-avec-julianne-moore-et-tilda-swinton-28749720.html\" data-item-id=\"richtext_link\" target=\"_blank\" rel=\"noopener\">Pedro Almodovar voit la mort en jaune dans \u00ab\u00a0La chambre d&rsquo;\u00e0 c\u00f4t\u00e9\u00a0\u00bb<\/a><\/p>\n<p>\u00ab\u00a0La trilogie d&rsquo;Oslo: amour\u00a0\u00bb de Dag Johan Haugerud<\/p>\n<p>Aux c\u00f4t\u00e9s de \u00ab\u00a0R\u00eave\u00a0\u00bb et \u00ab\u00a0D\u00e9sir\u00a0\u00bb, \u00ab\u00a0Amour\u00a0\u00bb appara\u00eet comme le volet le plus riche et le plus \u00e9mouvant de cette trilogie tr\u00e8s rohmerienne aux dialogues intensifs. Baignant dans la lumi\u00e8re chaude d\u2019Oslo, naviguant au rythme des allers-retours en ferry, le film dynamite les clich\u00e9s et explore les aspirations amoureuses et sexuelles d\u2019une galerie de personnages qui ouvrent le champ \u00e0 tous les possibles.<\/p>\n<p>Une ode magnifique \u00e0 la libert\u00e9, \u00e0 l\u2019h\u00e9donisme et au pr\u00e9sent.<\/p>\n<p>Contenu externe<\/p>\n<p> Ce contenu externe ne peut pas \u00eatre affich\u00e9 car il est susceptible de collecter des donn\u00e9es personnelles. Pour voir ce contenu vous devez autoriser la cat\u00e9gorie <strong>R\u00e9seaux sociaux<\/strong>. <\/p>\n<p> Accepter Plus d&rsquo;info <\/p>\n<p>    \u00ab\u00a0Sinners\u00a0\u00bb de Ryan Coogler<\/p>\n<p>Dans une ann\u00e9e tr\u00e8s faible en blockbusters r\u00e9ussis, cette plong\u00e9e au c\u0153ur du Mississippi, en 1932, s\u2019est av\u00e9r\u00e9e la grosse production la plus r\u00e9jouissante, la plus jouissive et la plus dingue de 2025.<\/p>\n<p>Aussi torride que saignant, un m\u00e9lange \u00e9tonnant de film musical endiabl\u00e9, de film de vampire et de critique du racisme et de l\u2019appropriation culturelle.<\/p>\n<p>Contenu externe<\/p>\n<p> Ce contenu externe ne peut pas \u00eatre affich\u00e9 car il est susceptible de collecter des donn\u00e9es personnelles. Pour voir ce contenu vous devez autoriser la cat\u00e9gorie <strong>R\u00e9seaux sociaux<\/strong>. <\/p>\n<p> Accepter Plus d&rsquo;info <\/p>\n<p class=\"sources\">aq<\/p>\n<p class=\"article-footnote\">Vous aimez le cin\u00e9ma, d\u00e9couvrez le d\u00e9bat cin\u00e9ma diffus\u00e9 les mercredis dans l&rsquo;\u00e9mission<a href=\"https:\/\/www.rts.ch\/audio-podcast\/2012\/emission\/vertigo-25000328.html\" data-item-id=\"richtext_link\" target=\"_blank\" rel=\"noopener\"> \u00ab\u00a0Vertigo\u00a0\u00bb<\/a><\/p>\n","protected":false},"excerpt":{"rendered":"Journaliste sp\u00e9cialiste du 7e art \u00e0 la RTS, Rafael Wolf livre son best-of cin\u00e9ma de l&rsquo;ann\u00e9e. Portraits d&rsquo;une&hellip;\n","protected":false},"author":2,"featured_media":625138,"comment_status":"","ping_status":"","sticky":false,"template":"","format":"standard","meta":{"footnotes":""},"categories":[8],"tags":[44438,119,253,3734,1693,650,7257,3983,58,59,2081,1011,27,73454,4075,27870,56559,9026,4233,73455],"class_list":{"0":"post-625137","1":"post","2":"type-post","3":"status-publish","4":"format-standard","5":"has-post-thumbnail","7":"category-divertissement","8":"tag-abdellatif-kechiche","9":"tag-accident","10":"tag-acteur","11":"tag-art","12":"tag-arts-et-divertissement","13":"tag-cinema","14":"tag-critique","15":"tag-deces","16":"tag-divertissement","17":"tag-entertainment","18":"tag-film","19":"tag-fr","20":"tag-france","21":"tag-jafar-panahi","22":"tag-jeunesse","23":"tag-liberte","24":"tag-paul-thomas-anderson","25":"tag-portrait","26":"tag-realisateur","27":"tag-richard-linklater"},"share_on_mastodon":{"url":"https:\/\/pubeurope.com\/@fr\/115791343496543528","error":""},"_links":{"self":[{"href":"https:\/\/www.europesays.com\/fr\/wp-json\/wp\/v2\/posts\/625137","targetHints":{"allow":["GET"]}}],"collection":[{"href":"https:\/\/www.europesays.com\/fr\/wp-json\/wp\/v2\/posts"}],"about":[{"href":"https:\/\/www.europesays.com\/fr\/wp-json\/wp\/v2\/types\/post"}],"author":[{"embeddable":true,"href":"https:\/\/www.europesays.com\/fr\/wp-json\/wp\/v2\/users\/2"}],"replies":[{"embeddable":true,"href":"https:\/\/www.europesays.com\/fr\/wp-json\/wp\/v2\/comments?post=625137"}],"version-history":[{"count":0,"href":"https:\/\/www.europesays.com\/fr\/wp-json\/wp\/v2\/posts\/625137\/revisions"}],"wp:featuredmedia":[{"embeddable":true,"href":"https:\/\/www.europesays.com\/fr\/wp-json\/wp\/v2\/media\/625138"}],"wp:attachment":[{"href":"https:\/\/www.europesays.com\/fr\/wp-json\/wp\/v2\/media?parent=625137"}],"wp:term":[{"taxonomy":"category","embeddable":true,"href":"https:\/\/www.europesays.com\/fr\/wp-json\/wp\/v2\/categories?post=625137"},{"taxonomy":"post_tag","embeddable":true,"href":"https:\/\/www.europesays.com\/fr\/wp-json\/wp\/v2\/tags?post=625137"}],"curies":[{"name":"wp","href":"https:\/\/api.w.org\/{rel}","templated":true}]}}