{"id":625144,"date":"2025-12-27T11:43:09","date_gmt":"2025-12-27T11:43:09","guid":{"rendered":"https:\/\/www.europesays.com\/fr\/625144\/"},"modified":"2025-12-27T11:43:09","modified_gmt":"2025-12-27T11:43:09","slug":"cette-erreur-dangereuse-apres-les-fetes-et-les-idees-meconnues-pour-lui-donner-une-vraie-seconde-vie","status":"publish","type":"post","link":"https:\/\/www.europesays.com\/fr\/625144\/","title":{"rendered":"cette erreur dangereuse apr\u00e8s les f\u00eates et les id\u00e9es m\u00e9connues pour lui donner une vraie seconde vie"},"content":{"rendered":"<p itemprop=\"description\">Une fois les f\u00eates termin\u00e9es, votre sapin<br \/>\nde No\u00ebl peut devenir source de risques\u2026 ou de bonnes surprises pour<br \/>\nla plan\u00e8te. Entre s\u00e9curit\u00e9, recyclage et id\u00e9es cr\u00e9atives, que<br \/>\npeut-on vraiment en faire sans se tromper ?<\/p>\n<p>Les guirlandes sont rang\u00e9es, les cadeaux ouverts, et au milieu<br \/>\ndu salon reste ce grand invit\u00e9 qui perd ses aiguilles : le sapin de<br \/>\nNo\u00ebl. Beaucoup se demandent alors que faire d\u00a0\u00bbun sapin de No\u00ebl<br \/>\napr\u00e8s No\u00ebl, entre tentation de le laisser sur le trottoir ou de<br \/>\nl\u2019achever dans la chemin\u00e9e.<\/p>\n<p>Derri\u00e8re ce simple choix se cachent pourtant des enjeux de<br \/>\ns\u00e9curit\u00e9 et d\u2019environnement, mais aussi une foule d\u2019id\u00e9es pratiques<br \/>\npour lui offrir une seconde vie utile au jardin comme \u00e0 la maison.<br \/>\nEt certaines sont assez surprenantes pour donner envie de garder<br \/>\nson arbre un peu plus longtemps.<\/p>\n<p>Pourquoi votre sapin de No\u00ebl m\u00e9rite mieux apr\u00e8s les f\u00eates<\/p>\n<p>Un sapin naturel n\u2019est pas un arbre arrach\u00e9 en for\u00eat, mais une<br \/>\nculture agricole sp\u00e9cifique, plant\u00e9e pour quelques ann\u00e9es puis<br \/>\nremplac\u00e9e. Il est enti\u00e8rement biod\u00e9gradable et facilement<br \/>\nvalorisable. \u00c0 l\u2019inverse, un sapin artificiel en plastique est issu<br \/>\nde d\u00e9riv\u00e9s du p\u00e9trole et reste difficile \u00e0 recycler. La soci\u00e9t\u00e9<br \/>\ncanadienne Ellipsos r\u00e9sume ainsi son \u00e9tude de cycle de vie :<br \/>\n\u00ab\u00a0l\u2019arbre artificiel dont la dur\u00e9e de vie moyenne est de 6 ans,<br \/>\ncontribuerait trois fois plus aux changements climatiques et \u00e0<br \/>\nl\u2019\u00e9puisement des ressources que l\u2019arbre naturel. Les impacts<br \/>\nn\u00e9gatifs du sapin artificiel sur le changement climatique se<br \/>\nproduisent essentiellement \u00e0 l\u2019\u00e9tape de sa production. R\u00e9utilisable<br \/>\npendant plusieurs ann\u00e9es, il faudrait toutefois le conserver 20 ans<br \/>\npour que son impact sur la plan\u00e8te soit plus favorable que le<br \/>\nnaturel\u00a0\u00bb.<\/p>\n<p>Pour un sapin coup\u00e9, la premi\u00e8re option reste les fili\u00e8res<br \/>\nofficielles de <strong>recyclage du sapin de No\u00ebl<\/strong> :<br \/>\nd\u00e9ch\u00e8teries, bennes \u00e0 d\u00e9chets verts et <strong>points de<br \/>\ncollecte<\/strong> organis\u00e9s par les communes. Les arbres y sont<br \/>\nbroy\u00e9s puis transform\u00e9s en paillage ou en compost pour les espaces<br \/>\nverts. Pour s\u2019y retrouver rapidement, on peut raisonner ainsi :<\/p>\n<ul>\n<li>En appartement sans jardin : d\u00e9p\u00f4t au point de collecte ou en<br \/>\nd\u00e9ch\u00e8terie.<\/li>\n<li>Avec un jardin mais sans broyeur : branches enti\u00e8res pour<br \/>\nprot\u00e9ger le sol.<\/li>\n<li>Avec un broyeur : copeaux pour paillage du potager ou du<br \/>\nverger.<\/li>\n<li>Sapin en pot bien vivant : tentative de replantation au<br \/>\njardin.<\/li>\n<\/ul>\n<p>Les gestes \u00e0 \u00e9viter avec un sapin de No\u00ebl apr\u00e8s No\u00ebl<\/p>\n<p>Br\u00fbler son sapin dans la chemin\u00e9e semble pratique et \u00e9conomique,<br \/>\nsurtout quand il est bien sec. En r\u00e9alit\u00e9, c\u2019est une fausse bonne<br \/>\nid\u00e9e. La r\u00e9sine s\u2019enflamme tr\u00e8s brusquement, provoquant des flammes<br \/>\nhautes et difficiles \u00e0 contr\u00f4ler, et les aiguilles s\u00e8ches partent<br \/>\nen une gerbe d\u2019\u00e9tincelles. Cette combustion violente encrasse aussi<br \/>\nle conduit en suie et en cr\u00e9osote, un d\u00e9p\u00f4t collant qui favorise<br \/>\nles feux de chemin\u00e9e. Les services de secours rapportent chaque<br \/>\nhiver une nette hausse des incendies domestiques apr\u00e8s les f\u00eates \u00e0<br \/>\ncause de combustibles inadapt\u00e9s comme le sapin de No\u00ebl : un risque<br \/>\nbien r\u00e9el et vite incontrolable dans un po\u00eale ou un foyer<br \/>\nint\u00e9rieur.<\/p>\n<p>Autres r\u00e9flexes \u00e0 proscrire : abandonner son sapin sur un<br \/>\ntrottoir hors p\u00e9riode de collecte, ou le jeter dans un bois \u00ab\u00a0pour<br \/>\nqu\u2019il se d\u00e9compose\u00a0\u00bb. Ces d\u00e9p\u00f4ts sauvages restent consid\u00e9r\u00e9s comme<br \/>\ndes d\u00e9chets et peuvent \u00eatre sanctionn\u00e9s par une amende. Un dernier<br \/>\ncas \u00e0 conna\u00eetre : les sapins floqu\u00e9s ou recouverts de neige<br \/>\nartificielle ne peuvent pas \u00eatre broy\u00e9s avec les d\u00e9chets verts. Ils<br \/>\ndoivent \u00eatre orient\u00e9s vers la poubelle r\u00e9siduelle si la commune le<br \/>\npr\u00e9cise, et non vers les bennes \u00e0 v\u00e9g\u00e9taux.<\/p>\n<p>Recycler son sapin de No\u00ebl au jardin et \u00e0 la maison<\/p>\n<p>Pour ceux qui ont un ext\u00e9rieur, le sapin devient un pr\u00e9cieux<br \/>\nalli\u00e9. Les branches \u00e9tal\u00e9es sur les massifs forment une couverture<br \/>\nisolante contre le gel et les alternances gel\/d\u00e9gel, tout en<br \/>\nlimitant l\u2019\u00e9rosion du sol. Broy\u00e9es, elles donnent un<br \/>\n<strong>paillage<\/strong> qui garde l\u2019humidit\u00e9, freine les<br \/>\nmauvaises herbes et am\u00e9liore peu \u00e0 peu la structure des sols<br \/>\nlourds. M\u00eame sans broyeur, on peut couper le tronc et les grosses<br \/>\nbranches en sections et les laisser se d\u00e9composer doucement ou les<br \/>\nglisser en fine couche dans le compost.<\/p>\n<p>Install\u00e9 debout au jardin, bien cal\u00e9, le vieux sapin devient<br \/>\naussi un refuge pour les oiseaux si l\u2019on y accroche boules de<br \/>\ngraisse et petites mangeoires : les branches denses les prot\u00e8gent<br \/>\ndu vent et des pr\u00e9dateurs. Le tronc peut servir de tuteur pour<br \/>\nharicots, pois ou concombres, ou \u00eatre d\u00e9coup\u00e9 en rondelles pour<br \/>\nfabriquer des sous-verres et petites d\u00e9corations. Pour ceux qui<br \/>\ndisposent d\u2019un foyer ext\u00e9rieur, le bois peut \u00eatre br\u00fbl\u00e9 dehors,<br \/>\npuis les cendres de bois propre \u00e9pandues en tr\u00e8s petite quantit\u00e9 au<br \/>\npied des cultures pour apporter un peu de potassium. Et si le sapin<br \/>\n\u00e9tait en motte, rest\u00e9 peu de temps au chaud, il peut \u00eatre replant\u00e9<br \/>\nen pleine terre, apr\u00e8s avoir pr\u00e9par\u00e9 le trou avant le gel et<br \/>\nl\u2019avoir r\u00e9habitu\u00e9 progressivement au froid, pour devenir un<br \/>\nconif\u00e8re \u00e0 part enti\u00e8re dans votre jardinpeut-\u00eatre pour de<br \/>\nnombreuses ann\u00e9es.<\/p>\n","protected":false},"excerpt":{"rendered":"Une fois les f\u00eates termin\u00e9es, votre sapin de No\u00ebl peut devenir source de risques\u2026 ou de bonnes surprises&hellip;\n","protected":false},"author":2,"featured_media":625145,"comment_status":"","ping_status":"","sticky":false,"template":"","format":"standard","meta":{"footnotes":""},"categories":[4],"tags":[11,13037,1011,27,12,15830,73456,3887,25,65070],"class_list":{"0":"post-625144","1":"post","2":"type-post","3":"status-publish","4":"format-standard","5":"has-post-thumbnail","7":"category-france","8":"tag-actualites","9":"tag-compost","10":"tag-fr","11":"tag-france","12":"tag-news","13":"tag-noel","14":"tag-paillage","15":"tag-recyclage","16":"tag-republique-francaise","17":"tag-sapin-de-noel"},"share_on_mastodon":{"url":"https:\/\/pubeurope.com\/@fr\/115791357868534879","error":""},"_links":{"self":[{"href":"https:\/\/www.europesays.com\/fr\/wp-json\/wp\/v2\/posts\/625144","targetHints":{"allow":["GET"]}}],"collection":[{"href":"https:\/\/www.europesays.com\/fr\/wp-json\/wp\/v2\/posts"}],"about":[{"href":"https:\/\/www.europesays.com\/fr\/wp-json\/wp\/v2\/types\/post"}],"author":[{"embeddable":true,"href":"https:\/\/www.europesays.com\/fr\/wp-json\/wp\/v2\/users\/2"}],"replies":[{"embeddable":true,"href":"https:\/\/www.europesays.com\/fr\/wp-json\/wp\/v2\/comments?post=625144"}],"version-history":[{"count":0,"href":"https:\/\/www.europesays.com\/fr\/wp-json\/wp\/v2\/posts\/625144\/revisions"}],"wp:featuredmedia":[{"embeddable":true,"href":"https:\/\/www.europesays.com\/fr\/wp-json\/wp\/v2\/media\/625145"}],"wp:attachment":[{"href":"https:\/\/www.europesays.com\/fr\/wp-json\/wp\/v2\/media?parent=625144"}],"wp:term":[{"taxonomy":"category","embeddable":true,"href":"https:\/\/www.europesays.com\/fr\/wp-json\/wp\/v2\/categories?post=625144"},{"taxonomy":"post_tag","embeddable":true,"href":"https:\/\/www.europesays.com\/fr\/wp-json\/wp\/v2\/tags?post=625144"}],"curies":[{"name":"wp","href":"https:\/\/api.w.org\/{rel}","templated":true}]}}