{"id":625152,"date":"2025-12-27T11:48:16","date_gmt":"2025-12-27T11:48:16","guid":{"rendered":"https:\/\/www.europesays.com\/fr\/625152\/"},"modified":"2025-12-27T11:48:16","modified_gmt":"2025-12-27T11:48:16","slug":"au-bistrot-du-coin-a-la-brasserie-du-sacre-coeur","status":"publish","type":"post","link":"https:\/\/www.europesays.com\/fr\/625152\/","title":{"rendered":"au bistrot du coin, \u00e0 La Brasserie du Sacr\u00e9-C\u0153ur"},"content":{"rendered":"<p>\u00ab\u00a0Ici, c\u2019est un caf\u00e9 vintage, o\u00f9 l\u2019on utilise de vieilles expressions fran\u00e7aises comme Bonjour, Bonsoir, Merci\u00a0!\u00a0\u00bb L\u2019ardoise accroch\u00e9e \u00e0 la fen\u00eatre est claire\u00a0: Ici on a des principes, et l\u2019humour en prime\u00a0!<\/p>\n<p>Dans ce bistrot am\u00e9nag\u00e9 au rez-de-chauss\u00e9e d\u2019une maison de ville d\u00e9but XXe , une pin-up s\u2019affiche sur la porte des W.-C., les Tontons flingueurs d\u00e9gustent leur gn\u00f4le au mur, le zinc est&#8230;<\/p>\n","protected":false},"excerpt":{"rendered":"\u00ab\u00a0Ici, c\u2019est un caf\u00e9 vintage, o\u00f9 l\u2019on utilise de vieilles expressions fran\u00e7aises comme Bonjour, Bonsoir, Merci\u00a0!\u00a0\u00bb L\u2019ardoise accroch\u00e9e&hellip;\n","protected":false},"author":2,"featured_media":625153,"comment_status":"","ping_status":"","sticky":false,"template":"","format":"standard","meta":{"footnotes":""},"categories":[9635],"tags":[1111,11,4406,33,1704,1777,674,1011,27,775,1702,1703,12,25],"class_list":{"0":"post-625152","1":"post","2":"type-post","3":"status-publish","4":"format-standard","5":"has-post-thumbnail","7":"category-nancy","8":"tag-actu","9":"tag-actualites","10":"tag-commerce-et-services","11":"tag-economie","12":"tag-edition-nancy-et-agglomeration","13":"tag-eu","14":"tag-europe","15":"tag-fr","16":"tag-france","17":"tag-grand-est","18":"tag-nancy","19":"tag-nancy-ville-54b","20":"tag-news","21":"tag-republique-francaise"},"share_on_mastodon":{"url":"https:\/\/pubeurope.com\/@fr\/115791377530864436","error":""},"_links":{"self":[{"href":"https:\/\/www.europesays.com\/fr\/wp-json\/wp\/v2\/posts\/625152","targetHints":{"allow":["GET"]}}],"collection":[{"href":"https:\/\/www.europesays.com\/fr\/wp-json\/wp\/v2\/posts"}],"about":[{"href":"https:\/\/www.europesays.com\/fr\/wp-json\/wp\/v2\/types\/post"}],"author":[{"embeddable":true,"href":"https:\/\/www.europesays.com\/fr\/wp-json\/wp\/v2\/users\/2"}],"replies":[{"embeddable":true,"href":"https:\/\/www.europesays.com\/fr\/wp-json\/wp\/v2\/comments?post=625152"}],"version-history":[{"count":0,"href":"https:\/\/www.europesays.com\/fr\/wp-json\/wp\/v2\/posts\/625152\/revisions"}],"wp:featuredmedia":[{"embeddable":true,"href":"https:\/\/www.europesays.com\/fr\/wp-json\/wp\/v2\/media\/625153"}],"wp:attachment":[{"href":"https:\/\/www.europesays.com\/fr\/wp-json\/wp\/v2\/media?parent=625152"}],"wp:term":[{"taxonomy":"category","embeddable":true,"href":"https:\/\/www.europesays.com\/fr\/wp-json\/wp\/v2\/categories?post=625152"},{"taxonomy":"post_tag","embeddable":true,"href":"https:\/\/www.europesays.com\/fr\/wp-json\/wp\/v2\/tags?post=625152"}],"curies":[{"name":"wp","href":"https:\/\/api.w.org\/{rel}","templated":true}]}}