{"id":62516,"date":"2025-04-29T19:09:17","date_gmt":"2025-04-29T19:09:17","guid":{"rendered":"https:\/\/www.europesays.com\/fr\/62516\/"},"modified":"2025-04-29T19:09:17","modified_gmt":"2025-04-29T19:09:17","slug":"un-bureau-de-tabac-incendie-en-plein-jour","status":"publish","type":"post","link":"https:\/\/www.europesays.com\/fr\/62516\/","title":{"rendered":"un bureau de tabac incendi\u00e9 en plein jour"},"content":{"rendered":"<p>            Par<br \/>\n        <strong><br \/>\n            <a href=\"https:\/\/actu.fr\/auteur\/lisa-rodrigues\" title=\"Consulter tous les articles de Lisa Rodrigues\" rel=\"nofollow noopener\" target=\"_blank\">Lisa Rodrigues<\/a><br \/>\n        <\/strong><\/p>\n<p>        Publi\u00e9 le<\/p>\n<p>            29 avr. 2025 \u00e0 18h11        <\/p>\n<p>Les faits sont survenus en milieu d\u2019apr\u00e8s-midi, ce mardi 29 avril 2025, en plein c\u0153ur d\u2019une zone commerciale \u00e0 <a href=\"https:\/\/actu.fr\/auvergne-rhone-alpes\/echirolles_38151\" rel=\"nofollow noopener\" target=\"_blank\">\u00c9chirolles<\/a>, pr\u00e8s de Grenoble, rue Gallil\u00e9e.<\/p>\n<p>    <a href=\"https:\/\/www.google.com\/maps\/embed?pb=!1m18!1m12!1m3!1d703.6035961737331!2d5.715118175926905!3d45.13820156106756!2m3!1f0!2f0!3f0!3m2!1i1024!2i768!4f13.1!3m3!1m2!1s0x478a8b42fbdffdd9%3A0x7e42eba2a5348fb5!2sTabac%20Village%202!5e0!3m2!1sfr!2sfr!4v1745941994986!5m2!1sfr!2sfr\" title=\"Ouvrie le lien\" rel=\"nofollow noopener\" target=\"_blank\">Cliquez ici pour visualiser le contenu<\/a><\/p>\n<p class=\" wall-content\">Il \u00e9tait presque 13 heures, quand <strong>deux hommes cagoul\u00e9s<\/strong> ont fait irruption dans un bureau de tabac dans le quartier du Village 2, un <strong>bidon d\u2019essence \u00e0 la main<\/strong>, selon les informations recueillies par <a href=\"https:\/\/c.ledauphine.com\/faits-divers-justice\/2025\/04\/29\/un-incendie-dans-un-bureau-de-tabac-a-echirolles\" rel=\"nofollow noopener\" target=\"_blank\">Le Dauphin\u00e9 Lib\u00e9r\u00e9<\/a> et confirm\u00e9es par la direction interd\u00e9partementale de la police nationale \u00e0 actu Grenoble.\u00a0<\/p>\n<p>Pas de bless\u00e9s<\/p>\n<p class=\" wall-content\">Apr\u00e8s avoir pr\u00e9alablement fait sortir les personnes pr\u00e9sentes \u00e0 l\u2019int\u00e9rieur, les individus ont mis le feu au commerce. Selon les forces de l\u2019ordre, ils ont \u00e9galement \u00ab\u00a0d\u00e9rob\u00e9 quelques articles avant de <strong>lancer un cocktail Molotov<\/strong>\u00a0\u00bb \u00e0 l\u2019int\u00e9rieur, puis de prendre la fuite.<\/p>\n<p class=\" wall-content\">Le sinistre a pu \u00eatre rapidement \u00e9teint par les sapeurs-pompiers, au moyen de deux lances. Malgr\u00e9 la proximit\u00e9 avec d\u2019autres locaux commerciaux, un immeuble d\u2019habitation et une cr\u00e8che, <strong>aucun bless\u00e9<\/strong> n\u2019est \u00e0 d\u00e9plorer.<\/p>\n<p>Vid\u00e9os : en ce moment sur Actu<\/p>\n<p class=\" wall-content\">En revanche, le bureau de tabac, lui, est d\u00e9truit. Trois personnes sont au ch\u00f4mage technique.<\/p>\n<p class=\" wall-content\">Une enqu\u00eate a \u00e9t\u00e9 imm\u00e9diatement ouverte pour retrouver les mis en cause et comprendre leurs motivations.<\/p>\n<p class=\" wall-content\">Suivez toute l\u2019actualit\u00e9 de vos villes et m\u00e9dias favoris en vous inscrivant \u00e0 <a href=\"https:\/\/moncompte.actu.fr\" title=\"D\u00e9couvez Mon Actu\" rel=\"nofollow noopener\" data-trk=\"{&quot;cta&quot;:{&quot;action&quot;:&quot;https:\\\/\\\/moncompte.actu.fr&quot;,&quot;category&quot;:&quot;mon compte&quot;,&quot;from&quot;:&quot;article footer&quot;,&quot;name&quot;:&quot;Mon actu&quot;,&quot;type&quot;:&quot;cta&quot;}}\" target=\"_blank\">Mon Actu<\/a>.<\/p>\n","protected":false},"excerpt":{"rendered":"Par Lisa Rodrigues Publi\u00e9 le 29 avr. 2025 \u00e0 18h11 Les faits sont survenus en milieu d\u2019apr\u00e8s-midi, ce&hellip;\n","protected":false},"author":2,"featured_media":62517,"comment_status":"","ping_status":"","sticky":false,"template":"","format":"standard","meta":{"footnotes":""},"categories":[9566],"tags":[1111,11,2430,1777,674,118,1011,27,2731,1310,12,1072,25,6582],"class_list":{"0":"post-62516","1":"post","2":"type-post","3":"status-publish","4":"format-standard","5":"has-post-thumbnail","7":"category-grenoble","8":"tag-actu","9":"tag-actualites","10":"tag-auvergne-rhone-alpes","11":"tag-eu","12":"tag-europe","13":"tag-faits-divers","14":"tag-fr","15":"tag-france","16":"tag-grenoble","17":"tag-incendie","18":"tag-news","19":"tag-police","20":"tag-republique-francaise","21":"tag-tabac"},"share_on_mastodon":{"url":"https:\/\/pubeurope.com\/@fr\/114422832539854007","error":""},"_links":{"self":[{"href":"https:\/\/www.europesays.com\/fr\/wp-json\/wp\/v2\/posts\/62516","targetHints":{"allow":["GET"]}}],"collection":[{"href":"https:\/\/www.europesays.com\/fr\/wp-json\/wp\/v2\/posts"}],"about":[{"href":"https:\/\/www.europesays.com\/fr\/wp-json\/wp\/v2\/types\/post"}],"author":[{"embeddable":true,"href":"https:\/\/www.europesays.com\/fr\/wp-json\/wp\/v2\/users\/2"}],"replies":[{"embeddable":true,"href":"https:\/\/www.europesays.com\/fr\/wp-json\/wp\/v2\/comments?post=62516"}],"version-history":[{"count":0,"href":"https:\/\/www.europesays.com\/fr\/wp-json\/wp\/v2\/posts\/62516\/revisions"}],"wp:featuredmedia":[{"embeddable":true,"href":"https:\/\/www.europesays.com\/fr\/wp-json\/wp\/v2\/media\/62517"}],"wp:attachment":[{"href":"https:\/\/www.europesays.com\/fr\/wp-json\/wp\/v2\/media?parent=62516"}],"wp:term":[{"taxonomy":"category","embeddable":true,"href":"https:\/\/www.europesays.com\/fr\/wp-json\/wp\/v2\/categories?post=62516"},{"taxonomy":"post_tag","embeddable":true,"href":"https:\/\/www.europesays.com\/fr\/wp-json\/wp\/v2\/tags?post=62516"}],"curies":[{"name":"wp","href":"https:\/\/api.w.org\/{rel}","templated":true}]}}