{"id":625160,"date":"2025-12-27T11:52:14","date_gmt":"2025-12-27T11:52:14","guid":{"rendered":"https:\/\/www.europesays.com\/fr\/625160\/"},"modified":"2025-12-27T11:52:14","modified_gmt":"2025-12-27T11:52:14","slug":"la-voleuse-multirecidiviste-du-polygone-surprise-la-main-sur-le-sac","status":"publish","type":"post","link":"https:\/\/www.europesays.com\/fr\/625160\/","title":{"rendered":"la voleuse multir\u00e9cidiviste du Polygone surprise&#8230; la main sur le sac"},"content":{"rendered":"<p>                    Par<br \/>\n        <strong><br \/>\n            <a href=\"https:\/\/actu.fr\/auteur\/g-martin\" title=\"Consulter tous les articles de Gil Martin\" target=\"_blank\" rel=\"noopener\">Gil Martin<\/a><br \/>\n                    <\/strong><\/p>\n<p>        Publi\u00e9 le<\/p>\n<p>            27 d\u00e9c. 2025 \u00e0 10h54        <\/p>\n<p>Une <strong>dame de 47 ans<\/strong>, tr\u00e8s connue visiblement des Galeries Lafayette et surtout des agents de s\u00e9curit\u00e9 du <strong>Polygone<\/strong>, a \u00e9t\u00e9 surprise en <strong>flagrant d\u00e9lit de vol \u00e0 l\u2019\u00e9talage<\/strong> ce 24 d\u00e9cembre vers 15h au sein du centre commercial.<\/p>\n<p>Vol d\u2019un sac de 745 \u20ac<\/p>\n<p class=\" wall-content\">Ce mercredi de No\u00ebl, les vigiles sont imm\u00e9diatement sur le qui-vive lorsqu\u2019ils aper\u00e7oivent cette dame sortir de la FNAC. Elle n\u2019est pas une inconnue pour eux : la veille, le mardi 23 d\u00e9cembre, elle a \u00e9t\u00e9 intercept\u00e9e pour le vol d\u2019un sac en cuir de marque d\u2019une valeur de 745 \u20ac qu\u2019elle avait tent\u00e9 de dissimuler sous son \u00e9charpe\u2026 Elle avait \u00e9t\u00e9 identifi\u00e9e sur les vid\u00e9os.<\/p>\n<p>Pinces coupantes et ciseaux !<\/p>\n<p class=\" wall-content\">Et le 12 d\u00e9cembre, cette dame avait \u00e9galement \u00e9t\u00e9 intercept\u00e9e par les agents de s\u00e9curit\u00e9 pour le vol d\u2019un gilet de grande marque dans les Galeries Lafayette d\u2019une valeur de 275 \u20ac. Ce 24 d\u00e9cembre, les agents de s\u00e9curit\u00e9 du Polygone, reconnaissant la voleuse r\u00e9cidiviste, vont donc lui demander d\u2019ouvrir son sac o\u00f9 ils vont trouver\u2026 deux pinces coupantes et deux paires de ciseaux.<\/p>\n<p>    <a href=\"https:\/\/www.google.com\/maps\/embed?pb=!1m18!1m12!1m3!1d2888.907702896826!2d3.8826342756694077!3d43.60846332110431!2m3!1f0!2f0!3f0!3m2!1i1024!2i768!4f13.1!3m3!1m2!1s0x12b6afa0bfc4ab13%3A0x337ba43bf05c2300!2sGaleries%20Lafayette%20Montpellier!5e0!3m2!1sfr!2sfr!4v1766804807524!5m2!1sfr!2sfr\" title=\"Ouvrie le lien\" target=\"_blank\" rel=\"noopener\">Cliquez ici pour visualiser le contenu<\/a><\/p>\n<p>Une coque sous le legging<\/p>\n<p class=\" wall-content\">Les agents vont appeler la police pour la poursuite des investigations\u2026 et d\u00e9couvriront la coque d\u2019un t\u00e9l\u00e9phone portable cach\u00e9e dans un legging. Les Galeries Lafayette et la FNAC ont port\u00e9 plainte. La dame de 47 ans devra s\u2019expliquer devant la justice le 17 mars prochain.<\/p>\n<p class=\" wall-content\">Personnalisez votre actualit\u00e9 en ajoutant vos villes et m\u00e9dias en favori avec <a href=\"https:\/\/moncompte.actu.fr\" title=\"D\u00e9couvez Mon Actu\" rel=\"nofollow noopener\" data-trk=\"{&quot;cta&quot;:{&quot;action&quot;:&quot;https:\\\/\\\/moncompte.actu.fr&quot;,&quot;category&quot;:&quot;mon compte&quot;,&quot;from&quot;:&quot;article footer&quot;,&quot;name&quot;:&quot;Mon actu&quot;,&quot;type&quot;:&quot;cta&quot;}}\" target=\"_blank\">Mon Actu<\/a>.<\/p>\n","protected":false},"excerpt":{"rendered":"Par Gil Martin Publi\u00e9 le 27 d\u00e9c. 2025 \u00e0 10h54 Une dame de 47 ans, tr\u00e8s connue visiblement&hellip;\n","protected":false},"author":2,"featured_media":625161,"comment_status":"","ping_status":"","sticky":false,"template":"","format":"standard","meta":{"footnotes":""},"categories":[9599],"tags":[1111,11,1777,674,118,1011,27,2208,12,2680,25],"class_list":{"0":"post-625160","1":"post","2":"type-post","3":"status-publish","4":"format-standard","5":"has-post-thumbnail","7":"category-montpellier","8":"tag-actu","9":"tag-actualites","10":"tag-eu","11":"tag-europe","12":"tag-faits-divers","13":"tag-fr","14":"tag-france","15":"tag-montpellier","16":"tag-news","17":"tag-occitanie","18":"tag-republique-francaise"},"share_on_mastodon":{"url":"https:\/\/pubeurope.com\/@fr\/115791393144843934","error":""},"_links":{"self":[{"href":"https:\/\/www.europesays.com\/fr\/wp-json\/wp\/v2\/posts\/625160","targetHints":{"allow":["GET"]}}],"collection":[{"href":"https:\/\/www.europesays.com\/fr\/wp-json\/wp\/v2\/posts"}],"about":[{"href":"https:\/\/www.europesays.com\/fr\/wp-json\/wp\/v2\/types\/post"}],"author":[{"embeddable":true,"href":"https:\/\/www.europesays.com\/fr\/wp-json\/wp\/v2\/users\/2"}],"replies":[{"embeddable":true,"href":"https:\/\/www.europesays.com\/fr\/wp-json\/wp\/v2\/comments?post=625160"}],"version-history":[{"count":0,"href":"https:\/\/www.europesays.com\/fr\/wp-json\/wp\/v2\/posts\/625160\/revisions"}],"wp:featuredmedia":[{"embeddable":true,"href":"https:\/\/www.europesays.com\/fr\/wp-json\/wp\/v2\/media\/625161"}],"wp:attachment":[{"href":"https:\/\/www.europesays.com\/fr\/wp-json\/wp\/v2\/media?parent=625160"}],"wp:term":[{"taxonomy":"category","embeddable":true,"href":"https:\/\/www.europesays.com\/fr\/wp-json\/wp\/v2\/categories?post=625160"},{"taxonomy":"post_tag","embeddable":true,"href":"https:\/\/www.europesays.com\/fr\/wp-json\/wp\/v2\/tags?post=625160"}],"curies":[{"name":"wp","href":"https:\/\/api.w.org\/{rel}","templated":true}]}}